{"id":462577,"date":"2025-10-14T14:45:13","date_gmt":"2025-10-14T14:45:13","guid":{"rendered":"https:\/\/www.europesays.com\/fr\/462577\/"},"modified":"2025-10-14T14:45:13","modified_gmt":"2025-10-14T14:45:13","slug":"un-champion-de-france-veut-sauver-bordeaux","status":"publish","type":"post","link":"https:\/\/www.europesays.com\/fr\/462577\/","title":{"rendered":"Un champion de France veut sauver Bordeaux"},"content":{"rendered":"<p><strong>Marouane Chamakh pr\u00e9pare activement sa reconversion. L\u2019ancien buteur des Girondins de Bordeaux vise \u00e0 devenir entra\u00eeneur.<\/strong><\/p>\n<p>Ancienne gloire des <strong><a href=\"https:\/\/www.les-transferts.com\/club\/bordeaux\/\" rel=\"nofollow noopener\" target=\"_blank\">Girondins de Bordeaux<\/a><\/strong>, <strong>Marouane Chamakh<\/strong> entretient un lien ind\u00e9fectible avec le club au scapulaire. Bien que sa carri\u00e8re de joueur soit termin\u00e9e depuis 2016, l\u2019ancien attaquant garde en t\u00eate un objectif clair : entra\u00eener un jour son club de c\u0153ur.<\/p>\n<p>Une carri\u00e8re marqu\u00e9e par l\u2019excellence \u00e0 Bordeaux<\/p>\n<p>N\u00e9 \u00e0 Tonneins, dans le Lot-et-Garonne, Chamakh rejoint les Girondins d\u00e8s ses d\u00e9buts professionnels. Entre 2003 et 2010, il dispute <strong>301 matches sous le maillot bordelais<\/strong>, inscrivant <strong>74 buts<\/strong>. Sa r\u00e9gularit\u00e9 et son impact offensif en font rapidement un \u00e9l\u00e9ment incontournable du club.<\/p>\n<p>Son parcours en club est ponctu\u00e9 par des passages \u00e0 Arsenal, Crystal Palace et Cardiff, avant de mettre un terme \u00e0 sa carri\u00e8re professionnelle en 2016. Chamakh restera \u00e9galement dans les m\u00e9moires pour ses <strong>65 s\u00e9lections avec les Lions de l\u2019Atlas<\/strong>, o\u00f9 il inscrit 18 buts, affirmant son statut de pilier de la s\u00e9lection marocaine.<\/p>\n<p>Une reconversion en douceur vers le coaching<\/p>\n<p>Depuis sa retraite, Chamakh m\u00e8ne une vie plus discr\u00e8te au <strong>Maroc<\/strong>, tout en pr\u00e9parant activement son futur dans le football. Il suit actuellement sa formation pour obtenir le <strong>dipl\u00f4me B d\u2019entra\u00eeneur<\/strong>, et pr\u00e9voit de valider prochainement le <strong>dipl\u00f4me A<\/strong>, indispensable pour entra\u00eener en Ligue 1.<\/p>\n<p>Chamakh ne cache pas son attachement aux Girondins. Interrog\u00e9 sur un \u00e9ventuel retour en tant qu\u2019entra\u00eeneur, il a confi\u00e9 \u00e0 So Foot :<\/p>\n<blockquote class=\"wp-block-quote is-layout-flow wp-block-quote-is-layout-flow\">\n<p>\u00ab <strong>Ouais. C\u2019est ce qui va arriver de toute fa\u00e7on, dans le futur. Mon objectif \u00e9tait d\u2019entra\u00eener un jour les Girondins<\/strong>. \u00bb<\/p>\n<\/blockquote>\n<p>Cependant, il reste r\u00e9aliste et patient : \u00ab <strong>Bordeaux, c\u2019\u00e9tait un objectif, mais je vais les laisser se reconstruire d\u00e9j\u00e0<\/strong>. \u00bb Cette d\u00e9claration souligne son respect pour la situation actuelle du club et son d\u00e9sir de revenir au moment opportun, pr\u00eat \u00e0 contribuer pleinement \u00e0 un projet durable.<\/p>\n<p>Au-del\u00e0 de son objectif personnel, Chamakh incarne \u00e9galement un exemple pour les jeunes g\u00e9n\u00e9rations de footballeurs marocains et bordelais. Sa trajectoire, de joueur talentueux \u00e0 futur entra\u00eeneur dipl\u00f4m\u00e9, montre l\u2019importance de <strong>pr\u00e9parer sa reconversion<\/strong> tout en restant fid\u00e8le \u00e0 ses racines.<\/p>\n<p>Un passionn\u00e9 de football dont la seule crainte est de voir 3 d\u00e9fenseurs centraux dans les 11 !<\/p>\n","protected":false},"excerpt":{"rendered":"Marouane Chamakh pr\u00e9pare activement sa reconversion. L\u2019ancien buteur des Girondins de Bordeaux vise \u00e0 devenir entra\u00eeneur. Ancienne gloire&hellip;\n","protected":false},"author":2,"featured_media":462578,"comment_status":"","ping_status":"","sticky":false,"template":"","format":"standard","meta":{"footnotes":""},"categories":[2817],"tags":[1111,11,1997,1777,674,1011,27,12,2219,25],"class_list":{"0":"post-462577","1":"post","2":"type-post","3":"status-publish","4":"format-standard","5":"has-post-thumbnail","7":"category-bordeaux","8":"tag-actu","9":"tag-actualites","10":"tag-bordeaux","11":"tag-eu","12":"tag-europe","13":"tag-fr","14":"tag-france","15":"tag-news","16":"tag-nouvelle-aquitaine","17":"tag-republique-francaise"},"share_on_mastodon":{"url":"https:\/\/pubeurope.com\/@fr\/115373062514118302","error":""},"_links":{"self":[{"href":"https:\/\/www.europesays.com\/fr\/wp-json\/wp\/v2\/posts\/462577","targetHints":{"allow":["GET"]}}],"collection":[{"href":"https:\/\/www.europesays.com\/fr\/wp-json\/wp\/v2\/posts"}],"about":[{"href":"https:\/\/www.europesays.com\/fr\/wp-json\/wp\/v2\/types\/post"}],"author":[{"embeddable":true,"href":"https:\/\/www.europesays.com\/fr\/wp-json\/wp\/v2\/users\/2"}],"replies":[{"embeddable":true,"href":"https:\/\/www.europesays.com\/fr\/wp-json\/wp\/v2\/comments?post=462577"}],"version-history":[{"count":0,"href":"https:\/\/www.europesays.com\/fr\/wp-json\/wp\/v2\/posts\/462577\/revisions"}],"wp:featuredmedia":[{"embeddable":true,"href":"https:\/\/www.europesays.com\/fr\/wp-json\/wp\/v2\/media\/462578"}],"wp:attachment":[{"href":"https:\/\/www.europesays.com\/fr\/wp-json\/wp\/v2\/media?parent=462577"}],"wp:term":[{"taxonomy":"category","embeddable":true,"href":"https:\/\/www.europesays.com\/fr\/wp-json\/wp\/v2\/categories?post=462577"},{"taxonomy":"post_tag","embeddable":true,"href":"https:\/\/www.europesays.com\/fr\/wp-json\/wp\/v2\/tags?post=462577"}],"curies":[{"name":"wp","href":"https:\/\/api.w.org\/{rel}","templated":true}]}}