{"id":462586,"date":"2025-10-14T14:50:12","date_gmt":"2025-10-14T14:50:12","guid":{"rendered":"https:\/\/www.europesays.com\/fr\/462586\/"},"modified":"2025-10-14T14:50:12","modified_gmt":"2025-10-14T14:50:12","slug":"lart-contemporain-pour-tous-paris-cote-dazur","status":"publish","type":"post","link":"https:\/\/www.europesays.com\/fr\/462586\/","title":{"rendered":"L\u2019art contemporain pour tous\u2026 &#8211; Paris C\u00f4te d&rsquo;Azur"},"content":{"rendered":"<p style=\"text-align: center;\"><img decoding=\"async\" src=\"https:\/\/www.europesays.com\/fr\/wp-content\/uploads\/2025\/10\/8521-frac-arts.jpg\" title=\"\" alt=\"\"\/><\/p>\n<p>Les Fonds r\u00e9gionaux d\u2019art contemporain (Frac) organisent les 15 et 16 novembre la neuvi\u00e8me \u00e9dition du WEFRAC, un \u00e9v\u00e9nement national consacr\u00e9 \u00e0 la cr\u00e9ation contemporaine. C\u2019est l\u2019occasion pour chacun et chacune &#8211; passionn\u00e9s, curieux, familles, n\u00e9ophytes &#8211; de vivre l\u2019exp\u00e9rience de l\u2019art contemporain dans une ambiance conviviale et ouverte.<\/p>\n<p>Chaque Frac propose un programme accessible, festif et participatif, destin\u00e9 \u00e0 faire d\u00e9couvrir l\u2019art contemporain sous toutes ses formes\u00a0: expositions, visites guid\u00e9es et rencontres avec les artistes, ateliers pour petits et grands, performances, projections, conf\u00e9rences\u2026<\/p>\n<p>L\u2019\u00e9dition 2025 met particuli\u00e8rement en lumi\u00e8re l\u2019expertise des Frac en mati\u00e8re de diffusion de l\u2019art contemporain aupr\u00e8s de tous les publics, dans les villes, les villages, les quartiers, les \u00e9tablissements scolaires, les h\u00f4pitaux, les lieux de vie\u2026 Autant de missions port\u00e9es quotidiennement par les Frac en lien \u00e9troit avec les collectivit\u00e9s visant \u00e0 favoriser l\u2019impact de la culture comme vecteur de coh\u00e9sion, d\u2019innovation et de vitalit\u00e9 territoriale. Depuis 40 ans, les Frac illustrent la r\u00e9ussite d\u2019une politique culturelle co-construite entre l\u2019\u00c9tat et les R\u00e9gions.<\/p>\n<p>Le r\u00e9seau Platform publie \u00e0 cette occasion un document \u00e0 destination des \u00e9lus des collectivit\u00e9s locales qui pr\u00e9sente des exemples concrets de projets co-construits par les Frac et leurs partenaires. \u00c9lus municipaux, d\u00e9partementaux, r\u00e9gionaux ou intercommunaux sont ainsi invit\u00e9s \u00e0 explorer les actions men\u00e9es par les Frac dans leur r\u00e9gion, au plus pr\u00e8s des habitants et des r\u00e9alit\u00e9s locales. Parce que l\u2019art contemporain peut, partout, nourrir le lien social, l\u2019\u00e9ducation, le vivre-ensemble et l\u2019identit\u00e9 des territoires.<\/p>\n<ul>\n<li>Un \u00e9v\u00e8nement organis\u00e9 en partenariat avec le minist\u00e8re de la Culture, les R\u00e9gions de France, Culture Co, France Urbaine, l\u2019ADAGP et le pass Culture. Le programme complet sera disponible fin octobre 2025.<\/li>\n<\/ul>\n","protected":false},"excerpt":{"rendered":"Les Fonds r\u00e9gionaux d\u2019art contemporain (Frac) organisent les 15 et 16 novembre la neuvi\u00e8me \u00e9dition du WEFRAC, un&hellip;\n","protected":false},"author":2,"featured_media":462587,"comment_status":"","ping_status":"","sticky":false,"template":"","format":"standard","meta":{"footnotes":""},"categories":[2814],"tags":[1111,47,11,1777,674,1011,27,1110,1031,884,12,882,25],"class_list":{"0":"post-462586","1":"post","2":"type-post","3":"status-publish","4":"format-standard","5":"has-post-thumbnail","7":"category-marseille","8":"tag-actu","9":"tag-actualite","10":"tag-actualites","11":"tag-eu","12":"tag-europe","13":"tag-fr","14":"tag-france","15":"tag-informations","16":"tag-magazine","17":"tag-marseille","18":"tag-news","19":"tag-provence-alpes-cote-dazur","20":"tag-republique-francaise"},"share_on_mastodon":{"url":"https:\/\/pubeurope.com\/@fr\/115373083222170026","error":""},"_links":{"self":[{"href":"https:\/\/www.europesays.com\/fr\/wp-json\/wp\/v2\/posts\/462586","targetHints":{"allow":["GET"]}}],"collection":[{"href":"https:\/\/www.europesays.com\/fr\/wp-json\/wp\/v2\/posts"}],"about":[{"href":"https:\/\/www.europesays.com\/fr\/wp-json\/wp\/v2\/types\/post"}],"author":[{"embeddable":true,"href":"https:\/\/www.europesays.com\/fr\/wp-json\/wp\/v2\/users\/2"}],"replies":[{"embeddable":true,"href":"https:\/\/www.europesays.com\/fr\/wp-json\/wp\/v2\/comments?post=462586"}],"version-history":[{"count":0,"href":"https:\/\/www.europesays.com\/fr\/wp-json\/wp\/v2\/posts\/462586\/revisions"}],"wp:featuredmedia":[{"embeddable":true,"href":"https:\/\/www.europesays.com\/fr\/wp-json\/wp\/v2\/media\/462587"}],"wp:attachment":[{"href":"https:\/\/www.europesays.com\/fr\/wp-json\/wp\/v2\/media?parent=462586"}],"wp:term":[{"taxonomy":"category","embeddable":true,"href":"https:\/\/www.europesays.com\/fr\/wp-json\/wp\/v2\/categories?post=462586"},{"taxonomy":"post_tag","embeddable":true,"href":"https:\/\/www.europesays.com\/fr\/wp-json\/wp\/v2\/tags?post=462586"}],"curies":[{"name":"wp","href":"https:\/\/api.w.org\/{rel}","templated":true}]}}