{"id":462588,"date":"2025-10-14T14:51:12","date_gmt":"2025-10-14T14:51:12","guid":{"rendered":"https:\/\/www.europesays.com\/fr\/462588\/"},"modified":"2025-10-14T14:51:12","modified_gmt":"2025-10-14T14:51:12","slug":"trois-mises-en-examen-pour-le-meurtre-au-fusil-dassaut-a-la-belle-de-mai","status":"publish","type":"post","link":"https:\/\/www.europesays.com\/fr\/462588\/","title":{"rendered":"Trois mises en examen pour le meurtre au fusil d\u2019assaut \u00e0 la Belle-de-Mai"},"content":{"rendered":"<p>La sc\u00e8ne, pourtant tristement courante \u00e0 <a href=\"https:\/\/www.20minutes.fr\/marseille\/\" class=\"c-link c-link--is-underlined\" target=\"_blank\" rel=\"noopener\">Marseille<\/a>, avait laiss\u00e9 perplexe. Jeudi dernier, un homme de 38 ans \u00e9tait <a href=\"https:\/\/www.20minutes.fr\/faits_divers\/faits-divers-marseille\/4178211-20251009-marseille-homme-tue-balle-devant-salle-sport\" class=\"c-link c-link--is-underlined\" target=\"_blank\" rel=\"noopener\">abattu au fusil d\u2019assaut et en plein jour<\/a>, peu apr\u00e8s 11 heures du matin, devant une salle de sport du quartier de la Belle-de-Mai.<\/p>\n<p>Et l\u2019enqu\u00eate pour ce meurtre sur lequel plane l\u2019ombre du <a href=\"https:\/\/www.20minutes.fr\/dossier\/narcotrafiquants\" class=\"c-link c-link--is-underlined\" target=\"_blank\" rel=\"noopener\">narcotrafic <\/a>n\u2019a pas tra\u00een\u00e9. Trois jeunes suspects, \u00e2g\u00e9s de 18, 23 et 30 ans, interpell\u00e9s deux heures apr\u00e8s les faits, ont \u00e9t\u00e9 mis en examen ce mardi notamment du chef de meurtre en bande organis\u00e9e, indique le parquet de Marseille dans un communiqu\u00e9 de presse parvenu \u00e0 20 Minutes.<\/p>\n<\/p>\n<p>Deux d\u2019entre eux ont \u00e9t\u00e9 \u00e9crou\u00e9s, et le troisi\u00e8me plac\u00e9 sous contr\u00f4le judiciaire. La victime \u00e9tait connue pour des services de police et de justice pour braquage et extorsion, mais pas pour des activit\u00e9s autour du <a href=\"https:\/\/www.20minutes.fr\/dossier\/trafic_de_drogue\" class=\"c-link c-link--is-underlined\" target=\"_blank\" rel=\"noopener\">trafic de drogue<\/a>.<\/p>\n","protected":false},"excerpt":{"rendered":"La sc\u00e8ne, pourtant tristement courante \u00e0 Marseille, avait laiss\u00e9 perplexe. Jeudi dernier, un homme de 38 ans \u00e9tait&hellip;\n","protected":false},"author":2,"featured_media":462589,"comment_status":"","ping_status":"","sticky":false,"template":"","format":"standard","meta":{"footnotes":""},"categories":[2814],"tags":[1111,47,11,885,1777,674,118,7505,1011,27,884,777,813,12,883,882,33962,11681,25,887],"class_list":{"0":"post-462588","1":"post","2":"type-post","3":"status-publish","4":"format-standard","5":"has-post-thumbnail","7":"category-marseille","8":"tag-actu","9":"tag-actualite","10":"tag-actualites","11":"tag-bouches-du-rhone","12":"tag-eu","13":"tag-europe","14":"tag-faits-divers","15":"tag-faits-divers-marseille","16":"tag-fr","17":"tag-france","18":"tag-marseille","19":"tag-meurtre","20":"tag-narcotrafiquants","21":"tag-news","22":"tag-paca","23":"tag-provence-alpes-cote-dazur","24":"tag-quartiers-nord-de-marseille","25":"tag-reglement-de-comptes","26":"tag-republique-francaise","27":"tag-trafic-de-drogue"},"share_on_mastodon":{"url":"https:\/\/pubeurope.com\/@fr\/115373086113244380","error":""},"_links":{"self":[{"href":"https:\/\/www.europesays.com\/fr\/wp-json\/wp\/v2\/posts\/462588","targetHints":{"allow":["GET"]}}],"collection":[{"href":"https:\/\/www.europesays.com\/fr\/wp-json\/wp\/v2\/posts"}],"about":[{"href":"https:\/\/www.europesays.com\/fr\/wp-json\/wp\/v2\/types\/post"}],"author":[{"embeddable":true,"href":"https:\/\/www.europesays.com\/fr\/wp-json\/wp\/v2\/users\/2"}],"replies":[{"embeddable":true,"href":"https:\/\/www.europesays.com\/fr\/wp-json\/wp\/v2\/comments?post=462588"}],"version-history":[{"count":0,"href":"https:\/\/www.europesays.com\/fr\/wp-json\/wp\/v2\/posts\/462588\/revisions"}],"wp:featuredmedia":[{"embeddable":true,"href":"https:\/\/www.europesays.com\/fr\/wp-json\/wp\/v2\/media\/462589"}],"wp:attachment":[{"href":"https:\/\/www.europesays.com\/fr\/wp-json\/wp\/v2\/media?parent=462588"}],"wp:term":[{"taxonomy":"category","embeddable":true,"href":"https:\/\/www.europesays.com\/fr\/wp-json\/wp\/v2\/categories?post=462588"},{"taxonomy":"post_tag","embeddable":true,"href":"https:\/\/www.europesays.com\/fr\/wp-json\/wp\/v2\/tags?post=462588"}],"curies":[{"name":"wp","href":"https:\/\/api.w.org\/{rel}","templated":true}]}}