{"id":462590,"date":"2025-10-14T14:52:24","date_gmt":"2025-10-14T14:52:24","guid":{"rendered":"https:\/\/www.europesays.com\/fr\/462590\/"},"modified":"2025-10-14T14:52:24","modified_gmt":"2025-10-14T14:52:24","slug":"le-marron-pour-preparer-lautomne","status":"publish","type":"post","link":"https:\/\/www.europesays.com\/fr\/462590\/","title":{"rendered":"le marron pour pr\u00e9parer l\u2019automne"},"content":{"rendered":"<p itemprop=\"description\"><strong>C\u2019est la couleur du moment \u00e0 porter.<\/strong><\/p>\n<p>L\u2019automne s\u2019est install\u00e9 sur l\u2019agglom\u00e9ration lyonnaise amenant avec lui un changement de garde-robe en raison des temp\u00e9ratures plus basses. La r\u00e9daction de Lyon Femmes a s\u00e9lectionn\u00e9 pour vous les pi\u00e8ces du moment \u00e0 porter pour se pr\u00e9parer comme il se doit \u00e0 cette saison o\u00f9 la couleur marron sera \u00e0 l\u2019honneur.<\/p>\n<p><img loading=\"lazy\" decoding=\"async\" style=\"display: block; margin-left: auto; margin-right: auto;\" src=\"https:\/\/www.europesays.com\/fr\/wp-content\/uploads\/2025\/10\/pantalon-pinces-6273.jpg\" alt=\"\" width=\"300\" height=\"400\"\/><\/p>\n<p style=\"text-align: center;\"><strong>Pantalon \u00e0 pinces\u00a0<\/strong><br \/>Cache-cache<br \/>39,99 \u20ac<\/p>\n<p style=\"text-align: center;\"><img loading=\"lazy\" decoding=\"async\" src=\"https:\/\/www.europesays.com\/fr\/wp-content\/uploads\/2025\/10\/bottines-cowboy-48661.jpg\" alt=\"\" width=\"300\" height=\"450\"\/><\/p>\n<p style=\"text-align: center;\"><strong>Bottines cow-boy<\/strong><br \/>Zara<br \/>65,95 \u20ac<\/p>\n<p style=\"text-align: center;\"><img loading=\"lazy\" decoding=\"async\" src=\"https:\/\/www.europesays.com\/fr\/wp-content\/uploads\/2025\/10\/sac-cuir-17622.jpg\" alt=\"\" width=\"300\" height=\"386\"\/><\/p>\n<p style=\"text-align: center;\"><strong>Sac en cuir Leo<\/strong><br \/>O My Bag<br \/>279 \u20ac<br \/>Disponible chez We Dress Fair, Lyon 1<\/p>\n<p style=\"text-align: center;\"><img loading=\"lazy\" decoding=\"async\" src=\"https:\/\/www.europesays.com\/fr\/wp-content\/uploads\/2025\/10\/veste-iratz-1-34500.jpg\" alt=\"\" width=\"400\" height=\"533\"\/><\/p>\n<p style=\"text-align: center;\"><strong>Veste blazer<\/strong><br \/>Iratz<br \/>189 \u20ac<br \/>Disponible chez SKFK, Lyon 1<\/p>\n<p style=\"text-align: center;\"><img loading=\"lazy\" decoding=\"async\" src=\"https:\/\/www.europesays.com\/fr\/wp-content\/uploads\/2025\/10\/laguilia-66809.jpg\" alt=\"\" width=\"300\" height=\"400\"\/><\/p>\n<p style=\"text-align: center;\"><strong>Solaires La Guilia<\/strong><br \/>Jimmy Fairly<br \/>135 \u20ac<\/p>\n<p style=\"text-align: center;\"><img loading=\"lazy\" decoding=\"async\" src=\"https:\/\/www.europesays.com\/fr\/wp-content\/uploads\/2025\/10\/chemise-77655.jpg\" alt=\"\" width=\"300\" height=\"400\"\/><\/p>\n<p style=\"text-align: center;\"><strong>Chemise en flanelle<\/strong><br \/>Uniqlo<br \/>34,90 \u20ac<\/p>\n","protected":false},"excerpt":{"rendered":"C\u2019est la couleur du moment \u00e0 porter. L\u2019automne s\u2019est install\u00e9 sur l\u2019agglom\u00e9ration lyonnaise amenant avec lui un changement&hellip;\n","protected":false},"author":2,"featured_media":462591,"comment_status":"","ping_status":"","sticky":false,"template":"","format":"standard","meta":{"footnotes":""},"categories":[1889],"tags":[1111,11,2813,2190,2430,1109,251,1112,2811,1777,674,118,1294,4651,1011,27,1922,1110,1114,2428,4903,4902,12,241,316,25,2812,517,800],"class_list":{"0":"post-462590","1":"post","2":"type-post","3":"status-publish","4":"format-standard","5":"has-post-thumbnail","7":"category-lyon","8":"tag-actu","9":"tag-actualites","10":"tag-article","11":"tag-asvel","12":"tag-auvergne-rhone-alpes","13":"tag-breves","14":"tag-culture","15":"tag-depeches","16":"tag-economique","17":"tag-eu","18":"tag-europe","19":"tag-faits-divers","20":"tag-femme","21":"tag-femmes","22":"tag-fr","23":"tag-france","24":"tag-info","25":"tag-informations","26":"tag-infos","27":"tag-lyon","28":"tag-lyonfemme","29":"tag-lyonfemmes","30":"tag-news","31":"tag-ol","32":"tag-politique","33":"tag-republique-francaise","34":"tag-sociale","35":"tag-sport","36":"tag-transports"},"share_on_mastodon":{"url":"https:\/\/pubeurope.com\/@fr\/115373090580273754","error":""},"_links":{"self":[{"href":"https:\/\/www.europesays.com\/fr\/wp-json\/wp\/v2\/posts\/462590","targetHints":{"allow":["GET"]}}],"collection":[{"href":"https:\/\/www.europesays.com\/fr\/wp-json\/wp\/v2\/posts"}],"about":[{"href":"https:\/\/www.europesays.com\/fr\/wp-json\/wp\/v2\/types\/post"}],"author":[{"embeddable":true,"href":"https:\/\/www.europesays.com\/fr\/wp-json\/wp\/v2\/users\/2"}],"replies":[{"embeddable":true,"href":"https:\/\/www.europesays.com\/fr\/wp-json\/wp\/v2\/comments?post=462590"}],"version-history":[{"count":0,"href":"https:\/\/www.europesays.com\/fr\/wp-json\/wp\/v2\/posts\/462590\/revisions"}],"wp:featuredmedia":[{"embeddable":true,"href":"https:\/\/www.europesays.com\/fr\/wp-json\/wp\/v2\/media\/462591"}],"wp:attachment":[{"href":"https:\/\/www.europesays.com\/fr\/wp-json\/wp\/v2\/media?parent=462590"}],"wp:term":[{"taxonomy":"category","embeddable":true,"href":"https:\/\/www.europesays.com\/fr\/wp-json\/wp\/v2\/categories?post=462590"},{"taxonomy":"post_tag","embeddable":true,"href":"https:\/\/www.europesays.com\/fr\/wp-json\/wp\/v2\/tags?post=462590"}],"curies":[{"name":"wp","href":"https:\/\/api.w.org\/{rel}","templated":true}]}}