{"id":462607,"date":"2025-10-14T15:02:15","date_gmt":"2025-10-14T15:02:15","guid":{"rendered":"https:\/\/www.europesays.com\/fr\/462607\/"},"modified":"2025-10-14T15:02:15","modified_gmt":"2025-10-14T15:02:15","slug":"les-medias-refusent-de-se-soumettre-aux-regles-du-pentagone","status":"publish","type":"post","link":"https:\/\/www.europesays.com\/fr\/462607\/","title":{"rendered":"Les m\u00e9dias refusent de se soumettre aux r\u00e8gles du Pentagone"},"content":{"rendered":"\n<p>Fait rare dans le paysage m\u00e9diatique am\u00e9ricain\u00a0: ce mardi 14\u00a0octobre, des organes de presse et cha\u00eenes t\u00e9l\u00e9vis\u00e9es de tous bords politiques ont annonc\u00e9, quasi unanimement, leur opposition \u00e0 la nouvelle politique du minist\u00e8re de la D\u00e9fense am\u00e9ricain. Celui-ci voudrait leur imposer de s\u2019engager \u00e0 ne pas obtenir et publier d\u2019informations non autoris\u00e9es, et restreindre leur acc\u00e8s \u00e0 certaines zones du Pentagone. Officiellement, tout repr\u00e9sentant des m\u00e9dias qui n\u2019aurait pas sign\u00e9 le document ce mardi avant 17\u00a0heures aura vingt-quatre\u00a0heures pour rendre son accr\u00e9ditation et quitter les locaux du Pentagone.<\/p>\n<p>Parmi les opposants \u00e0 ces mesures, The Washington Post, The New York Times, mais aussi The Atlantic, The Wall Street Journal, la radio nationale NPR, l\u2019agence de presse Reuters ou encore The Guardian, <a class=\"ithalc\" data-ithal=\"lien_externe\" data-ithalc=\"[nav_article]\" target=\"_blank\" href=\"https:\/\/www.nytimes.com\/2025\/10\/13\/business\/pentagon-restrictions-news-outlets.html\" rel=\"noopener\">\u00e9num\u00e8re <strong>The New York Times<\/strong><\/a><strong>.<\/strong> Les publications sp\u00e9cialis\u00e9es Task &amp; Purpose et Breaking Defense sont \u00e9galement concern\u00e9es, et m\u00eame des m\u00e9dias traditionnellement acquis au gouvernement du pr\u00e9sident am\u00e9ricain Donald Trump, \u00e0 l\u2019instar de la cha\u00eene Newsmax.<\/p>\n<p>               Une opposition transpartisane       <\/p>\n<p>\u201cNous nous opposons fondamentalement aux restrictions que le gouvernement Trump impose aux journalistes qui couvrent les questions de d\u00e9fense et de s\u00e9curit\u00e9 nationale\u201d, a annonc\u00e9 Jeffrey Goldberg, directeur de la r\u00e9daction de The Atlantic, lundi. Comme Matt Murray, le directeur de la r\u00e9daction du Washington Post, il estime que <a class=\"ithalc\" data-ithal=\"lien_externe\" data-ithalc=\"[nav_article]\" target=\"_blank\" href=\"https:\/\/www.washingtonpost.com\/business\/2025\/10\/13\/prominent-media-reject-new-pentagon-rules-before-signing-deadline\/\" rel=\"noopener\">les restrictions pr\u00e9vues sont contraires au premier amendement de la Constitution am\u00e9ricaine<\/a>, qui prot\u00e8ge la libert\u00e9 de la presse.<\/p>\n<p>Pour Richard Stevenson, chef du bureau du New York Times<strong> <\/strong>\u00e0 Washington, cette politique \u201climite la mani\u00e8re dont les journalistes peuvent rendre compte de l\u2019arm\u00e9e am\u00e9ricaine, qui est financ\u00e9e \u00e0 hauteur de pr\u00e8s de 1\u00a0000\u00a0milliards de dollars par an par les contribuables\u201d. Or, selon lui, \u201cle public a le droit de savoir comment fonctionnent l\u2019\u00c9tat f\u00e9d\u00e9ral et l\u2019arm\u00e9e\u201d, <a class=\"ithalc\" data-ithal=\"lien_externe\" data-ithalc=\"[nav_article]\" target=\"_blank\" href=\"https:\/\/www.washingtonpost.com\/business\/2025\/10\/13\/prominent-media-reject-new-pentagon-rules-before-signing-deadline\/\" rel=\"noopener\">rapporte <strong>The Washington Post<\/strong><\/a><strong>.<\/strong><\/p>\n<p>M\u00eame son de cloche du c\u00f4t\u00e9 de CNN. La cha\u00eene annonce d\u2019ailleurs que m\u00eame \u201c<a class=\"ithalc\" data-ithal=\"lien_externe\" data-ithalc=\"[nav_article]\" target=\"_blank\" href=\"https:\/\/edition.cnn.com\/2025\/10\/13\/media\/pentagon-hegseth-press-restrictions-newsmax-atlantic\" rel=\"noopener\">le m\u00e9dia Maga (Make America great again) Newsmax refuse de signer <\/a>les r\u00e8gles d\u2019acc\u00e8s \u00e0 la presse\u201d d\u00e9finies par le Pentagone. Fin septembre, Jonathan Turley, collaborateur de la cha\u00eene Fox News, r\u00e9put\u00e9e pour sa proximit\u00e9 id\u00e9ologique avec Donald Trump, avait d\u00e9j\u00e0 <a class=\"ithalc\" data-ithal=\"lien_externe\" data-ithalc=\"[nav_article]\" target=\"_blank\" href=\"https:\/\/www.foxnews.com\/media\/pentagons-new-press-rules-may-bridge-too-far-turley-warns\" rel=\"noopener\">mis en garde contre les potentielles cons\u00e9quences \u201cd\u00e9vastatrices\u201d<\/a> de cette mesure pour les journalistes accr\u00e9dit\u00e9s aupr\u00e8s du Pentagone.<\/p>\n<p>               La crainte d\u2019une presse musel\u00e9e       <\/p>\n<p>Et pour cause\u00a0: s\u2019il entre en vigueur, ce document emp\u00eachera les journalistes d\u2019exercer librement leur profession\u00a0: des sanctions sont pr\u00e9vues pour ceux qui divulgueraient des informations sans autorisation pr\u00e9alable du Pentagone.<\/p>\n<p>Ces restrictions controvers\u00e9es s\u2019inscrivent dans une vaste offensive contre les m\u00e9dias, <a class=\"ithalc\" data-ithal=\"lien_externe\" data-ithalc=\"[nav_article]\" target=\"_blank\" href=\"https:\/\/www.theguardian.com\/us-news\/2025\/sep\/20\/pentagon-journalists-restrictions-pledge\" rel=\"noopener\">rappelle <strong>The Guardian<\/strong><\/a><strong>.<\/strong> Fin septembre, Trump avait \u00e9mis le souhait de sanctionner des cha\u00eenes de t\u00e9l\u00e9vision pour leur \u201ccouverture n\u00e9gative\u201d\u00a0: \u201c97\u00a0% [des grandes cha\u00eenes am\u00e9ricaines] sont contre moi\u201d, avait-il d\u00e9plor\u00e9.<\/p>\n<p>Pour l\u2019heure, malgr\u00e9 la vague d\u2019opposition, le Pentagone ne s\u2019est pas exprim\u00e9 sur un possible retrait des restrictions.<\/p>\n","protected":false},"excerpt":{"rendered":"Fait rare dans le paysage m\u00e9diatique am\u00e9ricain\u00a0: ce mardi 14\u00a0octobre, des organes de presse et cha\u00eenes t\u00e9l\u00e9vis\u00e9es de&hellip;\n","protected":false},"author":2,"featured_media":462608,"comment_status":"","ping_status":"","sticky":false,"template":"","format":"standard","meta":{"footnotes":""},"categories":[1589],"tags":[11,3822,75,73,1866,2533,12,316,770,1864,1865,1863,308],"class_list":{"0":"post-462607","1":"post","2":"type-post","3":"status-publish","4":"format-standard","5":"has-post-thumbnail","7":"category-etats-unis","8":"tag-actualites","9":"tag-amu00e9riques","10":"tag-donald-trump","11":"tag-etats-unis","12":"tag-etats-unis-damerique","13":"tag-mu00e9dias","14":"tag-news","15":"tag-politique","16":"tag-u00e9tats-unis","17":"tag-united-states","18":"tag-united-states-of-america","19":"tag-us","20":"tag-usa"},"share_on_mastodon":{"url":"https:\/\/pubeurope.com\/@fr\/115373129589829643","error":""},"_links":{"self":[{"href":"https:\/\/www.europesays.com\/fr\/wp-json\/wp\/v2\/posts\/462607","targetHints":{"allow":["GET"]}}],"collection":[{"href":"https:\/\/www.europesays.com\/fr\/wp-json\/wp\/v2\/posts"}],"about":[{"href":"https:\/\/www.europesays.com\/fr\/wp-json\/wp\/v2\/types\/post"}],"author":[{"embeddable":true,"href":"https:\/\/www.europesays.com\/fr\/wp-json\/wp\/v2\/users\/2"}],"replies":[{"embeddable":true,"href":"https:\/\/www.europesays.com\/fr\/wp-json\/wp\/v2\/comments?post=462607"}],"version-history":[{"count":0,"href":"https:\/\/www.europesays.com\/fr\/wp-json\/wp\/v2\/posts\/462607\/revisions"}],"wp:featuredmedia":[{"embeddable":true,"href":"https:\/\/www.europesays.com\/fr\/wp-json\/wp\/v2\/media\/462608"}],"wp:attachment":[{"href":"https:\/\/www.europesays.com\/fr\/wp-json\/wp\/v2\/media?parent=462607"}],"wp:term":[{"taxonomy":"category","embeddable":true,"href":"https:\/\/www.europesays.com\/fr\/wp-json\/wp\/v2\/categories?post=462607"},{"taxonomy":"post_tag","embeddable":true,"href":"https:\/\/www.europesays.com\/fr\/wp-json\/wp\/v2\/tags?post=462607"}],"curies":[{"name":"wp","href":"https:\/\/api.w.org\/{rel}","templated":true}]}}