{"id":462618,"date":"2025-10-14T15:08:10","date_gmt":"2025-10-14T15:08:10","guid":{"rendered":"https:\/\/www.europesays.com\/fr\/462618\/"},"modified":"2025-10-14T15:08:10","modified_gmt":"2025-10-14T15:08:10","slug":"lea-salame-et-la-chaine-sexcusent","status":"publish","type":"post","link":"https:\/\/www.europesays.com\/fr\/462618\/","title":{"rendered":"L\u00e9a Salam\u00e9 et la cha\u00eene s&rsquo;excusent"},"content":{"rendered":"<p>Une grossi\u00e8re erreur&#8230; \u00e0 deux reprises ! France T\u00e9l\u00e9visions a pr\u00e9sent\u00e9 ses excuses ce lundi soir sur les r\u00e9seaux, aux alentours de 23h40, apr\u00e8s une confusion dans son JT de 20 heures sur le sujet sensible d&rsquo;un attentat terroriste.<\/p>\n<p>L\u00e9a Salam\u00e9 commentait un l\u00e2cher de ballons \u00e0 Arras, ville du Pas-de-Calais o\u00f9 il y a deux ans, le 13 octobre 2023, <strong><a href=\"https:\/\/www.laprovence.com\/article\/actualites\/10399291781310\/il-a-sans-doute-sauve-plusieurs-vies-qui-etait-dominique-bernard-le-professeur-tue-a-arras\" target=\"_blank\" rel=\"nofollow noopener\">Dominique Bernard, professeur en lettres modernes<\/a>, \u00e9tait tu\u00e9 dans un attentat<\/strong> perp\u00e9tr\u00e9 par un \u00e9l\u00e8ve radicalis\u00e9.<\/p>\n<p>La r\u00e9daction de France T\u00e9l\u00e9visions pr\u00e9sente ses excuses<\/p>\n<p>Sauf que voil\u00e0, dans sa pr\u00e9sentation, la journaliste va se tromper sur la mort du professeur. L\u00e9a Salam\u00e9 explique qu&rsquo;il s&rsquo;agit d&rsquo;un hommage \u00e0 ce professeur \u00ab\u00a0assassin\u00e9 par un \u00e9l\u00e8ve radicalis\u00e9 apr\u00e8s avoir montr\u00e9 des caricatures de Charlie Hebdo\u00a0\u00bb. Sauf que voil\u00e0, Dominique Bernard a bien \u00e9t\u00e9 tu\u00e9 dans une attaque terroriste mais pas dans ces conditions. Le professeur a \u00e9t\u00e9 tu\u00e9 alors qu&rsquo;il tentait de s&rsquo;interposer entre l&rsquo;assaillant et des \u00e9l\u00e8ves.<\/p>\n<p>Il s&rsquo;agit en r\u00e9alit\u00e9 d&rsquo;une <a href=\"https:\/\/www.laprovence.com\/article\/societe\/3869430623630214\/assassinat-de-samuel-paty-le-college-de-lenseignant-prend-son-nom\" target=\"_blank\" rel=\"nofollow noopener\">confusion avec <strong>l&rsquo;assassinat de Samuel Paty<\/strong><\/a>. Ce professeur, cette fois \u00e0 Conflans-Sainte-Honorine pr\u00e8s de Paris, avait \u00e9t\u00e9 tu\u00e9 dans un attentat terroriste le 16 octobre 2020. Il avait montr\u00e9 quelques jours avant des caricatures de Mahomet extraites du journal Charlie Hebdo.<\/p>\n<p>\u00ab\u00a0En rendant hommage au professeur Dominique Bernard assassin\u00e9 il y a deux ans, la r\u00e9daction de France T\u00e9l\u00e9visions, dans ses journaux, \u00e0 13h comme \u00e0 20h, a commis une erreur. Il n&rsquo;a pas \u00e9t\u00e9, contrairement au professeur Samuel Paty, assassin\u00e9 pour avoir pr\u00e9sent\u00e9 des caricatures de Mahomet \u00e0 ses \u00e9l\u00e8ves. La r\u00e9daction de France T\u00e9l\u00e9visions pr\u00e9sente ses excuses \u00e0 la famille de Dominique Bernard et \u00e0 ses t\u00e9l\u00e9spectateurs\u00a0\u00bb, \u00e9crit la cha\u00eene sur X.<\/p>\n<p>\u00ab\u00a0Nous sommes outr\u00e9s, en col\u00e8re, d\u00e9go\u00fbt\u00e9s\u00a0\u00bb<\/p>\n<p>Une erreur aux 20 heures qui est en effet une r\u00e9p\u00e9tition. Julian Bugier, \u00e0 la mi-journ\u00e9e, avait lu sensiblement le m\u00eame texte que L\u00e9a Salam\u00e9 avec la m\u00eame confusion. Plusieurs t\u00e9l\u00e9spectateurs se sont offusqu\u00e9s de l&rsquo;erreur et notamment le compte \u00ab\u00a0X\u00a0\u00bb des Stylos rouges qui se pr\u00e9sente comme \u00ab\u00a0un collectif visant \u00e0 faire entendre les revendications des personnels de terrain de l&rsquo;\u00e9ducation nationale\u00a0\u00bb : \u00ab\u00a0Quel m\u00e9pris pour leurs familles ! L\u00e9a Salam\u00e9 vous n&rsquo;\u00eates pas digne de rendre hommage \u00e0 nos coll\u00e8gues. Confondre les raisons de l&rsquo;assassinat de nos deux coll\u00e8gues est une honte, nous sommes outr\u00e9s, en col\u00e8re, d\u00e9go\u00fbt\u00e9s.\u00a0\u00bb<\/p>\n<p>Plusieurs t\u00e9l\u00e9spectateurs ont \u00e9galement point\u00e9 du doigt l&rsquo;absence de r\u00e9ponse de la journaliste. L\u00e9a Salam\u00e9 a finalement pr\u00e9sent\u00e9 ses excuses ce mardi matin. \u00ab\u00a0Une erreur a \u00e9t\u00e9 commise hier \u00e0 13h et reprise \u00e0 20h lors de notre hommage \u00e0 Dominique Bernard. Il n&rsquo;a pas \u00e9t\u00e9 assassin\u00e9 apr\u00e8s avoir montr\u00e9 des caricatures. Nous pr\u00e9sentons, au nom de France T\u00e9l\u00e9visions, nos excuses \u00e0 la famille. Un erratum sera fait \u00e0 l&rsquo;antenne, \u00e0 13h et \u00e0 20h\u00a0\u00bb<\/p>\n<p><a href=\"https:\/\/www.laprovence.com\/article\/france-monde\/3977712038031\/rentree-tele-4-millions-de-telespectateurs-pour-salame-jusqua-1-5-million-pour-hanouna\" target=\"_blank\" rel=\"nofollow noopener\">Depuis sa prise de fonction dans le fauteuil du 20 heures de France 2<\/a>, le moindre geste de la journaliste est scrut\u00e9. L\u00e9a Salam\u00e9 avait \u00e9tait s\u00e8chement remball\u00e9 par l&rsquo;actrice Marion Cotillard lorsque cette derni\u00e8re s&rsquo;\u00e9tait tromp\u00e9e sur la prochaine date de sortie d&rsquo;un film et avait ensuite \u00e9voqu\u00e9 sa vie priv\u00e9e, en l&rsquo;occurrence sa s\u00e9paration avec Guillaume Canet.<\/p>\n","protected":false},"excerpt":{"rendered":"Une grossi\u00e8re erreur&#8230; \u00e0 deux reprises ! France T\u00e9l\u00e9visions a pr\u00e9sent\u00e9 ses excuses ce lundi soir sur les&hellip;\n","protected":false},"author":2,"featured_media":462619,"comment_status":"","ping_status":"","sticky":false,"template":"","format":"standard","meta":{"footnotes":""},"categories":[2],"tags":[17,11,1007,11475,1102,251,7908,12444,1011,27,18,12,25,3356],"class_list":{"0":"post-462618","1":"post","2":"type-post","3":"status-publish","4":"format-standard","5":"has-post-thumbnail","7":"category-actualites","8":"tag-17","9":"tag-actualites","10":"tag-aux","11":"tag-bernard","12":"tag-breakingnews","13":"tag-culture","14":"tag-dominique","15":"tag-erreur","16":"tag-fr","17":"tag-france","18":"tag-mort","19":"tag-news","20":"tag-republique-francaise","21":"tag-sur"},"share_on_mastodon":{"url":"https:\/\/pubeurope.com\/@fr\/115373152906534399","error":""},"_links":{"self":[{"href":"https:\/\/www.europesays.com\/fr\/wp-json\/wp\/v2\/posts\/462618","targetHints":{"allow":["GET"]}}],"collection":[{"href":"https:\/\/www.europesays.com\/fr\/wp-json\/wp\/v2\/posts"}],"about":[{"href":"https:\/\/www.europesays.com\/fr\/wp-json\/wp\/v2\/types\/post"}],"author":[{"embeddable":true,"href":"https:\/\/www.europesays.com\/fr\/wp-json\/wp\/v2\/users\/2"}],"replies":[{"embeddable":true,"href":"https:\/\/www.europesays.com\/fr\/wp-json\/wp\/v2\/comments?post=462618"}],"version-history":[{"count":0,"href":"https:\/\/www.europesays.com\/fr\/wp-json\/wp\/v2\/posts\/462618\/revisions"}],"wp:featuredmedia":[{"embeddable":true,"href":"https:\/\/www.europesays.com\/fr\/wp-json\/wp\/v2\/media\/462619"}],"wp:attachment":[{"href":"https:\/\/www.europesays.com\/fr\/wp-json\/wp\/v2\/media?parent=462618"}],"wp:term":[{"taxonomy":"category","embeddable":true,"href":"https:\/\/www.europesays.com\/fr\/wp-json\/wp\/v2\/categories?post=462618"},{"taxonomy":"post_tag","embeddable":true,"href":"https:\/\/www.europesays.com\/fr\/wp-json\/wp\/v2\/tags?post=462618"}],"curies":[{"name":"wp","href":"https:\/\/api.w.org\/{rel}","templated":true}]}}