{"id":462628,"date":"2025-10-14T15:15:15","date_gmt":"2025-10-14T15:15:15","guid":{"rendered":"https:\/\/www.europesays.com\/fr\/462628\/"},"modified":"2025-10-14T15:15:15","modified_gmt":"2025-10-14T15:15:15","slug":"le-calendrier-provisoire-de-la-red-bull-rookies-cup-pour-2026","status":"publish","type":"post","link":"https:\/\/www.europesays.com\/fr\/462628\/","title":{"rendered":"Le calendrier provisoire de la Red Bull Rookies Cup pour 2026"},"content":{"rendered":"<p>&#13;<\/p>\n<p><strong>La Red Bull FIM MotoGP Rookies Cup f\u00eatera sa 20\u1d49 \u00e9dition en 2026 avec un programme de 14 courses r\u00e9parties sur 7 rendez-vous europ\u00e9ens.<\/strong><\/p>\n<p>Comme le veut la tradition, la saison d\u00e9butera \u00e0 <strong>Jerez<\/strong> d\u00e9but avril, avant de s\u2019achever \u00e0 Spielberg en septembre.<\/p>\n<p>Calendrier provisoire<\/p>\n<ul>\n<li><strong>Test officiel<\/strong> : 8-10 avril, Jerez (Espagne)<\/li>\n<li><strong>Round 1-2<\/strong> : 23-26 avril, Jerez (Espagne)<\/li>\n<li><strong>Round 3-4<\/strong> : 7-10 mai, Le Mans (France)<\/li>\n<li><strong>Round 5-6<\/strong> : 28-31 mai, Mugello (Italie)<\/li>\n<li><strong>Round 7-8<\/strong> : 25-28 juin, Assen (Pays-Bas)<\/li>\n<li><strong>Round 9-10<\/strong> : 9-12 juillet, Sachsenring (Allemagne)<\/li>\n<li><strong>Round 11-12<\/strong> : 10-13 septembre, Misano (Italie)<\/li>\n<li><strong>Round 13-14<\/strong> : 17-20 septembre, Spielberg (Autriche)<\/li>\n<\/ul>\n<p>Les s\u00e9lection pour 2026 ont eu lieu le semaine derni\u00e8re parmi plus de 100 pilotes. Aucun pilotes fran\u00e7ais ou belges n&rsquo;a malheureusement \u00e9t\u00e9 choisis. Voici les huit pilotes qui rejoindront la grille : <\/p>\n<p>Travis Borg (Malte)<br \/>Fernando Bujosa (Espagne)<br \/>Afonso Almeida (Portugal)<br \/>Cristian Borrelli (Italie)<br \/>Carlos Cano (Espagne)<br \/>Mateo Marulanda (Colombie)<br \/>Tibor Varga (Hongrie)<br \/>Archie Schmidt (Australie)<\/p>\n<p>&#13;<br \/>\n           &#13;<br \/>\n&#13;<br \/>\n    &#13;<br \/>\n    &#13;<\/p>\n","protected":false},"excerpt":{"rendered":"&#13; La Red Bull FIM MotoGP Rookies Cup f\u00eatera sa 20\u1d49 \u00e9dition en 2026 avec un programme de&hellip;\n","protected":false},"author":2,"featured_media":462629,"comment_status":"","ping_status":"","sticky":false,"template":"","format":"standard","meta":{"footnotes":""},"categories":[1413],"tags":[1011,27,1457,1456,60],"class_list":{"0":"post-462628","1":"post","2":"type-post","3":"status-publish","4":"format-standard","5":"has-post-thumbnail","7":"category-moto","8":"tag-fr","9":"tag-france","10":"tag-moto","11":"tag-motocycle","12":"tag-sports"},"share_on_mastodon":{"url":"https:\/\/pubeurope.com\/@fr\/115373180465339576","error":""},"_links":{"self":[{"href":"https:\/\/www.europesays.com\/fr\/wp-json\/wp\/v2\/posts\/462628","targetHints":{"allow":["GET"]}}],"collection":[{"href":"https:\/\/www.europesays.com\/fr\/wp-json\/wp\/v2\/posts"}],"about":[{"href":"https:\/\/www.europesays.com\/fr\/wp-json\/wp\/v2\/types\/post"}],"author":[{"embeddable":true,"href":"https:\/\/www.europesays.com\/fr\/wp-json\/wp\/v2\/users\/2"}],"replies":[{"embeddable":true,"href":"https:\/\/www.europesays.com\/fr\/wp-json\/wp\/v2\/comments?post=462628"}],"version-history":[{"count":0,"href":"https:\/\/www.europesays.com\/fr\/wp-json\/wp\/v2\/posts\/462628\/revisions"}],"wp:featuredmedia":[{"embeddable":true,"href":"https:\/\/www.europesays.com\/fr\/wp-json\/wp\/v2\/media\/462629"}],"wp:attachment":[{"href":"https:\/\/www.europesays.com\/fr\/wp-json\/wp\/v2\/media?parent=462628"}],"wp:term":[{"taxonomy":"category","embeddable":true,"href":"https:\/\/www.europesays.com\/fr\/wp-json\/wp\/v2\/categories?post=462628"},{"taxonomy":"post_tag","embeddable":true,"href":"https:\/\/www.europesays.com\/fr\/wp-json\/wp\/v2\/tags?post=462628"}],"curies":[{"name":"wp","href":"https:\/\/api.w.org\/{rel}","templated":true}]}}