{"id":462632,"date":"2025-10-14T15:17:10","date_gmt":"2025-10-14T15:17:10","guid":{"rendered":"https:\/\/www.europesays.com\/fr\/462632\/"},"modified":"2025-10-14T15:17:10","modified_gmt":"2025-10-14T15:17:10","slug":"une-septieme-arrivee-au-top-16-actualite","status":"publish","type":"post","link":"https:\/\/www.europesays.com\/fr\/462632\/","title":{"rendered":"Une septi\u00e8me arriv\u00e9e au Top 16 &#8211; Actualit\u00e9"},"content":{"rendered":"<p style=\"text-align: justify;\">Le Top 16 compte une septi\u00e8me recrue pour la saison 2026. La structure charentaise a en effet recrut\u00e9 Enzo Gane, qui \u00e9voluait cette ann\u00e9e au Team Corr\u00e8ze-Suchet-Nouvelle Aquitaine.<\/p>\n<p>Cette saison, Enzo Gane a remport\u00e9 les Boucles du Lot et la Ronde de la C\u00f4le.<\/p>\n<p>Le coureur de 20 ans s\u2019est aussi class\u00e9 4e du Grand Prix d&rsquo;Oradour-sur-Vayres et du Grand Prix de Ruelle-sur-Touvre, 5e d\u2019une \u00e9tape des Boucles de la Charente-Maritime et du Prix du quartier Saint-Georges \u00e0 P\u00e9rigueux, 6e du Championnat de Nouvelle-Aquitaine, 7e de la Polysostranienne, 12e du Tour des Landes, 14e du Circuit Boussaquin et d\u2019une manche du Circuit des Plages Vend\u00e9ennes.<\/p>\n<p>Pour rappel, le Top 16\u00a0va devenir\u00a0<strong><a href=\"https:\/\/www.directvelo.com\/actualite\/121968\/nouveau-partenaire-nouvelles-ambitions-pour-le-top-16\" target=\"_blank\" rel=\"noopener\">E. Leclerc Ruffec Top 16<\/a><\/strong>\u00a0en 2026.<\/p>\n<p>Retrouvez<strong>\u00a0<\/strong>toutes les mutations de l&rsquo;intersaison 2025-2026<strong>\u00a0<strong><a href=\"https:\/\/www.directvelo.com\/mutations\/2026#teams-pro\" target=\"_blank\" rel=\"noopener\">en cliquant ici<\/a><\/strong><\/strong>.<\/p>\n","protected":false},"excerpt":{"rendered":"Le Top 16 compte une septi\u00e8me recrue pour la saison 2026. La structure charentaise a en effet recrut\u00e9&hellip;\n","protected":false},"author":2,"featured_media":462633,"comment_status":"","ping_status":"","sticky":false,"template":"","format":"standard","meta":{"footnotes":""},"categories":[1411],"tags":[834,828,836,829,837,827,83,826,824,823,1154,207,814,817,815,816,822,821,832,211,839,1011,27,820,818,819,835,831,830,833,838,60,212,208,825],"class_list":{"0":"post-462632","1":"post","2":"type-post","3":"status-publish","4":"format-standard","5":"has-post-thumbnail","7":"category-cyclisme","8":"tag-attaque","9":"tag-belgique","10":"tag-braquet","11":"tag-bretagne","12":"tag-chute","13":"tag-competition","14":"tag-coupe-de-france","15":"tag-coureur","16":"tag-course-cyclisme","17":"tag-course-cycliste","18":"tag-cycling","19":"tag-cyclisme","20":"tag-direct","21":"tag-direct-velo","22":"tag-directvelo","23":"tag-directvelo-com","24":"tag-epreuve","25":"tag-epreuve-cycliste","26":"tag-federation-francaise-de-cyclisme","27":"tag-ffc","28":"tag-flandres","29":"tag-fr","30":"tag-france","31":"tag-live","32":"tag-live-course","33":"tag-live-epreuve","34":"tag-peloton","35":"tag-radio-peloton","36":"tag-radio-tour","37":"tag-ravitaillement","38":"tag-relance","39":"tag-sports","40":"tag-uci","41":"tag-velo","42":"tag-velos"},"share_on_mastodon":{"url":"https:\/\/pubeurope.com\/@fr\/115373188392926334","error":""},"_links":{"self":[{"href":"https:\/\/www.europesays.com\/fr\/wp-json\/wp\/v2\/posts\/462632","targetHints":{"allow":["GET"]}}],"collection":[{"href":"https:\/\/www.europesays.com\/fr\/wp-json\/wp\/v2\/posts"}],"about":[{"href":"https:\/\/www.europesays.com\/fr\/wp-json\/wp\/v2\/types\/post"}],"author":[{"embeddable":true,"href":"https:\/\/www.europesays.com\/fr\/wp-json\/wp\/v2\/users\/2"}],"replies":[{"embeddable":true,"href":"https:\/\/www.europesays.com\/fr\/wp-json\/wp\/v2\/comments?post=462632"}],"version-history":[{"count":0,"href":"https:\/\/www.europesays.com\/fr\/wp-json\/wp\/v2\/posts\/462632\/revisions"}],"wp:featuredmedia":[{"embeddable":true,"href":"https:\/\/www.europesays.com\/fr\/wp-json\/wp\/v2\/media\/462633"}],"wp:attachment":[{"href":"https:\/\/www.europesays.com\/fr\/wp-json\/wp\/v2\/media?parent=462632"}],"wp:term":[{"taxonomy":"category","embeddable":true,"href":"https:\/\/www.europesays.com\/fr\/wp-json\/wp\/v2\/categories?post=462632"},{"taxonomy":"post_tag","embeddable":true,"href":"https:\/\/www.europesays.com\/fr\/wp-json\/wp\/v2\/tags?post=462632"}],"curies":[{"name":"wp","href":"https:\/\/api.w.org\/{rel}","templated":true}]}}