{"id":462638,"date":"2025-10-14T15:20:13","date_gmt":"2025-10-14T15:20:13","guid":{"rendered":"https:\/\/www.europesays.com\/fr\/462638\/"},"modified":"2025-10-14T15:20:13","modified_gmt":"2025-10-14T15:20:13","slug":"de-gavres-a-calan-vos-plus-belles-photos-de-lautomne-dans-le-pays-de-lorient-diaporama","status":"publish","type":"post","link":"https:\/\/www.europesays.com\/fr\/462638\/","title":{"rendered":"De G\u00e2vres \u00e0 Calan, vos plus belles photos de l\u2019automne dans le pays de Lorient [Diaporama]"},"content":{"rendered":"<p>Un petit air d\u2019\u00e9t\u00e9 indien qui se prolonge, dans le pays de Lorient. Depuis le d\u00e9but de l\u2019automne, la pluie se fait rare et le soleil r\u00e9chauffe les promeneurs\u2026 qui d\u00e9gainent les appareils photos, pour immortaliser la lumi\u00e8re rasante, les feuilles qui changent de couleur ou le coucher du soleil. De G\u00e2vres \u00e0 Calan, voici les plus beaux clich\u00e9s envoy\u00e9s par nos lecteurs.<\/p>\n","protected":false},"excerpt":{"rendered":"Un petit air d\u2019\u00e9t\u00e9 indien qui se prolonge, dans le pays de Lorient. Depuis le d\u00e9but de l\u2019automne,&hellip;\n","protected":false},"author":2,"featured_media":462639,"comment_status":"","ping_status":"","sticky":false,"template":"","format":"standard","meta":{"footnotes":""},"categories":[1358],"tags":[1348,1384,1385,58678,1386,15908,58,59,1011,27,58679,35648,1781,24679],"class_list":{"0":"post-462638","1":"post","2":"type-post","3":"status-publish","4":"format-standard","5":"has-post-thumbnail","7":"category-arts-et-design","8":"tag-arts","9":"tag-arts-and-design","10":"tag-arts-et-design","11":"tag-calan","12":"tag-design","13":"tag-diaporama","14":"tag-divertissement","15":"tag-entertainment","16":"tag-fr","17":"tag-france","18":"tag-gavres","19":"tag-ile-de-groix","20":"tag-lorient","21":"tag-port-louis"},"share_on_mastodon":{"url":"https:\/\/pubeurope.com\/@fr\/115373200107614776","error":""},"_links":{"self":[{"href":"https:\/\/www.europesays.com\/fr\/wp-json\/wp\/v2\/posts\/462638","targetHints":{"allow":["GET"]}}],"collection":[{"href":"https:\/\/www.europesays.com\/fr\/wp-json\/wp\/v2\/posts"}],"about":[{"href":"https:\/\/www.europesays.com\/fr\/wp-json\/wp\/v2\/types\/post"}],"author":[{"embeddable":true,"href":"https:\/\/www.europesays.com\/fr\/wp-json\/wp\/v2\/users\/2"}],"replies":[{"embeddable":true,"href":"https:\/\/www.europesays.com\/fr\/wp-json\/wp\/v2\/comments?post=462638"}],"version-history":[{"count":0,"href":"https:\/\/www.europesays.com\/fr\/wp-json\/wp\/v2\/posts\/462638\/revisions"}],"wp:featuredmedia":[{"embeddable":true,"href":"https:\/\/www.europesays.com\/fr\/wp-json\/wp\/v2\/media\/462639"}],"wp:attachment":[{"href":"https:\/\/www.europesays.com\/fr\/wp-json\/wp\/v2\/media?parent=462638"}],"wp:term":[{"taxonomy":"category","embeddable":true,"href":"https:\/\/www.europesays.com\/fr\/wp-json\/wp\/v2\/categories?post=462638"},{"taxonomy":"post_tag","embeddable":true,"href":"https:\/\/www.europesays.com\/fr\/wp-json\/wp\/v2\/tags?post=462638"}],"curies":[{"name":"wp","href":"https:\/\/api.w.org\/{rel}","templated":true}]}}