{"id":462640,"date":"2025-10-14T15:21:18","date_gmt":"2025-10-14T15:21:18","guid":{"rendered":"https:\/\/www.europesays.com\/fr\/462640\/"},"modified":"2025-10-14T15:21:18","modified_gmt":"2025-10-14T15:21:18","slug":"peau-dame-ou-la-princesse-qui-refuse-son-destin-le-suricate","status":"publish","type":"post","link":"https:\/\/www.europesays.com\/fr\/462640\/","title":{"rendered":"Peau d\u2019\u00e2me ou la princesse qui refuse son destin \u2022 Le Suricate"},"content":{"rendered":"<p class=\"has-text-align-center has-white-color has-text-color has-background has-link-color wp-elements-63a4db4859127ed300f3ece68130b239\" style=\"background-color:#ff7f00\">Titre : <strong><a href=\"https:\/\/gulfstream.fr\/produit\/peau-dame-livre-1-les-lilas-du-roi\/\" rel=\"nofollow noopener\" target=\"_blank\">Peau d\u2019\u00c2me, tome 1 : Les Lilas du Roi<\/a><\/strong><br \/>Auteur.ice : <strong>Aude Ziegelmeyer<\/strong><br \/>Editions : <strong>Gulf Stream<\/strong><br \/>Date de parution : <strong>06 mars 2025<\/strong><br \/>Genre : <strong>Dark Fantasy, Conte<\/strong><\/p>\n<p>Blanche n\u2019est jamais sortie du ch\u00e2teau de Roncevaux. N\u00e9e entre ces murs dor\u00e9s, elle erre dans les couloirs tel un fant\u00f4me meurtri par le souvenir de sa m\u00e8re d\u00e9c\u00e9d\u00e9e. Mais son p\u00e8re, lui, a d\u2019autres projets et lui annonce bient\u00f4t son remariage et son intention de la marier \u00e0 Armand Meslay, fils de sa plus grande rivale. D\u00e9vast\u00e9e, enrag\u00e9e par cette d\u00e9cision, la jeune princesse comprend qu\u2019elle ne sera jamais l\u2019h\u00e9riti\u00e8re qu\u2019elle r\u00eavait d\u2019\u00eatre. Entre alliance politique forc\u00e9e et guerre qui menace, Blanche n\u2019a d\u2019autre choix que de prouver sa valeur et reprendre son destin en main.<\/p>\n<p>Aude Ziegelmeyer signe ici une r\u00e9\u00e9criture sombre des contes qui ont berc\u00e9 notre enfance. Sauf qu\u2019ici, elle prend le parti de transcender le conte originel pour offrir un roman f\u00e9ministe puissant. Son \u00e9criture poss\u00e8de cette fluidit\u00e9 typique des grands contes fantasy, directe et agr\u00e9able, qui facilite l\u2019immersion dans un univers m\u00e9di\u00e9val \u00e0 la fois familier et r\u00e9invent\u00e9. L\u2019autrice manie avec habilet\u00e9 les codes du genre tout en y insufflant une modernit\u00e9 bienvenue dans les questionnements de son h\u00e9ro\u00efne.<\/p>\n<p>Nous sommes ici dans un royaume patriarcal et notre h\u00e9ro\u00efne, Blanche, lutte avec force et intelligence contre ces attentes et manipulation psychologique. Elle incarne exactement le type de protagoniste dont les jeunes lectrices ont besoin : forte sans \u00eatre invincible, rebelle sans \u00eatre inconsciente, d\u00e9termin\u00e9e mais capable de douter. Elle refuse d\u2019\u00eatre r\u00e9duite \u00e0 un pion sur l\u2019\u00e9chiquier politique de son p\u00e8re, commet des erreurs et tente de les r\u00e9parer, pose des questions d\u00e9rangeantes et ne baisse jamais les bras face \u00e0 l\u2019adversit\u00e9.<\/p>\n<p>Son parcours r\u00e9sonne particuli\u00e8rement \u00e0 l\u2019heure o\u00f9 les mod\u00e8les f\u00e9minins forts se font encore trop rares en fantasy. Blanche hurle la rage et la vengeance, mais sans jamais tomber dans l\u2019exag\u00e9ration tant Aude Ziegelmeyer manie avec justesse et humilit\u00e9 les th\u00e9matiques qu\u2019elle aborde.<\/p>\n<p>L\u2019univers cr\u00e9\u00e9 par Ziegelmeyer se r\u00e9v\u00e8le riche et coh\u00e9rent, port\u00e9 par une galerie de personnages secondaires complexes qui \u00e9chappent aux arch\u00e9types attendus. Le roman aborde des th\u00e9matiques difficiles avec justesse ( emprise psychologique, deuil, qu\u00eate d\u2019identit\u00e9) sans jamais tomber dans la complaisance ou l\u2019attendu. Le rythme ne faiblit jamais, culminant dans un final intense qui r\u00e9pond aux attentes tout en ouvrant des perspectives pour la suite de la saga.<\/p>\n<p>Cette dark fantasy s\u2019inscrit parfaitement dans la tradition des contes revisit\u00e9s tout en apportant une voix singuli\u00e8re et contemporaine. Un premier tome admirablement ma\u00eetris\u00e9 qui confirme le talent d\u2019Aude Ziegelmeyer pour cr\u00e9er des h\u00e9ro\u00efnes m\u00e9morables et des univers dans lesquels on a envie de se perdre.<\/p>\n<p>Le second tome est pr\u00e9vu pour le 16 octobre prochain et autant vous dire que nous, on tr\u00e9pigne d\u2019impatience ! Alors si vous n\u2019avez pas encore d\u00e9couvert l\u2019univers de Blanche d\u2019Ivr\u00e9e, il ne vous reste plus qu\u2019\u00e0 plonger dans son histoire sombre et f\u00e9\u00e9rique.<\/p>\n","protected":false},"excerpt":{"rendered":"Titre : Peau d\u2019\u00c2me, tome 1 : Les Lilas du RoiAuteur.ice : Aude ZiegelmeyerEditions : Gulf StreamDate de&hellip;\n","protected":false},"author":2,"featured_media":462641,"comment_status":"","ping_status":"","sticky":false,"template":"","format":"standard","meta":{"footnotes":""},"categories":[1357],"tags":[1379,58,59,1011,27,1380],"class_list":{"0":"post-462640","1":"post","2":"type-post","3":"status-publish","4":"format-standard","5":"has-post-thumbnail","7":"category-livres","8":"tag-books","9":"tag-divertissement","10":"tag-entertainment","11":"tag-fr","12":"tag-france","13":"tag-livres"},"share_on_mastodon":{"url":"https:\/\/pubeurope.com\/@fr\/115373204011796781","error":""},"_links":{"self":[{"href":"https:\/\/www.europesays.com\/fr\/wp-json\/wp\/v2\/posts\/462640","targetHints":{"allow":["GET"]}}],"collection":[{"href":"https:\/\/www.europesays.com\/fr\/wp-json\/wp\/v2\/posts"}],"about":[{"href":"https:\/\/www.europesays.com\/fr\/wp-json\/wp\/v2\/types\/post"}],"author":[{"embeddable":true,"href":"https:\/\/www.europesays.com\/fr\/wp-json\/wp\/v2\/users\/2"}],"replies":[{"embeddable":true,"href":"https:\/\/www.europesays.com\/fr\/wp-json\/wp\/v2\/comments?post=462640"}],"version-history":[{"count":0,"href":"https:\/\/www.europesays.com\/fr\/wp-json\/wp\/v2\/posts\/462640\/revisions"}],"wp:featuredmedia":[{"embeddable":true,"href":"https:\/\/www.europesays.com\/fr\/wp-json\/wp\/v2\/media\/462641"}],"wp:attachment":[{"href":"https:\/\/www.europesays.com\/fr\/wp-json\/wp\/v2\/media?parent=462640"}],"wp:term":[{"taxonomy":"category","embeddable":true,"href":"https:\/\/www.europesays.com\/fr\/wp-json\/wp\/v2\/categories?post=462640"},{"taxonomy":"post_tag","embeddable":true,"href":"https:\/\/www.europesays.com\/fr\/wp-json\/wp\/v2\/tags?post=462640"}],"curies":[{"name":"wp","href":"https:\/\/api.w.org\/{rel}","templated":true}]}}