{"id":462642,"date":"2025-10-14T15:22:23","date_gmt":"2025-10-14T15:22:23","guid":{"rendered":"https:\/\/www.europesays.com\/fr\/462642\/"},"modified":"2025-10-14T15:22:23","modified_gmt":"2025-10-14T15:22:23","slug":"voici-les-candidats-et-ils-sont-moins-nombreux-que-dhabitude-photos","status":"publish","type":"post","link":"https:\/\/www.europesays.com\/fr\/462642\/","title":{"rendered":"Voici les candidats et ils sont moins nombreux que d&rsquo;habitude ! (PHOTOS)"},"content":{"rendered":"<p>P\u00e9kin Express est d\u00e9j\u00e0 de retour sur M6 ! Quelques mois seulement apr\u00e8s la victoire de Marion et C\u00e9cile, <a href=\"https:\/\/www.programme-tv.net\/news\/tv\/375102-on-a-arrete-de-celebrer-cecile-et-marion-mal-a-l-aise-lors-de-leur-victoire-face-a-etienne-et-judith-dans-pekin-express-2025\/\" data-api-deeplink=\"teleloisirs:\/\/news\/375102\" target=\"_blank\" rel=\"noopener\">grandes gagnantes de la saison 20<\/a> baptis\u00e9e <a href=\"https:\/\/www.programme-tv.net\/news\/tv\/367751-pekin-express-la-route-des-tribus-legendaires-date-de-diffusion-candidats-passagers-mysteres-toutes-les-infos-sur-la-saison-20\/\" data-api-deeplink=\"teleloisirs:\/\/news\/367751\" target=\"_blank\" rel=\"noopener\">La Route des tribus l\u00e9gendaires<\/a>, le programme d&rsquo;aventure anim\u00e9 par St\u00e9phane Rotenberg depuis 2006 <a href=\"https:\/\/www.programme-tv.net\/news\/tv\/389702-pekin-express-voici-la-date-de-retour-de-l-emission-et-il-y-a-une-grosse-surprise-sur-le-jour-de-diffusion\/\" data-api-deeplink=\"teleloisirs:\/\/news\/389702\" target=\"_blank\" rel=\"noopener\">revient d\u00e9j\u00e0 \u00e0 l&rsquo;antenne le vendredi 7 novembre 2025<\/a>. Il s&rsquo;agira cependant d&rsquo;une \u00e9dition sp\u00e9ciale, <a href=\"https:\/\/www.programme-tv.net\/news\/tv\/373479-c-est-un-evenement-stephane-rotenberg-annonce-une-grande-nouveaute-pour-la-prochaine-saison-de-pekin-express\/\" data-api-deeplink=\"teleloisirs:\/\/news\/373479\" target=\"_blank\" rel=\"noopener\">tourn\u00e9e en mars dernier au Kazakhstan<\/a>, lors de laquelle les bin\u00f4mes seront confront\u00e9s \u00e0 des temp\u00e9ratures extr\u00eames. Sillonnant le pays du sud au nord, <b>ils affronteront un froid intense oscillant entre -5\u00b0C et -28\u00b0C !<\/b> <b>Du jamais vu dans l&rsquo;histoire de l&rsquo;\u00e9mission<\/b>. Mais qui sont les candidats qui ont accept\u00e9 de participer \u00e0 P\u00e9kin Express : La Route des glaces ?<\/p>\n<p>P\u00e9kin Express, La Route des glaces : pour la saison 21, il y a moins de bin\u00f4mes au casting, voici pourquoi<\/p>\n<p>Cette saison 21 du programme \u00e9tant consid\u00e9r\u00e9e par M6 comme une \u00e9dition sp\u00e9ciale, elle sera donc l\u00e9g\u00e8rement plus courte et comportera moins de participants. Sur la ligne de d\u00e9part de P\u00e9kin Express : La Route des glaces, le vendredi 7 novembre prochain, il n&rsquo;y aura donc que huit bin\u00f4mes, contre dix habituellement. Parmi eux, on trouve <b>Nathalie et Charlotte<\/b>, la m\u00e8re et la fille volcanique de 55 et 25 ans, fusionnelles et originaires de Bruxelles. <b>Fabien et Missak<\/b>, les coll\u00e8gues aides-soignants de 42 et 30 ans. Les deux Marseillais partagent la d\u00e9votion de leur m\u00e9tier et un esprit taquin. <b>H\u00e9l\u00e8ne et Catherine<\/b>, baptis\u00e9es les nounous d&rsquo;enfer, deux s\u0153urs de 58 et 52 ans qui comptent bien emporter leur amour pour les enfants jusque dans les moindres recoins du Kazakhstan. <b>K\u00e9vin et Sophie<\/b>, le couple de Carcassonne de 32 et 33 ans.<\/p>\n<p>Participeront \u00e9galement \u00e0 cette aventure anim\u00e9e par St\u00e9phane Rotenberg : <b>Francis et Philippe<\/b>, les papys motards de 72 et 67 ans, bien d\u00e9termin\u00e9s \u00e0 montrer que l&rsquo;\u00e2ge ne les enferme dans aucune case. <b>Sonide et Rapha\u00ebl<\/b>, le fr\u00e8re et la s\u0153ur complices de 24 ans qui partagent, pour la premi\u00e8re fois, une aventure ensemble. Tous deux ont \u00e9t\u00e9 s\u00e9par\u00e9s \u00e0 la naissance, adopt\u00e9s par deux familles diff\u00e9rentes, et ne se sont retrouv\u00e9s qu&rsquo;\u00e0 l&rsquo;\u00e2ge de 17 ans. <b>Claire et \u00c9ric<\/b>, les fianc\u00e9s belges de 52 et 50 ans qui souhaitent rattraper les 30 ann\u00e9es de mariage qu&rsquo;ils n&rsquo;ont jamais v\u00e9cues. Enfin, pour compl\u00e9ter le casting, <a href=\"https:\/\/www.programme-tv.net\/news\/tv\/369035-cest-un-vrai-casse-tete-la-production-de-pekin-express-devoile-comment-sont-formes-les-binomes-d-inconnus\/\" data-api-deeplink=\"teleloisirs:\/\/news\/369035\" target=\"_blank\" rel=\"noopener\">le traditionnel bin\u00f4me d&rsquo;inconnus de P\u00e9kin Express<\/a> : <b>Lycaona<\/b>, jeune fille de 18 ans r\u00e9serv\u00e9e et romantique, qui partagera son aventure avec <b>Marianne<\/b>, Ch&rsquo;ti extravagante et s\u00e9ductrice de 28 ans.<\/p>\n<p>            P\u00e9kin Express, La Route des glaces : Les candidats \u00e9taient-ils inform\u00e9s qu&rsquo;ils allaient participer \u00e0 une \u00e9dition sp\u00e9ciale sur M6 ?<\/p>\n<p>Une \u00e9dition si particuli\u00e8re de P\u00e9kin Express, \u00e7a se pr\u00e9pare ! Mais les candidats savaient-ils vraiment \u00e0 quoi ils allaient participer ? \u00ab\u00a0On a organis\u00e9 le casting comme d&rsquo;habitude, les candidats ont postul\u00e9 sans savoir o\u00f9 ils allaient\u00a0\u00bb, explique Thierry Guillaume, producteur historique du programme diffus\u00e9 sur M6. Si traditionnellement, les bin\u00f4mes n&rsquo;ont jamais le moindre indice sur la route qu&rsquo;ils vont effectuer aux c\u00f4t\u00e9s de St\u00e9phane Rotenberg, <b>cette saison 21 d\u00e9roge \u00e0 la r\u00e8gle<\/b>. \u00ab\u00a0On leur a r\u00e9v\u00e9l\u00e9 les conditions de la course une fois que la s\u00e9lection a \u00e9t\u00e9 faite\u00a0\u00bb, ajoute le producteur. Une grande premi\u00e8re !<\/p>\n<p>Et les entorses ne s&rsquo;arr\u00eatent pas l\u00e0. \u00ab\u00a0<b>D\u2019habitude, on laisse les candidats se d\u00e9brouiller<\/b>. Cette fois, on a particip\u00e9 aux frais d\u2019achat de v\u00eatements sp\u00e9cifiques. Et on leur a donn\u00e9 beaucoup de conseils : porter plusieurs couches, des v\u00eatements chauffants. Une fois qu\u2019on est \u00e9quip\u00e9, les -15\u00b0C deviennent plus abordables\u00a0\u00bb, conclut Thierry Guillaume. D\u00e9cid\u00e9ment, cette \u00e9dition de P\u00e9kin Express multiplie les in\u00e9dits\u00a0!<\/p>\n<p><b>D\u00e9couvrez en images les huit bin\u00f4mes de candidats au casting de<\/b><b> P\u00e9kin Express, La Route des glaces<\/b><b> <\/b><a href=\"https:\/\/photo.programme-tv.net\/pekin-express-la-route-des-glaces-decouvrez-les-huit-binomes-au-casting-65725\" target=\"_blank\" rel=\"noopener\"><b>dans notre diaporama<\/b><\/a><b>.<\/b><\/p>\n","protected":false},"excerpt":{"rendered":"P\u00e9kin Express est d\u00e9j\u00e0 de retour sur M6 ! Quelques mois seulement apr\u00e8s la victoire de Marion et&hellip;\n","protected":false},"author":2,"featured_media":462643,"comment_status":"","ping_status":"","sticky":false,"template":"","format":"standard","meta":{"footnotes":""},"categories":[1356],"tags":[244,15908,58,59,1011,27,2173,494,23898,252,1364],"class_list":{"0":"post-462642","1":"post","2":"type-post","3":"status-publish","4":"format-standard","5":"has-post-thumbnail","7":"category-television","8":"tag-commentaire","9":"tag-diaporama","10":"tag-divertissement","11":"tag-entertainment","12":"tag-fr","13":"tag-france","14":"tag-interview","15":"tag-m6","16":"tag-stu00e9phane-rotenberg","17":"tag-television","18":"tag-tv"},"share_on_mastodon":{"url":"https:\/\/pubeurope.com\/@fr\/115373207977178537","error":""},"_links":{"self":[{"href":"https:\/\/www.europesays.com\/fr\/wp-json\/wp\/v2\/posts\/462642","targetHints":{"allow":["GET"]}}],"collection":[{"href":"https:\/\/www.europesays.com\/fr\/wp-json\/wp\/v2\/posts"}],"about":[{"href":"https:\/\/www.europesays.com\/fr\/wp-json\/wp\/v2\/types\/post"}],"author":[{"embeddable":true,"href":"https:\/\/www.europesays.com\/fr\/wp-json\/wp\/v2\/users\/2"}],"replies":[{"embeddable":true,"href":"https:\/\/www.europesays.com\/fr\/wp-json\/wp\/v2\/comments?post=462642"}],"version-history":[{"count":0,"href":"https:\/\/www.europesays.com\/fr\/wp-json\/wp\/v2\/posts\/462642\/revisions"}],"wp:featuredmedia":[{"embeddable":true,"href":"https:\/\/www.europesays.com\/fr\/wp-json\/wp\/v2\/media\/462643"}],"wp:attachment":[{"href":"https:\/\/www.europesays.com\/fr\/wp-json\/wp\/v2\/media?parent=462642"}],"wp:term":[{"taxonomy":"category","embeddable":true,"href":"https:\/\/www.europesays.com\/fr\/wp-json\/wp\/v2\/categories?post=462642"},{"taxonomy":"post_tag","embeddable":true,"href":"https:\/\/www.europesays.com\/fr\/wp-json\/wp\/v2\/tags?post=462642"}],"curies":[{"name":"wp","href":"https:\/\/api.w.org\/{rel}","templated":true}]}}