{"id":462658,"date":"2025-10-14T15:30:20","date_gmt":"2025-10-14T15:30:20","guid":{"rendered":"https:\/\/www.europesays.com\/fr\/462658\/"},"modified":"2025-10-14T15:30:20","modified_gmt":"2025-10-14T15:30:20","slug":"belgique-manifestation-massive-a-bruxelles-contre-le-budget-brutal-du-gouvernement-14-10-2025-a-1557","status":"publish","type":"post","link":"https:\/\/www.europesays.com\/fr\/462658\/","title":{"rendered":"Belgique: manifestation massive \u00e0 Bruxelles contre le budget \u00ab\u00a0brutal\u00a0\u00bb du gouvernement &#8211; 14\/10\/2025 \u00e0 15:57"},"content":{"rendered":"<p>        <img fetchpriority=\"high\" decoding=\"async\" src=\"https:\/\/www.europesays.com\/fr\/wp-content\/uploads\/2025\/10\/62791243a1740deaf1c7897ab6d636b2-760x507.jpg\" alt=\"Vue de la manifestation contre les coupes budg\u00e9taires qui a r\u00e9uni des dizaines de milliers de personnes, le 14 octobre 2025 \u00e0 Bruxelles ( BELGA \/ JAMES ARTHUR GEKIERE )\" loading=\"eager\" width=\"760\" height=\"507\" style=\"max-width: 100%!important; height: auto;\"\/><\/p>\n<p class=\"c-image-news__legend\">Vue de la manifestation contre les coupes budg\u00e9taires qui a r\u00e9uni des dizaines de milliers de personnes, le 14 octobre 2025 \u00e0 Bruxelles ( BELGA \/ JAMES ARTHUR GEKIERE )<\/p>\n<p>\n Des dizaines de milliers de manifestants ont d\u00e9fil\u00e9 mardi \u00e0 Bruxelles pour contester les coupes budg\u00e9taires \u00ab\u00a0brutales\u00a0\u00bb du gouvernement belge dirig\u00e9 par le conservateur flamand Bart De Wever.\n<\/p>\n<p>\n Cette journ\u00e9e d&rsquo;action nationale, \u00e0 l&rsquo;appel de l&rsquo;intersyndicale, a eu lieu en pleines n\u00e9gociations budg\u00e9taires en Belgique et a provoqu\u00e9 d&rsquo;importantes perturbations dans le secteur a\u00e9rien et l&rsquo;\u00e9ducation.\n<\/p>\n<p>\n La police a d\u00e9nombr\u00e9 80.000 manifestants dans la capitale belge &#8211; un pic nettement sup\u00e9rieur aux 60.000 personnes mobilis\u00e9es le 13 f\u00e9vrier, apr\u00e8s la mise en place du nouveau gouvernement f\u00e9d\u00e9ral.\n<\/p>\n<p>\n La coalition gouvernementale \u00ab\u00a0met en \u0153uvre un projet brutal : une attaque en r\u00e8gle contre la protection sociale, les services publics, la s\u00e9curit\u00e9 sociale, les solidarit\u00e9s\u00a0\u00bb, a accus\u00e9 l&rsquo;intersyndicale, dont un des responsables a revendiqu\u00e9 140.000 manifestants \u00e0 Bruxelles mardi.\n<\/p>\n<p>\n \u00ab\u00a0Une g\u00e9n\u00e9ration enti\u00e8re refuse qu&rsquo;on d\u00e9truise en six mois ce que nos parents et grands-parents ont mis du temps \u00e0 b\u00e2tir\u00a0\u00bb, a lanc\u00e9 Thierry Bodson, le pr\u00e9sident de la FGTB (socialiste), unie aux autres grands syndicats belges dans un front commun, au coup d&rsquo;envoi de la manifestation.\n<\/p>\n<p>\n Le Premier ministre Bart De Wever, entr\u00e9 en fonctions d\u00e9but f\u00e9vrier, a d\u00e9j\u00e0 fait adopter une limitation \u00e0 deux ans des allocations ch\u00f4mage et entend mettre en oeuvre une vaste r\u00e9forme des retraites, incluant la suppression des r\u00e9gimes sp\u00e9ciaux et l&rsquo;alignement de la situation des fonctionnaires sur le secteur priv\u00e9.\n<\/p>\n<p>\n \u00ab\u00a0Droit \u00e0 la pension (retraite) \u00e0 65 ans\u00a0\u00bb, et \u00ab\u00a0Wanted pour vol de pension\u00a0\u00bb, pouvait-on lire sur les pancartes des manifestants, au milieu des p\u00e9tards et des drapeaux syndicaux.\n<\/p>\n<p>\n Le gouvernement f\u00e9d\u00e9ral pr\u00e9pare d&rsquo;importantes coupes dans le projet de budget 2026, dont la pr\u00e9sentation, initialement pr\u00e9vue ce mardi, a \u00e9t\u00e9 repouss\u00e9e d&rsquo;une semaine.\n<\/p>\n<p> &#8211; A\u00e9roports \u00e0 l&rsquo;arr\u00eat &#8211;<\/p>\n<p>\n Les manifestants, notamment dans le secteur \u00e9ducatif et social, contestent \u00e9galement des mesures d&rsquo;\u00e9conomie dans la partie francophone du pays, annonc\u00e9es par l&rsquo;ex\u00e9cutif de la F\u00e9d\u00e9ration Wallonie-Bruxelles.\n<\/p>\n<p>        <img decoding=\"async\" src=\"https:\/\/www.europesays.com\/fr\/wp-content\/uploads\/2025\/10\/06b32666267d90f619d6e0f7b22c2ba1-760x507.jpg\" alt=\"Une manifestante lors de l'action intersyndicale contre les coupes budg\u00e9taires, le 14 octobre 2025 \u00e0 Bruxelles ( BELGA \/ JAMES ARTHUR GEKIERE )\" loading=\"eager\" width=\"760\" height=\"507\" style=\"max-width: 100%!important; height: auto;\"\/><\/p>\n<p class=\"c-image-news__legend\">Une manifestante lors de l&rsquo;action intersyndicale contre les coupes budg\u00e9taires, le 14 octobre 2025 \u00e0 Bruxelles ( BELGA \/ JAMES ARTHUR GEKIERE )<\/p>\n<p>\n \u00ab\u00a0Je viens revendiquer mes droits et ceux de mes \u00e9l\u00e8ves, si \u00e7a continue comme \u00e7a, quel avenir ils vont avoir ? Je veux que \u00e7a change et que l&rsquo;enseignement soit pris plus au s\u00e9rieux\u00a0\u00bb, a soulign\u00e9 Victoria Coya, une enseignante de 27 ans.\n<\/p>\n<p>\n Chantal Desmet, 59 ans et sans emploi, se dit pour sa part \u00ab\u00a0r\u00e9volt\u00e9e pour l&rsquo;avenir de ses enfants. C&rsquo;est pas faute de chercher de l&#8217;emploi. On n&rsquo;en trouve pas. Je plains les jeunes\u00a0\u00bb.\n<\/p>\n<p>\n La police a d\u00e9plor\u00e9 des actes de vandalisme durant la journ\u00e9e et fait \u00e9tat d&rsquo;une vingtaine d&rsquo;interpellations.\n<\/p>\n<p>\n Les forces de l&rsquo;ordre ont mentionn\u00e9 un d\u00e9part de feu sur une place de Bruxelles, \u00ab\u00a0vraisemblablement commis par des manifestants dans le but de perturber la circulation\u00a0\u00bb, ainsi que des barrages sur la voie publique qui ont \u00e9t\u00e9 d\u00e9mantel\u00e9s.\n<\/p>\n<p>\n Un b\u00e2timent de l&rsquo;Office des \u00e9trangers, un service public qui g\u00e8re les demandes d&rsquo;asile et l&rsquo;immigration, a \u00e9t\u00e9 d\u00e9grad\u00e9 par des projectiles, bombes de peinture et p\u00e9tards, a ajout\u00e9 la police. L&rsquo;h\u00f4tel Hilton a \u00e9galement subi des d\u00e9gradations.\n<\/p>\n<p>        <img decoding=\"async\" src=\"https:\/\/www.europesays.com\/fr\/wp-content\/uploads\/2025\/10\/78354d3598d6bad4fcb82229781fbf2e-760x506.jpg\" alt=\"En d\u00e9but d'apr\u00e8s-midi, les forces de l'ordre ont fait usage de canons \u00e0 eau et de gaz lacrymog\u00e8ne pour disperser des petits groupes de manifestants violents et masqu\u00e9s, a constat\u00e9 un journaliste de l'AFP ( AFP \/ Nicolas TUCAT )\" loading=\"eager\" width=\"760\" height=\"506\" style=\"max-width: 100%!important; height: auto;\"\/><\/p>\n<p class=\"c-image-news__legend\">En d\u00e9but d&rsquo;apr\u00e8s-midi, les forces de l&rsquo;ordre ont fait usage de canons \u00e0 eau et de gaz lacrymog\u00e8ne pour disperser des petits groupes de manifestants violents et masqu\u00e9s, a constat\u00e9 un journaliste de l&rsquo;AFP ( AFP \/ Nicolas TUCAT )<\/p>\n<p>\n En d\u00e9but d&rsquo;apr\u00e8s-midi, les forces de l&rsquo;ordre ont fait usage de canons \u00e0 eau et de gaz lacrymog\u00e8ne pour disperser des petits groupes de manifestants violents et masqu\u00e9s, a constat\u00e9 un journaliste de l&rsquo;AFP.\n<\/p>\n<p>\n En raison de cette journ\u00e9e d&rsquo;action nationale, le trafic a\u00e9rien \u00e9tait tr\u00e8s fortement perturb\u00e9 mardi en Belgique.\n<\/p>\n<p>\n \u00ab\u00a0Afin de pouvoir continuer \u00e0 assurer la s\u00e9curit\u00e9 des passagers et du personnel, nous avons d\u00e9cid\u00e9, en concertation avec les compagnies a\u00e9riennes, de ne pas op\u00e9rer de vols passagers au d\u00e9part ce 14 octobre\u00a0\u00bb, avait annonc\u00e9 sur son site l&rsquo;a\u00e9roport Zaventem de Bruxelles, le plus grand du pays.\n<\/p>\n<p>\n L&rsquo;a\u00e9roport a invoqu\u00e9 une gr\u00e8ve chez ses prestataires assurant des services de s\u00fbret\u00e9.\n<\/p>\n<p>\n L&rsquo;a\u00e9roport de Charleroi, pour les m\u00eames raisons, n&rsquo;\u00e9tait \u00ab\u00a0pas en mesure d&rsquo;assurer les vols pr\u00e9vus au d\u00e9part et \u00e0 l&rsquo;arriv\u00e9e\u00a0\u00bb.\n<\/p>\n<p>\n Les transports en commun \u00e9taient \u00e9galement fortement perturb\u00e9s \u00e0 Bruxelles ainsi qu&rsquo;en Wallonie et en Flandre.<\/p>\n","protected":false},"excerpt":{"rendered":"Vue de la manifestation contre les coupes budg\u00e9taires qui a r\u00e9uni des dizaines de milliers de personnes, le&hellip;\n","protected":false},"author":2,"featured_media":462659,"comment_status":"","ping_status":"","sticky":false,"template":"","format":"standard","meta":{"footnotes":""},"categories":[5],"tags":[400,11,398,408,405,1011,27,403,14,402,399,404,12,401,406,407,28],"class_list":{"0":"post-462658","1":"post","2":"type-post","3":"status-publish","4":"format-standard","5":"has-post-thumbnail","7":"category-international","8":"tag-action-cac-40","9":"tag-actualites","10":"tag-bourse-de-paris","11":"tag-boursorama","12":"tag-cotations","13":"tag-fr","14":"tag-france","15":"tag-indices-devises","16":"tag-international","17":"tag-investir","18":"tag-investissement","19":"tag-marche-boursier","20":"tag-news","21":"tag-sicav","22":"tag-trackers","23":"tag-warrants","24":"tag-world"},"share_on_mastodon":{"url":"https:\/\/pubeurope.com\/@fr\/115373240136251298","error":""},"_links":{"self":[{"href":"https:\/\/www.europesays.com\/fr\/wp-json\/wp\/v2\/posts\/462658","targetHints":{"allow":["GET"]}}],"collection":[{"href":"https:\/\/www.europesays.com\/fr\/wp-json\/wp\/v2\/posts"}],"about":[{"href":"https:\/\/www.europesays.com\/fr\/wp-json\/wp\/v2\/types\/post"}],"author":[{"embeddable":true,"href":"https:\/\/www.europesays.com\/fr\/wp-json\/wp\/v2\/users\/2"}],"replies":[{"embeddable":true,"href":"https:\/\/www.europesays.com\/fr\/wp-json\/wp\/v2\/comments?post=462658"}],"version-history":[{"count":0,"href":"https:\/\/www.europesays.com\/fr\/wp-json\/wp\/v2\/posts\/462658\/revisions"}],"wp:featuredmedia":[{"embeddable":true,"href":"https:\/\/www.europesays.com\/fr\/wp-json\/wp\/v2\/media\/462659"}],"wp:attachment":[{"href":"https:\/\/www.europesays.com\/fr\/wp-json\/wp\/v2\/media?parent=462658"}],"wp:term":[{"taxonomy":"category","embeddable":true,"href":"https:\/\/www.europesays.com\/fr\/wp-json\/wp\/v2\/categories?post=462658"},{"taxonomy":"post_tag","embeddable":true,"href":"https:\/\/www.europesays.com\/fr\/wp-json\/wp\/v2\/tags?post=462658"}],"curies":[{"name":"wp","href":"https:\/\/api.w.org\/{rel}","templated":true}]}}