{"id":462660,"date":"2025-10-14T15:31:11","date_gmt":"2025-10-14T15:31:11","guid":{"rendered":"https:\/\/www.europesays.com\/fr\/462660\/"},"modified":"2025-10-14T15:31:11","modified_gmt":"2025-10-14T15:31:11","slug":"macron-previent-quil-dissoudra-lassemblee-si-le-gouvernement-est-censure","status":"publish","type":"post","link":"https:\/\/www.europesays.com\/fr\/462660\/","title":{"rendered":"Macron pr\u00e9vient qu\u2019il dissoudra l\u2019Assembl\u00e9e si le gouvernement est censur\u00e9"},"content":{"rendered":"<p>Les <a href=\"https:\/\/www.20minutes.fr\/dossier\/motion_de_censure\" class=\"c-link c-link--is-underlined\" target=\"_blank\" rel=\"noopener\">motions de censure<\/a> sont \u00ab\u00a0des motions de <a href=\"https:\/\/www.20minutes.fr\/dossier\/dissolution\" class=\"c-link c-link--is-underlined\" target=\"_blank\" rel=\"noopener\">dissolution<\/a> et doivent \u00eatre vues comme telles\u00a0\u00bb, a averti Emmanuel Macron en <a href=\"https:\/\/www.20minutes.fr\/dossier\/conseil_des_ministres\" class=\"c-link c-link--is-underlined\" target=\"_blank\" rel=\"noopener\">Conseil des ministres<\/a>. Le pr\u00e9sident de la R\u00e9publique appelle \u00e0 la \u00ab\u00a0stabilit\u00e9 institutionnelle\u00a0\u00bb et au sens du \u00ab\u00a0compromis\u00a0\u00bb, selon la porte-parole du gouvernement Maud Bregeon.<\/p>\n<p>La <a href=\"https:\/\/www.20minutes.fr\/politique\/france-insoumise\/\" class=\"c-link c-link--is-underlined\" target=\"_blank\" rel=\"noopener\">France insoumise<\/a> et le <a href=\"https:\/\/www.20minutes.fr\/politique\/rassemblement-national\/\" class=\"c-link c-link--is-underlined\" target=\"_blank\" rel=\"noopener\">Rassemblement national<\/a> ont d\u2019ores et d\u00e9j\u00e0 annonc\u00e9 leur intention de d\u00e9poser chacun une motion de censure. Le Parti socialiste se r\u00e9serve \u00e9galement le droit de le faire, si la r\u00e9forme des retraites de\u00a02023 n\u2019est pas suspendue de fa\u00e7on \u00ab\u00a0imm\u00e9diate et compl\u00e8te\u00a0\u00bb.<\/p>\n<p>Macron met la pression sur le PS<\/p>\n<p>Pour qu\u2019une motion de censure soit adopt\u00e9e, le texte doit \u00eatre vot\u00e9 par la majorit\u00e9 absolue des \u00e9lus l\u2019Assembl\u00e9e nationale, soit 289 voix sur les 577 d\u00e9put\u00e9s qui si\u00e8gent dans l\u2019h\u00e9micycle. Les groupes Rassemblement national (123), Union des droites pour la R\u00e9publique (16), La France insoumise, (71 d\u00e9put\u00e9s), \u00c9cologiste et social (38), Gauche d\u00e9mocrate et r\u00e9publicaine (17) voteront a priori la censure. Soit un total de 265 voix. Pour atteindre les 289 n\u00e9cessaires, la position du PS sera donc cruciale. Des socialistes d\u00e9pendra l\u2019avenir du gouvernement et d\u00e9sormais de la composition de l\u2019Assembl\u00e9e nationale.<\/p>\n<p>Si \u00ab\u00a0\u00e7a ne se passe pas bien cette semaine, nous rentrons vers une grave crise institutionnelle. La dissolution deviendra in\u00e9luctable\u00a0\u00bb, a martel\u00e9 un peu plus tard <a href=\"https:\/\/www.20minutes.fr\/politique\/sebastien-lecornu\/\" class=\"c-link c-link--is-underlined\" target=\"_blank\" rel=\"noopener\">S\u00e9bastien Lecornu<\/a>. Le Premier ministre a invit\u00e9 \u00e0 Matignon les d\u00e9put\u00e9s du camp gouvernemental, y compris LR, avant de prononcer sa d\u00e9claration de politique g\u00e9n\u00e9rale.<\/p>\n<p>Vers un discours de \u00ab\u00a0droite sociale\u00a0\u00bb\u00a0?<\/p>\n<p>Selon son entourage, le locataire de Matignon a promis de prononcer un discours devant l\u2019Assembl\u00e9e de \u00ab\u00a0droite sociale\u00a0\u00bb et de \u00ab\u00a0sortie de crise\u00a0\u00bb, alors que ses engagements sur la r\u00e9forme des retraites dicteront la conduite des socialistes, qui d\u00e9tiennent la cl\u00e9 de la censure.<\/p>\n<p>Mardi matin, S\u00e9bastien Lecornu s\u2019est une nouvelle fois rendu \u00e0 l\u2019Elys\u00e9e consulter Emmanuel Macron puis a assist\u00e9 au premier Conseil des ministres de son gouvernement, qui a adopt\u00e9 les projets de budget de l\u2019Etat et de la S\u00e9curit\u00e9 sociale pour qu\u2019ils soient transmis dans les temps au Parlement.<\/p>\n<\/p>\n<p>Le projet de budget de l\u2019Etat, qui devrait \u00eatre largement modifi\u00e9 par le Parlement, propose un effort d\u2019une trentaine de milliards d\u2019euros et repose sur des hypoth\u00e8ses \u00ab\u00a0optimistes\u00a0\u00bb de croissance en\u00a02026, selon le Haut conseil des finances publiques.<\/p>\n<p><a href=\"https:\/\/www.20minutes.fr\/politique\/sebastien-lecornu\/\" class=\"c-link c-btn c-btn--primary\" target=\"_blank\" rel=\"noopener\">Notre dossier sur le gouvernement Lecornu<\/a><\/p>\n<p>C\u2019est \u00e0 partir de 15 heures que tout va se jouer \u00e0 la tribune de l\u2019Assembl\u00e9e avec la d\u00e9claration de politique g\u00e9n\u00e9rale du Premier ministre, qui sera \u00ab\u00a0courte\u00a0\u00bb et \u00ab\u00a0remettra le Parlement au c\u0153ur de tout\u00a0\u00bb, selon son entourage. Les responsables des groupes pourront ensuite lui r\u00e9pondre avant qu\u2019il ne reprenne une derni\u00e8re fois la parole.<\/p>\n","protected":false},"excerpt":{"rendered":"Les motions de censure sont \u00ab\u00a0des motions de dissolution et doivent \u00eatre vues comme telles\u00a0\u00bb, a averti Emmanuel&hellip;\n","protected":false},"author":2,"featured_media":462661,"comment_status":"","ping_status":"","sticky":false,"template":"","format":"standard","meta":{"footnotes":""},"categories":[4],"tags":[47,11,13281,1073,1011,27,1023,26542,12,4484,316,2556,25,11067],"class_list":{"0":"post-462660","1":"post","2":"type-post","3":"status-publish","4":"format-standard","5":"has-post-thumbnail","7":"category-france","8":"tag-actualite","9":"tag-actualites","10":"tag-dissolution-de-lassemblee-nationale","11":"tag-emmanuel-macron","12":"tag-fr","13":"tag-france","14":"tag-la-france-insoumise-lfi","15":"tag-motion-de-censure","16":"tag-news","17":"tag-parti-socialiste-ps","18":"tag-politique","19":"tag-rassemblement-national-rn","20":"tag-republique-francaise","21":"tag-sebastien-lecornu"},"share_on_mastodon":{"url":"https:\/\/pubeurope.com\/@fr\/115373243322711367","error":""},"_links":{"self":[{"href":"https:\/\/www.europesays.com\/fr\/wp-json\/wp\/v2\/posts\/462660","targetHints":{"allow":["GET"]}}],"collection":[{"href":"https:\/\/www.europesays.com\/fr\/wp-json\/wp\/v2\/posts"}],"about":[{"href":"https:\/\/www.europesays.com\/fr\/wp-json\/wp\/v2\/types\/post"}],"author":[{"embeddable":true,"href":"https:\/\/www.europesays.com\/fr\/wp-json\/wp\/v2\/users\/2"}],"replies":[{"embeddable":true,"href":"https:\/\/www.europesays.com\/fr\/wp-json\/wp\/v2\/comments?post=462660"}],"version-history":[{"count":0,"href":"https:\/\/www.europesays.com\/fr\/wp-json\/wp\/v2\/posts\/462660\/revisions"}],"wp:featuredmedia":[{"embeddable":true,"href":"https:\/\/www.europesays.com\/fr\/wp-json\/wp\/v2\/media\/462661"}],"wp:attachment":[{"href":"https:\/\/www.europesays.com\/fr\/wp-json\/wp\/v2\/media?parent=462660"}],"wp:term":[{"taxonomy":"category","embeddable":true,"href":"https:\/\/www.europesays.com\/fr\/wp-json\/wp\/v2\/categories?post=462660"},{"taxonomy":"post_tag","embeddable":true,"href":"https:\/\/www.europesays.com\/fr\/wp-json\/wp\/v2\/tags?post=462660"}],"curies":[{"name":"wp","href":"https:\/\/api.w.org\/{rel}","templated":true}]}}