{"id":462662,"date":"2025-10-14T15:32:11","date_gmt":"2025-10-14T15:32:11","guid":{"rendered":"https:\/\/www.europesays.com\/fr\/462662\/"},"modified":"2025-10-14T15:32:11","modified_gmt":"2025-10-14T15:32:11","slug":"en-direct-declaration-de-politique-generale-ciotti-disjoncte-et-compare-lr-macronie-et-socialisme-au-nazisme-liberation","status":"publish","type":"post","link":"https:\/\/www.europesays.com\/fr\/462662\/","title":{"rendered":"EN DIRECT &#8211; D\u00e9claration de politique g\u00e9n\u00e9rale\u00a0: Ciotti disjoncte et compare LR, macronie et socialisme au nazisme \u2013 Lib\u00e9ration"},"content":{"rendered":"<p class=\"sc-cPiKLX AiZTS text-element\">\u00abBonjour monsieur le Premier ministre, et nous l\u2019esp\u00e9rons d\u00e8s demain, au revoir monsieur le Premier ministre, a attaqu\u00e9 S\u00e9bastien Chenu pour le Rassemblement national. Ce gouvernement nous rappelle davantage le train fant\u00f4me que le Futuroscope.\u00bb C\u2019est \u00abune bonne soupe dont les derni\u00e8res gorg\u00e9es d\u00e9go\u00fbtent les Fran\u00e7ais, mais que LR avale cul sec\u00bb. Pour tacler le gouvernement, les R\u00e9publicains et le Parti socialiste, S\u00e9bastien Chenu a sorti la sulfateuse et les blagues carambar. Le vice-pr\u00e9sident du RN a \u00e9voqu\u00e9, en vrac, la \u00absoumission [du gouvernement] \u00e0 l\u2019Union europ\u00e9enne\u00bb, \u00abl\u2019absence de courage politique\u00bb, \u00abl\u2019inaction\u00bb et \u00abl\u2019aveuglement id\u00e9ologique\u00bb. On n\u2019a vu, dit-il, \u00abpoint de rupture sur les hommes, point de rupture sur les politiques\u00bb, mais simplement \u00abune gesticulation piteuse\u00bb. Avant d\u2019appeler, sans surprise, \u00e0 une censure de ce gouvernement, de \u00abla macronie et de son Titanic\u00bb. <\/p>\n","protected":false},"excerpt":{"rendered":"\u00abBonjour monsieur le Premier ministre, et nous l\u2019esp\u00e9rons d\u00e8s demain, au revoir monsieur le Premier ministre, a attaqu\u00e9&hellip;\n","protected":false},"author":2,"featured_media":462663,"comment_status":"","ping_status":"","sticky":false,"template":"","format":"standard","meta":{"footnotes":""},"categories":[2],"tags":[11,416,1073,1011,27,418,12,4393,429,11036,11067],"class_list":{"0":"post-462662","1":"post","2":"type-post","3":"status-publish","4":"format-standard","5":"has-post-thumbnail","7":"category-actualites","8":"tag-actualites","9":"tag-assemblee-nationale","10":"tag-emmanuel-macron","11":"tag-fr","12":"tag-france","13":"tag-gouvernement","14":"tag-news","15":"tag-olivier-faure","16":"tag-ps","17":"tag-reforme-des-retraites","18":"tag-sebastien-lecornu"},"share_on_mastodon":{"url":"https:\/\/pubeurope.com\/@fr\/115373247386315610","error":""},"_links":{"self":[{"href":"https:\/\/www.europesays.com\/fr\/wp-json\/wp\/v2\/posts\/462662","targetHints":{"allow":["GET"]}}],"collection":[{"href":"https:\/\/www.europesays.com\/fr\/wp-json\/wp\/v2\/posts"}],"about":[{"href":"https:\/\/www.europesays.com\/fr\/wp-json\/wp\/v2\/types\/post"}],"author":[{"embeddable":true,"href":"https:\/\/www.europesays.com\/fr\/wp-json\/wp\/v2\/users\/2"}],"replies":[{"embeddable":true,"href":"https:\/\/www.europesays.com\/fr\/wp-json\/wp\/v2\/comments?post=462662"}],"version-history":[{"count":0,"href":"https:\/\/www.europesays.com\/fr\/wp-json\/wp\/v2\/posts\/462662\/revisions"}],"wp:featuredmedia":[{"embeddable":true,"href":"https:\/\/www.europesays.com\/fr\/wp-json\/wp\/v2\/media\/462663"}],"wp:attachment":[{"href":"https:\/\/www.europesays.com\/fr\/wp-json\/wp\/v2\/media?parent=462662"}],"wp:term":[{"taxonomy":"category","embeddable":true,"href":"https:\/\/www.europesays.com\/fr\/wp-json\/wp\/v2\/categories?post=462662"},{"taxonomy":"post_tag","embeddable":true,"href":"https:\/\/www.europesays.com\/fr\/wp-json\/wp\/v2\/tags?post=462662"}],"curies":[{"name":"wp","href":"https:\/\/api.w.org\/{rel}","templated":true}]}}