{"id":462664,"date":"2025-10-14T15:33:11","date_gmt":"2025-10-14T15:33:11","guid":{"rendered":"https:\/\/www.europesays.com\/fr\/462664\/"},"modified":"2025-10-14T15:33:11","modified_gmt":"2025-10-14T15:33:11","slug":"la-ville-nen-veut-pas-mais-peut-elle-les-interdire","status":"publish","type":"post","link":"https:\/\/www.europesays.com\/fr\/462664\/","title":{"rendered":"la Ville n\u2019en veut pas, mais peut-elle les interdire\u00a0?"},"content":{"rendered":"<p>\u00ab\u00a0Ce type d\u2019\u00e9v\u00e9nements pose la question de la marchandisation des animaux de compagnie. Alors que la France d\u00e9tient le triste record europ\u00e9en du nombre d\u2019abandons (100\u00a0000 par an), dans ces salons, les animaux sont pr\u00e9sent\u00e9s de fa\u00e7on \u00e0 susciter l\u2019achat compulsif, incitant des gens \u00e0 acheter sans forc\u00e9ment r\u00e9fl\u00e9chir \u00e0 l\u2019engagement \u00e0 long terme que cela repr\u00e9sente.\u00a0\u00bb<\/p>\n<p>Lors du conseil municipal de lundi, l\u2019\u00e9lu d\u2019opposition Olivier Longeon, au nom du groupe Le Temps de l\u2019\u00e9cologie, a d\u00e9pos\u00e9 un v\u0153u pour d\u00e9noncer l\u2019organisation d\u2019un salon du chiot, ces samedi\u00a018 et dimanche 19\u00a0octobre, au Parc-Expo, \u00e0 la Plaine-Achille. Or, si ce b\u00e2timent est g\u00e9r\u00e9, par d\u00e9l\u00e9gation de service public (DSP), par la soci\u00e9t\u00e9 priv\u00e9e Saint-\u00c9tienne \u00c9v\u00e9nements, il est propri\u00e9t\u00e9 de la Ville. Olivier Longeon estimait donc que cette derni\u00e8re avait \u00ab\u00a0les moyens d\u2019agir et d\u2019int\u00e9grer dans la DSP des contraintes quant \u00e0 la nature des \u00e9v\u00e9nements accueillis\u00a0\u00bb.<\/p>\n<p>  \u00ab\u00a0Ce n\u2019est peut-\u00eatre pas moral, mais c\u2019est l\u00e9gal\u00a0\u00bb<\/p>\n<p>\u00ab\u00a0Le salon du chiot, ce n\u2019est peut-\u00eatre pas moral, mais c\u2019est l\u00e9gal\u00a0\u00bb, lui a r\u00e9pondu, \u00e0 regret, V\u00e9ronique Falzone, conseill\u00e8re municipale d\u00e9l\u00e9gu\u00e9e au bien-\u00eatre animal, elle-m\u00eame fervente militante de la cause animale depuis trente ans.<\/p>\n<p>Et l\u2019\u00e9lue de pr\u00e9ciser\u00a0: \u00ab\u00a0Ces salons ne sont pas soumis \u00e0 la r\u00e9cente r\u00e9glementation interdisant la vente de chiens et de chats dans les animaleries. Oui, la DSP nous oblige \u00e0 contr\u00f4ler ce qui est propos\u00e9 au Parc-Expo, mais on ne peut rien interdire tant qu\u2019il n\u2019y a pas de trouble \u00e0 l\u2019ordre du public, et ce n\u2019est pas le cas du salon du chiot.\u00a0\u00bb<\/p>\n<p>V\u00e9ronique Falzone l\u2019a assur\u00e9\u00a0: \u00ab\u00a0Tous les arr\u00eat\u00e9s qui ont pu \u00eatre pris jusqu\u2019ici par des municipalit\u00e9s en France ont \u00e9t\u00e9 cass\u00e9s. Au niveau local, on n\u2019a pas la main. C\u2019est au niveau national qu\u2019il faut l\u00e9gif\u00e9rer.\u00a0\u00bb C\u2019est donc au gouvernement et aux parlementaires que le v\u0153u des \u00e9lus st\u00e9phanois, qui a \u00e9t\u00e9 vot\u00e9 \u00e0 l\u2019unanimit\u00e9, sera adress\u00e9.<\/p>\n<p>  \u00ab\u00a0Dire que la Ville ne peut pas agir est une mascarade\u00a0\u00bb<\/p>\n<p>Au lendemain du conseil, mardi matin, les associations de d\u00e9fense animale Paz et Argos 42, <a href=\"https:\/\/www.leprogres.fr\/societe\/2025\/10\/06\/des-animaux-reduits-a-l-etat-de-marchandises-dans-les-salons-de-chiots\" target=\"_blank\" rel=\"noopener\">qui se mobilisent depuis plusieurs semaines contre cet \u00e9v\u00e9nement<\/a> , ont d\u00e9nonc\u00e9 \u00ab\u00a0la passivit\u00e9 de la majorit\u00e9 municipale de Saint-\u00c9tienne, qui refuse d\u2019utiliser les leviers juridiques \u00e0 sa disposition\u00a0\u00bb.<\/p>\n<p>Et de pr\u00e9ciser\u00a0: \u00ab\u00a0Nous ne demandons pas un arr\u00eat\u00e9, mais que la mairie utilise les moyens pr\u00e9vus par la d\u00e9l\u00e9gation de service public. L\u2019accueil de cet \u00e9v\u00e9nement dans un b\u00e2timent municipal est profond\u00e9ment scandaleux, et dire que la Ville ne peut pas agir est une mascarade.\u00a0\u00bb<\/p>\n<p>Les deux associations ont pr\u00e9vu une manifestation devant le Parc Expo samedi \u00e0 11 heures. L\u2019\u00e9lue V\u00e9ronique Falzone a indiqu\u00e9 qu\u2019elle se joindrait elle-m\u00eame \u00e0 cette manifestation.<\/p>\n<p class=\"note\">\u00c0 lire aussi\u00a0: <a href=\"https:\/\/www.leprogres.fr\/societe\/2025\/09\/28\/1-hectare-supplementaire-nouveaux-locaux-les-travaux-a-la-spa-ont-commence\" target=\"_blank\" rel=\"noopener\">Un hectare suppl\u00e9mentaire, nouveaux locaux\u2026 Les travaux \u00e0 la SPA ont commenc\u00e9<\/a><\/p>\n","protected":false},"excerpt":{"rendered":"\u00ab\u00a0Ce type d\u2019\u00e9v\u00e9nements pose la question de la marchandisation des animaux de compagnie. Alors que la France d\u00e9tient&hellip;\n","protected":false},"author":2,"featured_media":462665,"comment_status":"","ping_status":"","sticky":false,"template":"","format":"standard","meta":{"footnotes":""},"categories":[9653],"tags":[1111,11,1867,2430,1984,7539,1777,674,1011,27,12,316,25,4001,7538,104],"class_list":{"0":"post-462664","1":"post","2":"type-post","3":"status-publish","4":"format-standard","5":"has-post-thumbnail","7":"category-saint-etienne","8":"tag-actu","9":"tag-actualites","10":"tag-animaux","11":"tag-auvergne-rhone-alpes","12":"tag-conseil-municipal","13":"tag-edition-loire-sud","14":"tag-eu","15":"tag-europe","16":"tag-fr","17":"tag-france","18":"tag-news","19":"tag-politique","20":"tag-republique-francaise","21":"tag-saint-etienne","22":"tag-saint-etienne-ville","23":"tag-societe"},"share_on_mastodon":{"url":"https:\/\/pubeurope.com\/@fr\/115373251249382846","error":""},"_links":{"self":[{"href":"https:\/\/www.europesays.com\/fr\/wp-json\/wp\/v2\/posts\/462664","targetHints":{"allow":["GET"]}}],"collection":[{"href":"https:\/\/www.europesays.com\/fr\/wp-json\/wp\/v2\/posts"}],"about":[{"href":"https:\/\/www.europesays.com\/fr\/wp-json\/wp\/v2\/types\/post"}],"author":[{"embeddable":true,"href":"https:\/\/www.europesays.com\/fr\/wp-json\/wp\/v2\/users\/2"}],"replies":[{"embeddable":true,"href":"https:\/\/www.europesays.com\/fr\/wp-json\/wp\/v2\/comments?post=462664"}],"version-history":[{"count":0,"href":"https:\/\/www.europesays.com\/fr\/wp-json\/wp\/v2\/posts\/462664\/revisions"}],"wp:featuredmedia":[{"embeddable":true,"href":"https:\/\/www.europesays.com\/fr\/wp-json\/wp\/v2\/media\/462665"}],"wp:attachment":[{"href":"https:\/\/www.europesays.com\/fr\/wp-json\/wp\/v2\/media?parent=462664"}],"wp:term":[{"taxonomy":"category","embeddable":true,"href":"https:\/\/www.europesays.com\/fr\/wp-json\/wp\/v2\/categories?post=462664"},{"taxonomy":"post_tag","embeddable":true,"href":"https:\/\/www.europesays.com\/fr\/wp-json\/wp\/v2\/tags?post=462664"}],"curies":[{"name":"wp","href":"https:\/\/api.w.org\/{rel}","templated":true}]}}