{"id":462679,"date":"2025-10-14T15:42:10","date_gmt":"2025-10-14T15:42:10","guid":{"rendered":"https:\/\/www.europesays.com\/fr\/462679\/"},"modified":"2025-10-14T15:42:10","modified_gmt":"2025-10-14T15:42:10","slug":"on-vous-dit-ou-et-quand-4","status":"publish","type":"post","link":"https:\/\/www.europesays.com\/fr\/462679\/","title":{"rendered":"on vous dit o\u00f9 et quand"},"content":{"rendered":"<p>            Par<br \/>\n        <strong><br \/>\n            <a href=\"https:\/\/actu.fr\/auteur\/adrien-filoche\" title=\"Consulter tous les articles de Adrien Filoche\" target=\"_blank\" rel=\"noopener\">Adrien Filoche<\/a><br \/>\n        <\/strong><\/p>\n<p>        Publi\u00e9 le<\/p>\n<p>            14 oct. 2025 \u00e0 17h07        <\/p>\n<p><strong>600 tout rond.<\/strong> L\u2019enseigne Burger King a annonc\u00e9 l\u2019ouverture de son 600e restaurant en France. Ce sera donc \u00e0 <a href=\"https:\/\/actu.fr\/normandie\/le-grand-quevilly_76322\" target=\"_blank\" rel=\"noopener\">Grand-Quevilly (Seine-Maritime)<\/a>, pr\u00e8s de <a href=\"https:\/\/actu.fr\/normandie\/rouen_76540\" target=\"_blank\" rel=\"noopener\">Rouen<\/a>, que le sp\u00e9cialiste am\u00e9ricain du burger ouvrira son prochain fast-food.<\/p>\n<p>Le sixi\u00e8me Burger King de l\u2019agglo<\/p>\n<p class=\" wall-content\">L\u2019\u00e9tablissement prendra place au niveau du centre commercial Sud 3, rue Gay-Lessac. Il remplace l\u2019ancien b\u00e2timent o\u00f9 logeait l\u2019enseigne Gemo, d\u00e9truit il y a plusieurs mois. Une inauguration a \u00e9t\u00e9 programm\u00e9e \u00e0 la date du 12\u00a0novembre 2025.<\/p>\n<p class=\" wall-content\">En cette fin d\u2019ann\u00e9e, l\u2019enseigne a d\u00e9j\u00e0 inaugur\u00e9 un autre de ses restaurants <a href=\"https:\/\/actu.fr\/normandie\/maromme_76410\/burger-king-va-ouvrir-un-restaurant-dans-l-agglo-de-rouen-on-vous-dit-ou-et-quand_62525925.html\" target=\"_blank\" rel=\"noopener\">sur la commune de Maromme<\/a>, au niveau de l\u2019avenue du Val aux Dames. Avec ces deux ouvertures r\u00e9centes, on comptera d\u00e9sormais un total <strong>de six Burger King<\/strong> sur l\u2019ensemble de l\u2019agglom\u00e9ration rouennaise.<\/p>\n<p>Suivez l\u2019actualit\u00e9 de Rouen sur <a href=\"https:\/\/www.whatsapp.com\/channel\/0029VaKfnf99hXF2ddApFB1D\" target=\"_blank\" rel=\"noopener\">notre cha\u00eene WhatsApp<\/a> et sur <a href=\"https:\/\/www.tiktok.com\/@76actu.fr?lang=fr\" target=\"_blank\" rel=\"noopener\">notre compte TikTok<\/a><\/p>\n<p class=\" wall-content\">Personnalisez votre actualit\u00e9 en ajoutant vos villes et m\u00e9dias en favori avec <a href=\"https:\/\/moncompte.actu.fr\" title=\"D\u00e9couvez Mon Actu\" rel=\"nofollow noopener\" data-trk=\"{&quot;cta&quot;:{&quot;action&quot;:&quot;https:\\\/\\\/moncompte.actu.fr&quot;,&quot;category&quot;:&quot;mon compte&quot;,&quot;from&quot;:&quot;article footer&quot;,&quot;name&quot;:&quot;Mon actu&quot;,&quot;type&quot;:&quot;cta&quot;}}\" target=\"_blank\">Mon Actu<\/a>.<\/p>\n<p>                    <script async src=\"\/\/www.tiktok.com\/embed.js\"><\/script><\/p>\n","protected":false},"excerpt":{"rendered":"Par Adrien Filoche Publi\u00e9 le 14 oct. 2025 \u00e0 17h07 600 tout rond. L\u2019enseigne Burger King a annonc\u00e9&hellip;\n","protected":false},"author":2,"featured_media":462680,"comment_status":"","ping_status":"","sticky":false,"template":"","format":"standard","meta":{"footnotes":""},"categories":[9587],"tags":[1111,11,215,1777,674,1011,27,1652,12,5161,3147,25,1340,9590],"class_list":{"0":"post-462679","1":"post","2":"type-post","3":"status-publish","4":"format-standard","5":"has-post-thumbnail","7":"category-rouen","8":"tag-actu","9":"tag-actualites","10":"tag-commerce","11":"tag-eu","12":"tag-europe","13":"tag-fr","14":"tag-france","15":"tag-loisirs-culture","16":"tag-news","17":"tag-normandie","18":"tag-nouveaux-commerces","19":"tag-republique-francaise","20":"tag-restaurant","21":"tag-rouen"},"share_on_mastodon":{"url":"https:\/\/pubeurope.com\/@fr\/115373286612783385","error":""},"_links":{"self":[{"href":"https:\/\/www.europesays.com\/fr\/wp-json\/wp\/v2\/posts\/462679","targetHints":{"allow":["GET"]}}],"collection":[{"href":"https:\/\/www.europesays.com\/fr\/wp-json\/wp\/v2\/posts"}],"about":[{"href":"https:\/\/www.europesays.com\/fr\/wp-json\/wp\/v2\/types\/post"}],"author":[{"embeddable":true,"href":"https:\/\/www.europesays.com\/fr\/wp-json\/wp\/v2\/users\/2"}],"replies":[{"embeddable":true,"href":"https:\/\/www.europesays.com\/fr\/wp-json\/wp\/v2\/comments?post=462679"}],"version-history":[{"count":0,"href":"https:\/\/www.europesays.com\/fr\/wp-json\/wp\/v2\/posts\/462679\/revisions"}],"wp:featuredmedia":[{"embeddable":true,"href":"https:\/\/www.europesays.com\/fr\/wp-json\/wp\/v2\/media\/462680"}],"wp:attachment":[{"href":"https:\/\/www.europesays.com\/fr\/wp-json\/wp\/v2\/media?parent=462679"}],"wp:term":[{"taxonomy":"category","embeddable":true,"href":"https:\/\/www.europesays.com\/fr\/wp-json\/wp\/v2\/categories?post=462679"},{"taxonomy":"post_tag","embeddable":true,"href":"https:\/\/www.europesays.com\/fr\/wp-json\/wp\/v2\/tags?post=462679"}],"curies":[{"name":"wp","href":"https:\/\/api.w.org\/{rel}","templated":true}]}}