{"id":462683,"date":"2025-10-14T15:44:19","date_gmt":"2025-10-14T15:44:19","guid":{"rendered":"https:\/\/www.europesays.com\/fr\/462683\/"},"modified":"2025-10-14T15:44:19","modified_gmt":"2025-10-14T15:44:19","slug":"grenoble-pari-reussi-pour-le-bassin-semi-nordique-de-la-piscine-jean-bron","status":"publish","type":"post","link":"https:\/\/www.europesays.com\/fr\/462683\/","title":{"rendered":"Grenoble. Pari r\u00e9ussi pour le bassin \u201csemi-nordique\u201d de la piscine Jean-Bron ?"},"content":{"rendered":"<p>13 degr\u00e9s dehors. 27\u00b0 dans l\u2019eau. En maillot de bain, lunettes sur le nez et bonnet sur la t\u00eate, ce mardi matin, quelques dizaines d\u2019\u00e9l\u00e8ves de CP et CM2 des \u00e9coles Beauvert et Aubrac s\u2019appr\u00eatent \u00e0 plonger dans le bassin de la piscine Jean-Bron. \u00ab\u00a0\u00c7a va, elle n\u2019est ni chaude ni froide\u00a0\u00bb, constate Leticia, 10 ans.<\/p>\n<p>Avec ses camarades de classe, ils encha\u00eenent les allers-retours avec des&#8230;<\/p>\n","protected":false},"excerpt":{"rendered":"13 degr\u00e9s dehors. 27\u00b0 dans l\u2019eau. En maillot de bain, lunettes sur le nez et bonnet sur la&hellip;\n","protected":false},"author":2,"featured_media":462684,"comment_status":"","ping_status":"","sticky":false,"template":"","format":"standard","meta":{"footnotes":""},"categories":[9566],"tags":[1111,11,2430,1687,112,1057,1777,674,1011,27,2731,2732,108,5216,12,25,104,1631],"class_list":{"0":"post-462683","1":"post","2":"type-post","3":"status-publish","4":"format-standard","5":"has-post-thumbnail","7":"category-grenoble","8":"tag-actu","9":"tag-actualites","10":"tag-auvergne-rhone-alpes","11":"tag-culture-loisirs","12":"tag-edition-grenoble-agglomeration","13":"tag-education","14":"tag-eu","15":"tag-europe","16":"tag-fr","17":"tag-france","18":"tag-grenoble","19":"tag-grenoble-bassin","20":"tag-isere","21":"tag-natation","22":"tag-news","23":"tag-republique-francaise","24":"tag-societe","25":"tag-vie-associative"},"share_on_mastodon":{"url":"https:\/\/pubeurope.com\/@fr\/115373294542955790","error":""},"_links":{"self":[{"href":"https:\/\/www.europesays.com\/fr\/wp-json\/wp\/v2\/posts\/462683","targetHints":{"allow":["GET"]}}],"collection":[{"href":"https:\/\/www.europesays.com\/fr\/wp-json\/wp\/v2\/posts"}],"about":[{"href":"https:\/\/www.europesays.com\/fr\/wp-json\/wp\/v2\/types\/post"}],"author":[{"embeddable":true,"href":"https:\/\/www.europesays.com\/fr\/wp-json\/wp\/v2\/users\/2"}],"replies":[{"embeddable":true,"href":"https:\/\/www.europesays.com\/fr\/wp-json\/wp\/v2\/comments?post=462683"}],"version-history":[{"count":0,"href":"https:\/\/www.europesays.com\/fr\/wp-json\/wp\/v2\/posts\/462683\/revisions"}],"wp:featuredmedia":[{"embeddable":true,"href":"https:\/\/www.europesays.com\/fr\/wp-json\/wp\/v2\/media\/462684"}],"wp:attachment":[{"href":"https:\/\/www.europesays.com\/fr\/wp-json\/wp\/v2\/media?parent=462683"}],"wp:term":[{"taxonomy":"category","embeddable":true,"href":"https:\/\/www.europesays.com\/fr\/wp-json\/wp\/v2\/categories?post=462683"},{"taxonomy":"post_tag","embeddable":true,"href":"https:\/\/www.europesays.com\/fr\/wp-json\/wp\/v2\/tags?post=462683"}],"curies":[{"name":"wp","href":"https:\/\/api.w.org\/{rel}","templated":true}]}}