{"id":462687,"date":"2025-10-14T15:46:12","date_gmt":"2025-10-14T15:46:12","guid":{"rendered":"https:\/\/www.europesays.com\/fr\/462687\/"},"modified":"2025-10-14T15:46:12","modified_gmt":"2025-10-14T15:46:12","slug":"il-y-a-des-jeunes-en-perdition-sur-la-commune-en-bretagne-le-domicile-de-ce-maire-vise-par-des-jets-de-petards","status":"publish","type":"post","link":"https:\/\/www.europesays.com\/fr\/462687\/","title":{"rendered":"\u00ab Il y a des jeunes en perdition sur la commune \u00bb\u00a0: en Bretagne, le domicile de ce maire vis\u00e9 par des jets de p\u00e9tards"},"content":{"rendered":"<p>En septembre, apr\u00e8s un an, la mesure prend fin. \u00ab Elle a \u00e9t\u00e9 efficace et il y a eu une sensibilisation des familles. Il n\u2019y a pas eu de d\u00e9gradations dans la commune pendant cette p\u00e9riode et aucune verbalisation des jeunes. Nous avons \u00e9t\u00e9 tranquilles, assure St\u00e9phane Piquet, maire de la commune. Nous avons juste voulu le laisser pendant l\u2019\u00e9t\u00e9 par prudence. \u00bb<\/p>\n<p>Des jets de p\u00e9tards<\/p>\n<p>Le 6 octobre dernier, le couvre-feu a fait son retour. Depuis la fin de la mesure, quelques d\u00e9gradations ont \u00e9t\u00e9 constat\u00e9es dans la commune \u00ab sur des aires de jeux. Mais c\u2019\u00e9tait minime \u00bb, explique St\u00e9phane Piquet.<\/p>\n<p>Jusqu\u2019au \u00ab coup de chaud \u00bb du samedi 4 octobre, comme le d\u00e9crit St\u00e9phane Piquet. Ce soir-l\u00e0, vers 21 h, une dizaine de jeunes lance des p\u00e9tards sur son domicile. A l\u2019int\u00e9rieur, sa fille et son compagnon et son petit-fils. \u00ab Je n\u2019\u00e9tais pas l\u00e0. Ma fille a d\u2019abord appel\u00e9 les gendarmes, avant de me pr\u00e9venir. Ils ont d\u00e9pos\u00e9 des p\u00e9tards sur les rebords des fen\u00eatres, retrace S\u00e9bastien Piquet. J\u2019avais vu un peu avant que des jeunes tra\u00eenaient dans la ville. \u00bb<\/p>\n<p>Pour plusieurs mois<\/p>\n<p>C\u2019est donc contraints par ces \u00e9v\u00e9nements que St\u00e9phane Piquet et sa municipalit\u00e9 ont d\u00e9cid\u00e9 de remettre la mesure \u00ab pour une p\u00e9riode de deux ou trois mois, le temps que \u00e7a s\u2019apaise. \u00bb \u00ab Je n\u2019explique pas ce qu\u2019il s\u2019est pass\u00e9 samedi. Il y a des jeunes en perdition sur la commune et il y a eu sans doute un petit coup d\u2019\u00e9nervement \u00bb, mod\u00e8re le maire. Apr\u00e8s l\u2019intervention des gendarmes, qui ont rep\u00e9r\u00e9 et entendu les jeunes, l\u2019\u00e9dile a d\u00e9poser plainte.<\/p>\n<p>Pour autant, ce dernier ne voit pas ce retour en arri\u00e8re comme un \u00e9chec. \u00ab La commune \u00e9tait tranquille depuis plus d\u2019un an. L\u2019objectif n\u2019est pas d\u2019avoir constamment le couvre-feu. Nous voulons qu\u2019il soit davantage \u00e9ducatif et p\u00e9dagogique que dissuasif. Nous poursuivons notre politique d\u2019accueil. C\u2019\u00e9tait un coup de chaud ponctuel, r\u00e9p\u00e8te St\u00e9phane Piquet. Nous allons refaire passer le message. Il y a des r\u00e8gles et il faut qu\u2019elles soient appliqu\u00e9es pour tout le monde. \u00bb<\/p>\n","protected":false},"excerpt":{"rendered":"En septembre, apr\u00e8s un an, la mesure prend fin. \u00ab Elle a \u00e9t\u00e9 efficace et il y a&hellip;\n","protected":false},"author":2,"featured_media":462688,"comment_status":"","ping_status":"","sticky":false,"template":"","format":"standard","meta":{"footnotes":""},"categories":[2821],"tags":[1111,11,829,1777,674,3383,1011,27,848,12,584,25],"class_list":{"0":"post-462687","1":"post","2":"type-post","3":"status-publish","4":"format-standard","5":"has-post-thumbnail","7":"category-rennes","8":"tag-actu","9":"tag-actualites","10":"tag-bretagne","11":"tag-eu","12":"tag-europe","13":"tag-faits-divers-a-rennes","14":"tag-fr","15":"tag-france","16":"tag-ille-et-vilaine","17":"tag-news","18":"tag-rennes","19":"tag-republique-francaise"},"share_on_mastodon":{"url":"https:\/\/pubeurope.com\/@fr\/115373302333666759","error":""},"_links":{"self":[{"href":"https:\/\/www.europesays.com\/fr\/wp-json\/wp\/v2\/posts\/462687","targetHints":{"allow":["GET"]}}],"collection":[{"href":"https:\/\/www.europesays.com\/fr\/wp-json\/wp\/v2\/posts"}],"about":[{"href":"https:\/\/www.europesays.com\/fr\/wp-json\/wp\/v2\/types\/post"}],"author":[{"embeddable":true,"href":"https:\/\/www.europesays.com\/fr\/wp-json\/wp\/v2\/users\/2"}],"replies":[{"embeddable":true,"href":"https:\/\/www.europesays.com\/fr\/wp-json\/wp\/v2\/comments?post=462687"}],"version-history":[{"count":0,"href":"https:\/\/www.europesays.com\/fr\/wp-json\/wp\/v2\/posts\/462687\/revisions"}],"wp:featuredmedia":[{"embeddable":true,"href":"https:\/\/www.europesays.com\/fr\/wp-json\/wp\/v2\/media\/462688"}],"wp:attachment":[{"href":"https:\/\/www.europesays.com\/fr\/wp-json\/wp\/v2\/media?parent=462687"}],"wp:term":[{"taxonomy":"category","embeddable":true,"href":"https:\/\/www.europesays.com\/fr\/wp-json\/wp\/v2\/categories?post=462687"},{"taxonomy":"post_tag","embeddable":true,"href":"https:\/\/www.europesays.com\/fr\/wp-json\/wp\/v2\/tags?post=462687"}],"curies":[{"name":"wp","href":"https:\/\/api.w.org\/{rel}","templated":true}]}}