{"id":462695,"date":"2025-10-14T15:50:21","date_gmt":"2025-10-14T15:50:21","guid":{"rendered":"https:\/\/www.europesays.com\/fr\/462695\/"},"modified":"2025-10-14T15:50:21","modified_gmt":"2025-10-14T15:50:21","slug":"nice-un-partenariat-entre-la-faculte-de-droit-et-le-tribunal-de-commerce","status":"publish","type":"post","link":"https:\/\/www.europesays.com\/fr\/462695\/","title":{"rendered":"Nice : Un partenariat entre la facult\u00e9 de Droit et le tribunal de commerce (\u2026)"},"content":{"rendered":"<p>                    <img loading=\"lazy\" decoding=\"async\" src=\"https:\/\/www.europesays.com\/fr\/wp-content\/uploads\/2025\/10\/0860b74adefc008f124d9270a891e0.png\" class=\"img-responsive post-image\" width=\"680\" height=\"510\" alt=\"Nice : Un partenariat (\u2026)\" title=\"Nice : Un partenariat entre la facult\u00e9 de Droit et le tribunal de commerce de Nice pour rapprocher \u00e9tudiants et magistrats\"\/><\/p>\n<p class=\"chapo\">Le 26 septembre, une convention de partenariat a \u00e9t\u00e9 sign\u00e9e entre la facult\u00e9 de Droit et Science politique d\u2019Universit\u00e9 C\u00f4te d\u2019Azur et le tribunal de commerce de Nice. Cet accord marque une nouvelle \u00e9tape dans la coop\u00e9ration entre le monde universitaire et les acteurs de la justice \u00e9conomique locale.<\/p>\n<p>La signature s\u2019est d\u00e9roul\u00e9e en pr\u00e9sence de la Pr<strong> Eva Mouial Bassilana<\/strong>, doyenne de la Facult\u00e9, et de <strong>Thierry S\u00e9on<\/strong>, pr\u00e9sident du Tribunal de commerce de Nice, accompagn\u00e9s d\u2019<strong>\u00c9ric Hanoune<\/strong>, vice-pr\u00e9sident du Tribunal. Plusieurs enseignants et responsables du Master Droit des affaires \u2013 les Pr <strong>Irina Parachkevova, Marina Teller, Patrice Reis, Gustavo Cerqueira, Walid Chaiehloudj<\/strong> et <strong>Julie Charpenet <\/strong> \u2013 ainsi que <strong>Giulio Cesare Giorgini<\/strong>, directeur du Master 2 Droit et pratique du commerce international, ont \u00e9galement assist\u00e9 \u00e0 la c\u00e9r\u00e9monie.<\/p>\n<p>Renforcer les liens entre formation universitaire et pratique judiciaire<\/p>\n<p>Ce partenariat ambitieux vise \u00e0 renforcer les liens entre formation universitaire et pratique judiciaire. Le tribunal de commerce de Nice s\u2019engage \u00e0 accueillir r\u00e9guli\u00e8rement des \u00e9tudiants de master pour leur permettre d\u2019assister \u00e0 des audiences dans diff\u00e9rents domaines du droit des affaires \u2013 contentieux g\u00e9n\u00e9ral, r\u00e9f\u00e9r\u00e9s ou encore proc\u00e9dures collectives. Ces immersions offriront aux \u00e9tudiants une compr\u00e9hension concr\u00e8te du fonctionnement de la justice commerciale et de la dynamique des d\u00e9cisions \u00e9conomiques. Les \u00e9tudiantes et \u00e9tudiants auront \u00e9galement l\u2019occasion d\u2019\u00e9changer directement avec les juges consulaires, \u00e0 l\u2019issue des audiences, afin d\u2019approfondir leur compr\u00e9hension des enjeux pratiques du contentieux commercial. Le Tribunal proposera en outre des stages courts durant les pauses p\u00e9dagogiques, favorisant ainsi une premi\u00e8re exp\u00e9rience professionnelle au sein de l\u2019institution judiciaire.<\/p>\n<p>En retour, les magistrats consulaires interviendront \u00e0 la facult\u00e9 pour pr\u00e9senter leurs missions et partager leur exp\u00e9rience du r\u00e8glement des litiges \u00e9conomiques, contribuant ainsi \u00e0 rapprocher enseignement th\u00e9orique et pratique judiciaire.<br class=\"autobr\"\/><br \/>\nCette collaboration illustre la volont\u00e9 commune de l\u2019Universit\u00e9 C\u00f4te d\u2019Azur et du Tribunal de commerce de Nice de favoriser l\u2019insertion professionnelle des juristes en formation et de soutenir une p\u00e9dagogie ouverte sur les r\u00e9alit\u00e9s \u00e9conomiques et judiciaires contemporaines.<\/p>\n<p>Photo de Une\u00a0: \u00a9facult\u00e9 de Droit et Science politique d\u2019Universit\u00e9 C\u00f4te d\u2019Azur<\/p>\n","protected":false},"excerpt":{"rendered":"Le 26 septembre, une convention de partenariat a \u00e9t\u00e9 sign\u00e9e entre la facult\u00e9 de Droit et Science politique&hellip;\n","protected":false},"author":2,"featured_media":462696,"comment_status":"","ping_status":"","sticky":false,"template":"","format":"standard","meta":{"footnotes":""},"categories":[2819],"tags":[1111,11,2408,1777,674,1011,27,12,2401,882,25],"class_list":{"0":"post-462695","1":"post","2":"type-post","3":"status-publish","4":"format-standard","5":"has-post-thumbnail","7":"category-nice","8":"tag-actu","9":"tag-actualites","10":"tag-appels-d","11":"tag-eu","12":"tag-europe","13":"tag-fr","14":"tag-france","15":"tag-news","16":"tag-nice","17":"tag-provence-alpes-cote-dazur","18":"tag-republique-francaise"},"share_on_mastodon":{"url":"https:\/\/pubeurope.com\/@fr\/115373318687073502","error":""},"_links":{"self":[{"href":"https:\/\/www.europesays.com\/fr\/wp-json\/wp\/v2\/posts\/462695","targetHints":{"allow":["GET"]}}],"collection":[{"href":"https:\/\/www.europesays.com\/fr\/wp-json\/wp\/v2\/posts"}],"about":[{"href":"https:\/\/www.europesays.com\/fr\/wp-json\/wp\/v2\/types\/post"}],"author":[{"embeddable":true,"href":"https:\/\/www.europesays.com\/fr\/wp-json\/wp\/v2\/users\/2"}],"replies":[{"embeddable":true,"href":"https:\/\/www.europesays.com\/fr\/wp-json\/wp\/v2\/comments?post=462695"}],"version-history":[{"count":0,"href":"https:\/\/www.europesays.com\/fr\/wp-json\/wp\/v2\/posts\/462695\/revisions"}],"wp:featuredmedia":[{"embeddable":true,"href":"https:\/\/www.europesays.com\/fr\/wp-json\/wp\/v2\/media\/462696"}],"wp:attachment":[{"href":"https:\/\/www.europesays.com\/fr\/wp-json\/wp\/v2\/media?parent=462695"}],"wp:term":[{"taxonomy":"category","embeddable":true,"href":"https:\/\/www.europesays.com\/fr\/wp-json\/wp\/v2\/categories?post=462695"},{"taxonomy":"post_tag","embeddable":true,"href":"https:\/\/www.europesays.com\/fr\/wp-json\/wp\/v2\/tags?post=462695"}],"curies":[{"name":"wp","href":"https:\/\/api.w.org\/{rel}","templated":true}]}}