{"id":462699,"date":"2025-10-14T15:52:24","date_gmt":"2025-10-14T15:52:24","guid":{"rendered":"https:\/\/www.europesays.com\/fr\/462699\/"},"modified":"2025-10-14T15:52:24","modified_gmt":"2025-10-14T15:52:24","slug":"la-guerre-des-clans-erin-hunter-en-dedicace-demain-mercredi-a-la-fnac-de-nantes","status":"publish","type":"post","link":"https:\/\/www.europesays.com\/fr\/462699\/","title":{"rendered":"La Guerre des clans\u00a0: Erin Hunter en d\u00e9dicace demain mercredi \u00e0 la Fnac de Nantes"},"content":{"rendered":"<p>Venu du Royaume-Uni, c\u2019est le nouveau ph\u00e9nom\u00e8ne apr\u00e8s Harry Potter. Mercredi, \u00e0 l\u2019occasion de la publication du nouveau tome illustr\u00e9 La Guerre des Clans \u2013 Collector Tome 1 \u2013 Retour \u00e0 l\u2019\u00e9tat sauvage\u00a0Rosie Best, l\u2019une des autrices du collectif sera \u00e0 la Fnac de Nantes pour rencontrer ses lecteurs lors d\u2019une s\u00e9ance de d\u00e9dicaces des livres de la s\u00e9rie. Un \u00e9v\u00e9nement que les jeunes fans (de 7 \u00e0 16\u00a0ans en moyenne) ne devraient pas manquer.<\/p>\n<p>Cette s\u00e9rie de romans fantasy est centr\u00e9e sur les aventures de quatre clans de chats sauvages qui vivent dans la for\u00eat.\u00a0Parmi ces clans on retrouve celui du Tonnerre, du Vent, de la Rivi\u00e8re, de l\u2019Ombre et du Ciel. Le clan des \u00e9toiles est compos\u00e9 des chats d\u00e9funts et r\u00e9side au sein de la \u00ab\u00a0Toison Argent\u00e9e\u00a0\u00bb. R\u00e9serv\u00e9 aux chats ayant fait et voulu le bien durant son s\u00e9jour dans son clan et qui a respect\u00e9 le code du guerrier. Il est oppos\u00e9 \u00e0 la For\u00eat Sombre.\u00a0La collection est compos\u00e9e de 8\u00a0cycles qui contiennent chacun 6\u00a0livres. Et les pr\u00e9ados en redemandent\u2026 <strong>Mercredi 15\u00a0octobre, \u00e0 14\u00a0h, Fnac Nantes.<\/strong><\/p>\n<p>\t<img decoding=\"async\" src=\"https:\/\/www.europesays.com\/fr\/wp-content\/uploads\/2025\/10\/P35521742D7019816G_px_640_.jpg\" alt=\"photo la s\u00e9rie fantasy \u00e0 succ\u00e8s  \u00a9  fnac\" width=\"640\" title=\" La s\u00e9rie fantasy \u00e0 succ\u00e8s   fnac \"\/><\/p>\n<p class=\"elmt-legende\"> La s\u00e9rie fantasy \u00e0 succ\u00e8s   fnac <\/p>\n<p>\u00a0<\/p>\n","protected":false},"excerpt":{"rendered":"Venu du Royaume-Uni, c\u2019est le nouveau ph\u00e9nom\u00e8ne apr\u00e8s Harry Potter. Mercredi, \u00e0 l\u2019occasion de la publication du nouveau&hellip;\n","protected":false},"author":2,"featured_media":462700,"comment_status":"","ping_status":"","sticky":false,"template":"","format":"standard","meta":{"footnotes":""},"categories":[2818],"tags":[1111,11,58680,21073,12351,58681,1777,674,13553,1011,27,1146,58682,6774,766,12,2636,25],"class_list":{"0":"post-462699","1":"post","2":"type-post","3":"status-publish","4":"format-standard","5":"has-post-thumbnail","7":"category-nantes","8":"tag-actu","9":"tag-actualites","10":"tag-clans","11":"tag-dedicace","12":"tag-demain","13":"tag-erin","14":"tag-eu","15":"tag-europe","16":"tag-fnac","17":"tag-fr","18":"tag-france","19":"tag-guerre","20":"tag-hunter","21":"tag-mercredi","22":"tag-nantes","23":"tag-news","24":"tag-pays-de-la-loire","25":"tag-republique-francaise"},"share_on_mastodon":{"url":"https:\/\/pubeurope.com\/@fr\/115373326330843313","error":""},"_links":{"self":[{"href":"https:\/\/www.europesays.com\/fr\/wp-json\/wp\/v2\/posts\/462699","targetHints":{"allow":["GET"]}}],"collection":[{"href":"https:\/\/www.europesays.com\/fr\/wp-json\/wp\/v2\/posts"}],"about":[{"href":"https:\/\/www.europesays.com\/fr\/wp-json\/wp\/v2\/types\/post"}],"author":[{"embeddable":true,"href":"https:\/\/www.europesays.com\/fr\/wp-json\/wp\/v2\/users\/2"}],"replies":[{"embeddable":true,"href":"https:\/\/www.europesays.com\/fr\/wp-json\/wp\/v2\/comments?post=462699"}],"version-history":[{"count":0,"href":"https:\/\/www.europesays.com\/fr\/wp-json\/wp\/v2\/posts\/462699\/revisions"}],"wp:featuredmedia":[{"embeddable":true,"href":"https:\/\/www.europesays.com\/fr\/wp-json\/wp\/v2\/media\/462700"}],"wp:attachment":[{"href":"https:\/\/www.europesays.com\/fr\/wp-json\/wp\/v2\/media?parent=462699"}],"wp:term":[{"taxonomy":"category","embeddable":true,"href":"https:\/\/www.europesays.com\/fr\/wp-json\/wp\/v2\/categories?post=462699"},{"taxonomy":"post_tag","embeddable":true,"href":"https:\/\/www.europesays.com\/fr\/wp-json\/wp\/v2\/tags?post=462699"}],"curies":[{"name":"wp","href":"https:\/\/api.w.org\/{rel}","templated":true}]}}