{"id":462701,"date":"2025-10-14T15:53:14","date_gmt":"2025-10-14T15:53:14","guid":{"rendered":"https:\/\/www.europesays.com\/fr\/462701\/"},"modified":"2025-10-14T15:53:14","modified_gmt":"2025-10-14T15:53:14","slug":"la-famille-avait-fait-lobjet-de-signalements","status":"publish","type":"post","link":"https:\/\/www.europesays.com\/fr\/462701\/","title":{"rendered":"la famille avait fait l&rsquo;objet de signalements"},"content":{"rendered":"<p>\n    Le D\u00e9partement avait saisi la justice en juin au regard d\u2019une situation familiale pr\u00e9occupante. Le parquet pr\u00e9cise que la situation a bien \u00e9t\u00e9 trait\u00e9e. Un juge des enfants s\u2019est empar\u00e9 de l\u2019affaire en septembre.<\/p>\n<p class=\"fig-paragraph\">Une femme de 25 ans et son compagnon de 19 ans ont \u00e9t\u00e9 mis en examen dimanche en\u00a0<a href=\"http:\/\/www.lefigaro.fr\/nantes\/pres-de-nantes-enceinte-de-7-mois-elle-perd-son-bebe-apres-avoir-ete-mordue-par-son-chien-20251014\" target=\"_blank\" data-fig-type=\"NewsFlash\" rel=\"noopener\" data-gtm-custom-categorie=\"navigation\" data-gtm-custom-action=\"crossclick\" data-gtm-custom-label=\"Contextuel\" data-gtm-event=\"customEventSPE\" data-fig-domain=\"LEFIGARO\">Loire-Atlantique<\/a>\u00a0pour\u00a0<a href=\"http:\/\/www.lefigaro.fr\/nantes\/pres-de-nantes-un-couple-arrete-apres-la-mort-d-un-bebe-et-la-negligence-extreme-de-4-autres-enfants-20251013\" target=\"_blank\" data-fig-type=\"NewsFlash\" rel=\"noopener\" data-gtm-custom-categorie=\"navigation\" data-gtm-custom-action=\"crossclick\" data-gtm-custom-label=\"Contextuel\" data-gtm-event=\"customEventSPE\" data-fig-domain=\"LEFIGARO\">\u00abcrime de d\u00e9laissement\u00bb<\/a>. Vendredi, la m\u00e8re de famille s\u2019\u00e9tait pr\u00e9sent\u00e9e avec un b\u00e9b\u00e9 de huit mois, mort, au centre hospitalier de\u00a0<a href=\"http:\/\/www.lefigaro.fr\/nantes\/chateaubriant-la-mairie-recoit-100-000-euros-de-dons-pour-la-police-municipale-20231231\" target=\"_blank\" data-fig-type=\"NewsFlash\" rel=\"noopener\" data-gtm-custom-categorie=\"navigation\" data-gtm-custom-action=\"crossclick\" data-gtm-custom-label=\"Contextuel\" data-gtm-event=\"customEventSPE\" data-fig-domain=\"LEFIGARO\">Ch\u00e2teaubriant<\/a>. Il se trouve que ce foyer avait fait l\u2019objet de signalements \u00e0 la justice et d&rsquo;une mesure judiciaire, a appris mardi l\u2019AFP aupr\u00e8s du parquet et du D\u00e9partement.<\/p>\n<p class=\"fig-paragraph\">\u00abSuivie par les services du D\u00e9partement, la situation familiale a fait l&rsquo;objet d&rsquo;informations pr\u00e9occupantes (&#8230;) Des \u00e9valuations ont \u00e9t\u00e9 men\u00e9es par les travailleurs sociaux dans un contexte d&rsquo;\u00e9vitement fort des parents\u00a0: refus de rendez-vous, refus de visites \u00e0 domicile, absences aux rendez-vous\u00bb, a affirm\u00e9 le\u00a0<a href=\"http:\/\/www.lefigaro.fr\/nantes\/face-au-vieillissement-de-la-population-le-departement-de-loire-atlantique-veut-mieux-aider-ses-aidants-20251009\" target=\"_blank\" data-fig-type=\"NewsFlash\" rel=\"noopener\" data-gtm-custom-categorie=\"navigation\" data-gtm-custom-action=\"crossclick\" data-gtm-custom-label=\"Contextuel\" data-gtm-event=\"customEventSPE\" data-fig-domain=\"LEFIGARO\">d\u00e9partement de Loire-Atlantique<\/a>\u00a0dans un communiqu\u00e9 envoy\u00e9 lundi soir. \u00abFace \u00e0 cette obstruction r\u00e9p\u00e9t\u00e9e et \u00e0 la d\u00e9gradation de la situation constat\u00e9e par nos services, le D\u00e9partement avait saisi la justice en vue d&rsquo;une demande de placement des enfants\u00bb, a-t-il ajout\u00e9.<\/p>\n<p>                                    <a class=\"fig-a11y-skip a11y-hidden\" href=\"#fig-a11y-skip-main-inarticle\"><br \/>\n        Passer la publicit\u00e9<br \/>\n    <\/a><\/p>\n<p>Des signalements remontant au mois de juin<\/p>\n<p class=\"fig-paragraph\">Le parquet a cependant nuanc\u00e9 cette derni\u00e8re affirmation aupr\u00e8s de l&rsquo;AFP, pr\u00e9cisant que deux signalements avaient \u00e9t\u00e9 re\u00e7us au mois de juin\u00a0: l&rsquo;un concernait les deux a\u00een\u00e9s et demandait la mise en place d&rsquo;une \u00abmesure d&rsquo;aide \u00e9ducative\u00bb, en \u00e9voquant un placement si des violences \u00ab\u00e9taient effectivement caract\u00e9ris\u00e9es\u00bb\u00a0; le second concernait les trois benjamins et demandait cette fois une \u00abmesure d&rsquo;investigation \u00e9ducative\u00bb. Il ne s&rsquo;agissait ni pour l&rsquo;un ni pour l&rsquo;autre d&rsquo;une \u00absaisine du parquet en urgence\u00bb, a pr\u00e9cis\u00e9 le procureur de la R\u00e9publique de Nantes, Antoine Leroy.<\/p>\n<p class=\"fig-paragraph\">\u00abLe juge des enfants a \u00e9t\u00e9 saisi de ces situations et, le 18 septembre, a pris une d\u00e9cision d&rsquo;aide \u00e9ducative, comme demand\u00e9 par le Conseil d\u00e9partemental. La famille ne pouvait plus refuser que les travailleurs sociaux entrent dans leur maison\u00bb, a-t-il expliqu\u00e9. \u00abNi l&rsquo;ASE (aide sociale \u00e0 l&rsquo;enfance) ni la justice n&rsquo;ont dysfonctionn\u00e9 dans ce dossier et dans ce drame\u00bb, a-t-il ajout\u00e9.<\/p>\n<p class=\"fig-paragraph\">Vendredi, la m\u00e8re des cinq enfants, s&rsquo;\u00e9tait rendue aux urgences de l&rsquo;h\u00f4pital avec un b\u00e9b\u00e9 portant des \u00abl\u00e9sions et ecchymoses en divers endroits du corps\u00bb, selon le parquet. Les examens pratiqu\u00e9s sur les quatre autres enfants &#8211;\u00a0dont le jumeau du b\u00e9b\u00e9 d\u00e9c\u00e9d\u00e9\u00a0-, \u00e2g\u00e9s de huit mois \u00e0 6 ans, ont mis en \u00e9vidence \u00abune d\u00e9gradation physiologique extr\u00eame et un \u00e9tat sanitaire \u00e9galement hautement d\u00e9grad\u00e9\u00bb. Ils font l&rsquo;objet d&rsquo;un placement provisoire. La m\u00e8re des enfants et le p\u00e8re des trois benjamins, mis en examen dimanche, ont \u00e9t\u00e9 plac\u00e9s en d\u00e9tention provisoire.<\/p>\n","protected":false},"excerpt":{"rendered":"Le D\u00e9partement avait saisi la justice en juin au regard d\u2019une situation familiale pr\u00e9occupante. Le parquet pr\u00e9cise que&hellip;\n","protected":false},"author":2,"featured_media":462702,"comment_status":"","ping_status":"","sticky":false,"template":"","format":"standard","meta":{"footnotes":""},"categories":[2818],"tags":[1111,11,3493,1777,674,652,1011,27,766,12,2636,25],"class_list":{"0":"post-462701","1":"post","2":"type-post","3":"status-publish","4":"format-standard","5":"has-post-thumbnail","7":"category-nantes","8":"tag-actu","9":"tag-actualites","10":"tag-bebe","11":"tag-eu","12":"tag-europe","13":"tag-famille","14":"tag-fr","15":"tag-france","16":"tag-nantes","17":"tag-news","18":"tag-pays-de-la-loire","19":"tag-republique-francaise"},"share_on_mastodon":{"url":"https:\/\/pubeurope.com\/@fr\/115373329866256237","error":""},"_links":{"self":[{"href":"https:\/\/www.europesays.com\/fr\/wp-json\/wp\/v2\/posts\/462701","targetHints":{"allow":["GET"]}}],"collection":[{"href":"https:\/\/www.europesays.com\/fr\/wp-json\/wp\/v2\/posts"}],"about":[{"href":"https:\/\/www.europesays.com\/fr\/wp-json\/wp\/v2\/types\/post"}],"author":[{"embeddable":true,"href":"https:\/\/www.europesays.com\/fr\/wp-json\/wp\/v2\/users\/2"}],"replies":[{"embeddable":true,"href":"https:\/\/www.europesays.com\/fr\/wp-json\/wp\/v2\/comments?post=462701"}],"version-history":[{"count":0,"href":"https:\/\/www.europesays.com\/fr\/wp-json\/wp\/v2\/posts\/462701\/revisions"}],"wp:featuredmedia":[{"embeddable":true,"href":"https:\/\/www.europesays.com\/fr\/wp-json\/wp\/v2\/media\/462702"}],"wp:attachment":[{"href":"https:\/\/www.europesays.com\/fr\/wp-json\/wp\/v2\/media?parent=462701"}],"wp:term":[{"taxonomy":"category","embeddable":true,"href":"https:\/\/www.europesays.com\/fr\/wp-json\/wp\/v2\/categories?post=462701"},{"taxonomy":"post_tag","embeddable":true,"href":"https:\/\/www.europesays.com\/fr\/wp-json\/wp\/v2\/tags?post=462701"}],"curies":[{"name":"wp","href":"https:\/\/api.w.org\/{rel}","templated":true}]}}