{"id":462705,"date":"2025-10-14T15:55:19","date_gmt":"2025-10-14T15:55:19","guid":{"rendered":"https:\/\/www.europesays.com\/fr\/462705\/"},"modified":"2025-10-14T15:55:19","modified_gmt":"2025-10-14T15:55:19","slug":"gratuit-ce-festival-dedie-a-la-culture-skate-investit-des-lieux-emblematiques-de-bordeaux","status":"publish","type":"post","link":"https:\/\/www.europesays.com\/fr\/462705\/","title":{"rendered":"Gratuit, ce festival d\u00e9di\u00e9 \u00e0 la culture skate investit des lieux embl\u00e9matiques de Bordeaux"},"content":{"rendered":"<p>            Par<br \/>\n        <strong><br \/>\n            <a href=\"https:\/\/actu.fr\/auteur\/juliette-cardinale\" title=\"Consulter tous les articles de Juliette Cardinale\" target=\"_blank\" rel=\"noopener\">Juliette Cardinale<\/a><br \/>\n        <\/strong><\/p>\n<p>        Publi\u00e9 le<\/p>\n<p>            14 oct. 2025 \u00e0 17h19        <\/p>\n<p>Le festival Connect, consacr\u00e9 \u00e0 la culture skate, est de retour <a href=\"https:\/\/actu.fr\/bordeaux\/\" target=\"_blank\" rel=\"noopener\">\u00e0 Bordeaux<\/a> du 16 au 19 octobre 2025 pour sa deuxi\u00e8me \u00e9dition. L\u2019\u00e9v\u00e8nement doit mettre en lumi\u00e8re diff\u00e9rents aspects du skate au c\u0153ur de la Cour Mably. Pour l\u2019occasion, des sculptures et installations ont \u00e9t\u00e9 mises en place dans <strong>six lieux embl\u00e9matiques de la ville.<\/strong><\/p>\n<p class=\" wall-content\">Au total, \u00ab\u00a010 sculptures en b\u00e9ton, 5 blocs de granit et 1 cr\u00e9ation sign\u00e9e Skateistan\u00a0\u00bb ont \u00e9t\u00e9 install\u00e9es <strong>au Miroir d\u2019eau,<\/strong> cour du Chapeau Rouge, parvis Edmond G\u00e9raud, \u00e0 la Maison \u00e9cocitoyenne place Marie de Goumay et parvis des Fr\u00e8res Pouyanne, listent les organisateurs. Les structures ont \u00e9t\u00e9 con\u00e7ues \u00ab\u00a0pour \u00eatre \u00e0 la fois contempl\u00e9es et parcourues\u00a0\u00bb.\u00a0Les skateurs, artistes et passants sont ainsi invit\u00e9s \u00ab\u00a0\u00e0 red\u00e9couvrir l\u2019espace urbain autrement\u00a0\u00bb.<\/p>\n<p>Une programmation riche<\/p>\n<p class=\" wall-content\">Entre le Miroir d\u2019eau et la placette de Munich, une <a href=\"https:\/\/actu.fr\/loisirs-culture\/expo\" target=\"_blank\" rel=\"noopener\">exposition<\/a> met en avant les photographies de David Manaud, m\u00ealant skate et espace public. Mais le QG du festival est \u00e0 <strong>la Cour Mably,<\/strong> o\u00f9 on retrouvera des conf\u00e9rences, des expositions, des sessions de yoga, un village des exposants ou encore des <a href=\"https:\/\/actu.fr\/loisirs-culture\/concert\" target=\"_blank\" rel=\"noopener\">soir\u00e9es festives.<\/a><\/p>\n<p class=\" wall-content\">Parmi les <strong>temps forts du festival,<\/strong> la soir\u00e9e d\u2019ouverture ce jeudi 16 octobre. Des projections et DJ sets auront lieu Cour Mably \u00e0 partir de 18h. Le lendemain, une soir\u00e9e hip-hop et \u00e9lectro investi les lieux, avec Ed Banger et MX.\u00a0<\/p>\n<p class=\" wall-content\"><a href=\"https:\/\/www.instagram.com\/p\/DPg1JOxjCM8\/embed\" title=\"Ouvrir le lien sur Instagram\" target=\"_blank\" rel=\"noopener\">Visualiser le contenu sur Instagram<\/a><\/p>\n<p class=\" wall-content\">Samedi 18 octobre, une session sp\u00e9ciale de <strong>jazz et de skate<\/strong> aura lieu sur les sculptures du <strong>Miroir d\u2019eau.<\/strong> Le collectif de jazz f\u00e9minin Mellifera et l\u2019association de skate f\u00e9minine Skate Her feront le show. La soir\u00e9e se continuera Cour Mably au rythme des platines des Viatiques.<\/p>\n<p class=\" wall-content\">Toutes les activit\u00e9s du festival Connect sont <strong>gratuites et ouvertes<\/strong> \u00e0 tous.<\/p>\n<p class=\" wall-content\">Personnalisez votre actualit\u00e9 en ajoutant vos villes et m\u00e9dias en favori avec <a href=\"https:\/\/moncompte.actu.fr\" title=\"D\u00e9couvez Mon Actu\" rel=\"nofollow noopener\" data-trk=\"{&quot;cta&quot;:{&quot;action&quot;:&quot;https:\\\/\\\/moncompte.actu.fr&quot;,&quot;category&quot;:&quot;mon compte&quot;,&quot;from&quot;:&quot;article footer&quot;,&quot;name&quot;:&quot;Mon actu&quot;,&quot;type&quot;:&quot;cta&quot;}}\" target=\"_blank\">Mon Actu<\/a>.<\/p>\n<p>                    <script async src=\"\/\/www.instagram.com\/embed.js\"><\/script><\/p>\n","protected":false},"excerpt":{"rendered":"Par Juliette Cardinale Publi\u00e9 le 14 oct. 2025 \u00e0 17h19 Le festival Connect, consacr\u00e9 \u00e0 la culture skate,&hellip;\n","protected":false},"author":2,"featured_media":462706,"comment_status":"","ping_status":"","sticky":false,"template":"","format":"standard","meta":{"footnotes":""},"categories":[2817],"tags":[1111,11,1063,1997,1697,1777,674,1011,27,1652,12,2219,25],"class_list":{"0":"post-462705","1":"post","2":"type-post","3":"status-publish","4":"format-standard","5":"has-post-thumbnail","7":"category-bordeaux","8":"tag-actu","9":"tag-actualites","10":"tag-animations","11":"tag-bordeaux","12":"tag-concert","13":"tag-eu","14":"tag-europe","15":"tag-fr","16":"tag-france","17":"tag-loisirs-culture","18":"tag-news","19":"tag-nouvelle-aquitaine","20":"tag-republique-francaise"},"share_on_mastodon":{"url":"https:\/\/pubeurope.com\/@fr\/115373337922711925","error":""},"_links":{"self":[{"href":"https:\/\/www.europesays.com\/fr\/wp-json\/wp\/v2\/posts\/462705","targetHints":{"allow":["GET"]}}],"collection":[{"href":"https:\/\/www.europesays.com\/fr\/wp-json\/wp\/v2\/posts"}],"about":[{"href":"https:\/\/www.europesays.com\/fr\/wp-json\/wp\/v2\/types\/post"}],"author":[{"embeddable":true,"href":"https:\/\/www.europesays.com\/fr\/wp-json\/wp\/v2\/users\/2"}],"replies":[{"embeddable":true,"href":"https:\/\/www.europesays.com\/fr\/wp-json\/wp\/v2\/comments?post=462705"}],"version-history":[{"count":0,"href":"https:\/\/www.europesays.com\/fr\/wp-json\/wp\/v2\/posts\/462705\/revisions"}],"wp:featuredmedia":[{"embeddable":true,"href":"https:\/\/www.europesays.com\/fr\/wp-json\/wp\/v2\/media\/462706"}],"wp:attachment":[{"href":"https:\/\/www.europesays.com\/fr\/wp-json\/wp\/v2\/media?parent=462705"}],"wp:term":[{"taxonomy":"category","embeddable":true,"href":"https:\/\/www.europesays.com\/fr\/wp-json\/wp\/v2\/categories?post=462705"},{"taxonomy":"post_tag","embeddable":true,"href":"https:\/\/www.europesays.com\/fr\/wp-json\/wp\/v2\/tags?post=462705"}],"curies":[{"name":"wp","href":"https:\/\/api.w.org\/{rel}","templated":true}]}}