{"id":462711,"date":"2025-10-14T15:58:13","date_gmt":"2025-10-14T15:58:13","guid":{"rendered":"https:\/\/www.europesays.com\/fr\/462711\/"},"modified":"2025-10-14T15:58:13","modified_gmt":"2025-10-14T15:58:13","slug":"lille-la-bouquinerie-du-sart-quitte-cormontaigne-et-ouvre-a-lomme-ce-mercredi-500-000-livres-proposes","status":"publish","type":"post","link":"https:\/\/www.europesays.com\/fr\/462711\/","title":{"rendered":"Lille. La Bouquinerie du Sart quitte Cormontaigne et ouvre \u00e0 Lomme ce mercredi : 500 000 livres propos\u00e9s\u00a0!"},"content":{"rendered":"<p>            Par<br \/>\n        <strong><br \/>\n            <a href=\"https:\/\/actu.fr\/auteur\/nicolas-demollien\" title=\"Consulter tous les articles de Nicolas Demollien\" target=\"_blank\" rel=\"noopener\">Nicolas Demollien<\/a><br \/>\n        <\/strong><\/p>\n<p>        Publi\u00e9 le<\/p>\n<p>            14 oct. 2025 \u00e0 16h30        <\/p>\n<p>Grand \u00e9v\u00e9nement pour la <b>Bouquinerie du Sart<\/b> ce mercredi 15 octobre 2025 ! L\u2019entreprise solidaire va ouvrir son <b>tout nouveau magasin<\/b> \u00e0 <a href=\"https:\/\/actu.fr\/tag\/lomme\" target=\"_blank\" rel=\"noopener\">Lomme<\/a> apr\u00e8s le <b>d\u00e9m\u00e9nagement de sa boutique<\/b> situ\u00e9e <a href=\"https:\/\/actu.fr\/hauts-de-france\/lille_59350\/nouveau-la-friperie-solidaire-de-la-bouquinerie-du-sart-debarque-a-lille_61566835.html\" target=\"_blank\" rel=\"noopener\">dans le quartier Cormontaigne<\/a> de <a href=\"https:\/\/actu.fr\/hauts-de-france\/lille_59350\" target=\"_blank\" rel=\"noopener\">Lille<\/a> (Nord). Sur place, <b>plus de 500 000 livres seront disponibles en retrait<\/b>.<\/p>\n<p>Un nouveau magasin pour la Bouquinerie du Sart<\/p>\n<p class=\" wall-content\">En effet, ce n\u2019est pas seulement un magasin que vous trouverez au 9, rue Destombes \u00e0 Lomme (\u00e0 <b>50 m du m\u00e9tro Mitterie<\/b>). \u00ab\u00a0Le magasin se situe au <b>m\u00eame endroit que l\u2019entrep\u00f4t<\/b> de notre site e-commerce. Gr\u00e2ce a nos bornes en magasin, il sera possible de <b>consulter l\u2019ensemble du stock d\u2019entrep\u00f4t<\/b>, et notre \u00e9quipe pr\u00e9parera la commande en temps r\u00e9el\u00a0\u00bb, assure l\u2019enseigne solidaire dans un communiqu\u00e9.<\/p>\n<p class=\" wall-content\">Sur place, dans cette boutique flambant neuve, vous trouverez tout ce qui fait le charme de la Bouquinerie : des livres bien \u00e9videmment, mais aussi des fripes et une brocante. A la fermeture du magasin lillois, les dirigeants expliquaient : \u00ab\u00a0Le but est d\u2019agrandir notre superficie et de garantir un <b>meilleur confort pour nos adh\u00e9rents<\/b>. Cette d\u00e9cision est motiv\u00e9e notamment par le manque d\u2019espace de notre local actuel (nous allons passer de 150 m\u00b2 \u00e0 500 m\u00b2), la p<b>r\u00e9sence d\u2019un grand parking<\/b>, la proximit\u00e9 du nouveau lieu et par la possibilit\u00e9 d\u2019<b>accueillir davantage de personnes en transition professionnelle<\/b>\u00ab\u00a0.<\/p>\n<p class=\" wall-content\">Rappelons que la Bouquinerie du Sart\u00a0collecte, trie et revend les dons de livres et v\u00eatements afin d\u2019offrir du travail aux personnes h\u00e9berg\u00e9es en foyer dans le cadre de contrats d\u2019insertion d\u2019environ un an.<\/p>\n<p class=\" wall-content\">Ses magasins-\u00e9coles ainsi que son entrep\u00f4t logistique forment ces personnes aux\u00a0<b>m\u00e9tiers de la vente et de la logistique<\/b>, et les accompagnent de mani\u00e8re personnalis\u00e9e pour les aider \u00e0 rebondir vers un toit et un emploi durable.<br \/>\n    <a href=\"https:\/\/www.facebook.com\/plugins\/post.php?href=https%3A%2F%2Fwww.facebook.com%2Fpermalink.php%3Fstory_fbid%3Dpfbid0TLJ8qf7oKJqetAi6S8ZJn5BtADDkMJXVLpN4ehHQhCSwR3VcnfRMC1rMYjG4dCo7l%26id%3D61565518503563&amp;show_text=true&amp;width=350\" title=\"Ouvrie le lien\" target=\"_blank\" rel=\"noopener\">Cliquez ici pour visualiser le contenu<\/a><\/p>\n<p class=\" wall-content\">Le nouveau magasin sera ouvert du du lundi au samedi de 10h \u00e0 18h. Plus d\u2019infos sur le site <a href=\"https:\/\/www.bouquineriedusart.com\/\" target=\"_blank\" rel=\"noopener\">bouquineriedusart.com<\/a><\/p>\n<p class=\" wall-content\">Personnalisez votre actualit\u00e9 en ajoutant vos villes et m\u00e9dias en favori avec <a href=\"https:\/\/moncompte.actu.fr\" title=\"D\u00e9couvez Mon Actu\" rel=\"nofollow noopener\" data-trk=\"{&quot;cta&quot;:{&quot;action&quot;:&quot;https:\\\/\\\/moncompte.actu.fr&quot;,&quot;category&quot;:&quot;mon compte&quot;,&quot;from&quot;:&quot;article footer&quot;,&quot;name&quot;:&quot;Mon actu&quot;,&quot;type&quot;:&quot;cta&quot;}}\" target=\"_blank\">Mon Actu<\/a>.<\/p>\n","protected":false},"excerpt":{"rendered":"Par Nicolas Demollien Publi\u00e9 le 14 oct. 2025 \u00e0 16h30 Grand \u00e9v\u00e9nement pour la Bouquinerie du Sart ce&hellip;\n","protected":false},"author":2,"featured_media":462712,"comment_status":"","ping_status":"","sticky":false,"template":"","format":"standard","meta":{"footnotes":""},"categories":[2815],"tags":[1111,11,1777,674,1011,27,811,1307,13882,12,3147,25,104],"class_list":{"0":"post-462711","1":"post","2":"type-post","3":"status-publish","4":"format-standard","5":"has-post-thumbnail","7":"category-lille","8":"tag-actu","9":"tag-actualites","10":"tag-eu","11":"tag-europe","12":"tag-fr","13":"tag-france","14":"tag-hauts-de-france","15":"tag-lille","16":"tag-lomme","17":"tag-news","18":"tag-nouveaux-commerces","19":"tag-republique-francaise","20":"tag-societe"},"share_on_mastodon":{"url":"https:\/\/pubeurope.com\/@fr\/115373349621916061","error":""},"_links":{"self":[{"href":"https:\/\/www.europesays.com\/fr\/wp-json\/wp\/v2\/posts\/462711","targetHints":{"allow":["GET"]}}],"collection":[{"href":"https:\/\/www.europesays.com\/fr\/wp-json\/wp\/v2\/posts"}],"about":[{"href":"https:\/\/www.europesays.com\/fr\/wp-json\/wp\/v2\/types\/post"}],"author":[{"embeddable":true,"href":"https:\/\/www.europesays.com\/fr\/wp-json\/wp\/v2\/users\/2"}],"replies":[{"embeddable":true,"href":"https:\/\/www.europesays.com\/fr\/wp-json\/wp\/v2\/comments?post=462711"}],"version-history":[{"count":0,"href":"https:\/\/www.europesays.com\/fr\/wp-json\/wp\/v2\/posts\/462711\/revisions"}],"wp:featuredmedia":[{"embeddable":true,"href":"https:\/\/www.europesays.com\/fr\/wp-json\/wp\/v2\/media\/462712"}],"wp:attachment":[{"href":"https:\/\/www.europesays.com\/fr\/wp-json\/wp\/v2\/media?parent=462711"}],"wp:term":[{"taxonomy":"category","embeddable":true,"href":"https:\/\/www.europesays.com\/fr\/wp-json\/wp\/v2\/categories?post=462711"},{"taxonomy":"post_tag","embeddable":true,"href":"https:\/\/www.europesays.com\/fr\/wp-json\/wp\/v2\/tags?post=462711"}],"curies":[{"name":"wp","href":"https:\/\/api.w.org\/{rel}","templated":true}]}}