{"id":462716,"date":"2025-10-14T16:01:13","date_gmt":"2025-10-14T16:01:13","guid":{"rendered":"https:\/\/www.europesays.com\/fr\/462716\/"},"modified":"2025-10-14T16:01:13","modified_gmt":"2025-10-14T16:01:13","slug":"le-parquet-de-marseille-cree-une-cellule-speciale-anticorruption","status":"publish","type":"post","link":"https:\/\/www.europesays.com\/fr\/462716\/","title":{"rendered":"le parquet de Marseille cr\u00e9e une cellule sp\u00e9ciale anticorruption"},"content":{"rendered":"<p>\n    Cette cellule anticriminalit\u00e9 vise \u00e0 endiguer le ph\u00e9nom\u00e8ne de corruption des acteurs politiques et de la justice par les narcotrafiquants sur le ressort de la juridiction marseillaise.<\/p>\n<p class=\"fig-paragraph\">Face \u00e0 la \u00abvolont\u00e9 d&#8217;emprise\u00bb des narcotrafiquants aux \u00abmoyens illimit\u00e9s\u00bb, le parquet de Marseille cr\u00e9e une cellule sp\u00e9ciale anticorruption destin\u00e9e \u00e0 \u00abendiguer\u00bb\u00a0<a href=\"http:\/\/www.lefigaro.fr\/actualite-france\/franck-rastoul-la-criminalite-organisee-menace-de-gangrener-le-systeme-judiciaire-comme-elle-gangrene-l-economie-20250130\" data-fig-type=\"Article\" data-gtm-custom-categorie=\"navigation\" data-gtm-custom-action=\"crossclick\" data-gtm-custom-label=\"Contextuel\" data-gtm-event=\"customEventSPE\" data-fig-domain=\"LEFIGARO\" target=\"_blank\" rel=\"noopener\">un ph\u00e9nom\u00e8ne qui tente d&rsquo;infiltrer la justice, les prisons, les douanes et menace aussi les \u00e9lus<\/a>.<\/p>\n<p class=\"fig-paragraph\">\u00abJ&rsquo;ai voulu cr\u00e9er au sein de la section \u00e9conomique et financi\u00e8re de mon parquet, pour le prendre sous l&rsquo;angle de la corruption, une cellule anticriminalit\u00e9 organis\u00e9e pour avoir une vision transversale et globale de la probl\u00e9matique de cette tentative de corruption li\u00e9e au crime organis\u00e9\u00bb, a expliqu\u00e9 mardi \u00e0 l&rsquo;AFP le procureur de Marseille, Nicolas Bessone.<\/p>\n<p>                                    <a class=\"fig-a11y-skip a11y-hidden\" href=\"#fig-a11y-skip-main-inarticle\"><br \/>\n        Passer la publicit\u00e9<br \/>\n    <\/a><\/p>\n<p class=\"fig-paragraph\">\u00c0 ce stade, d\u00e9j\u00e0 une vingtaine d&rsquo;enqu\u00eates sont en cours dans la juridiction marseillaise, portant sur des tentatives de corruption ou de la corruption li\u00e9es au narcotrafic, a ajout\u00e9 le procureur, en marge d&rsquo;une audience solennelle de rentr\u00e9e du tribunal judiciaire de Marseille.<\/p>\n<p>Risques d\u2019ing\u00e9rence du narcotrafic<\/p>\n<p class=\"fig-paragraph\">Par exemple,\u00a0<a href=\"http:\/\/www.lefigaro.fr\/faits-divers\/narcobanditisme-une-greffiere-du-tribunal-de-marseille-ecrouee-20250405\" data-fig-type=\"NewsFlash\" data-gtm-custom-categorie=\"navigation\" data-gtm-custom-action=\"crossclick\" data-gtm-custom-label=\"Contextuel\" data-gtm-event=\"customEventSPE\" data-fig-domain=\"LEFIGARO\" target=\"_blank\" rel=\"noopener\">une greffi\u00e8re du tribunal judiciaire de Marseille<\/a>\u00a0est soup\u00e7onn\u00e9e, ce qu&rsquo;elle conteste en partie, d&rsquo;avoir consult\u00e9 des fichiers et transmis des informations \u00e0 un trafiquant qui \u00e9tait alors son compagnon. Elle a m\u00eame \u00e9t\u00e9 \u00e9crou\u00e9e en avril, avant d&rsquo;\u00eatre finalement lib\u00e9r\u00e9e et plac\u00e9e sous contr\u00f4le judiciaire \u00e0 la rentr\u00e9e le temps de l&rsquo;enqu\u00eate.<\/p>\n<p class=\"fig-paragraph\">Les tentatives de corruption peuvent concerner des magistrats, greffiers, policiers, gendarmes, douaniers, surveillants p\u00e9nitentiaires, directeurs d&rsquo;\u00e9tablissement p\u00e9nitentiaire, \u00abtout le monde peut \u00eatre impact\u00e9\u00bb, insiste le procureur de la deuxi\u00e8me ville de France, \u00e9picentre du narcobanditisme en France. M\u00eame les \u00e9lus, qui pourraient, dans le cadre des \u00e9lections municipales \u00e0 venir en mars, \u00absubir les m\u00eames assauts\u00bb, d\u00e9veloppe Nicolas Bessone.<\/p>\n<p class=\"fig-paragraph\">D&rsquo;o\u00f9 l&rsquo;id\u00e9e de cette cellule qui permettra de ne plus traiter ces questions par secteur professionnel mais \u00abd&rsquo;avoir une vision globale et de traiter de mani\u00e8re transversale\u00bb afin d&rsquo;\u00abendiguer le ph\u00e9nom\u00e8ne et le faire reculer\u00bb, ajoute le procureur. Selon lui, il s&rsquo;agit d&rsquo;une premi\u00e8re en France. Mi-septembre, le pr\u00e9sident de la Commission nationale des comptes de campagne et des financements politiques, Christian Charpy, a interpell\u00e9 dans un entretien au\u00a0<a href=\"https:\/\/www.lemonde.fr\/politique\/article\/2025\/09\/19\/comptes-de-campagne-le-vrai-sujet-de-preoccupation-pour-les-municipales-ce-sont-les-risques-d-ingerences-liees-au-narcotrafic_6641797_823448.html\" target=\"_blank\" rel=\"sponsored noopener\" data-gtm-custom-categorie=\"navigation\" data-gtm-custom-action=\"crossclick\" data-gtm-custom-label=\"Contextuel\" data-gtm-event=\"customEventSPE\">Monde<\/a> \u00a0sur \u00ables risques d&rsquo;ing\u00e9rence li\u00e9e au narcotrafic\u00bb pour les municipales \u00e0 venir, notamment via des tentatives de corruption en dons liquide ou en paiement en cryptomonnaies.<\/p>\n","protected":false},"excerpt":{"rendered":"Cette cellule anticriminalit\u00e9 vise \u00e0 endiguer le ph\u00e9nom\u00e8ne de corruption des acteurs politiques et de la justice par&hellip;\n","protected":false},"author":2,"featured_media":462717,"comment_status":"","ping_status":"","sticky":false,"template":"","format":"standard","meta":{"footnotes":""},"categories":[2814],"tags":[1111,11,1770,1777,674,1011,27,884,8721,12,882,25],"class_list":{"0":"post-462716","1":"post","2":"type-post","3":"status-publish","4":"format-standard","5":"has-post-thumbnail","7":"category-marseille","8":"tag-actu","9":"tag-actualites","10":"tag-corruption","11":"tag-eu","12":"tag-europe","13":"tag-fr","14":"tag-france","15":"tag-marseille","16":"tag-narcotrafic","17":"tag-news","18":"tag-provence-alpes-cote-dazur","19":"tag-republique-francaise"},"share_on_mastodon":{"url":"https:\/\/pubeurope.com\/@fr\/115373361374692220","error":""},"_links":{"self":[{"href":"https:\/\/www.europesays.com\/fr\/wp-json\/wp\/v2\/posts\/462716","targetHints":{"allow":["GET"]}}],"collection":[{"href":"https:\/\/www.europesays.com\/fr\/wp-json\/wp\/v2\/posts"}],"about":[{"href":"https:\/\/www.europesays.com\/fr\/wp-json\/wp\/v2\/types\/post"}],"author":[{"embeddable":true,"href":"https:\/\/www.europesays.com\/fr\/wp-json\/wp\/v2\/users\/2"}],"replies":[{"embeddable":true,"href":"https:\/\/www.europesays.com\/fr\/wp-json\/wp\/v2\/comments?post=462716"}],"version-history":[{"count":0,"href":"https:\/\/www.europesays.com\/fr\/wp-json\/wp\/v2\/posts\/462716\/revisions"}],"wp:featuredmedia":[{"embeddable":true,"href":"https:\/\/www.europesays.com\/fr\/wp-json\/wp\/v2\/media\/462717"}],"wp:attachment":[{"href":"https:\/\/www.europesays.com\/fr\/wp-json\/wp\/v2\/media?parent=462716"}],"wp:term":[{"taxonomy":"category","embeddable":true,"href":"https:\/\/www.europesays.com\/fr\/wp-json\/wp\/v2\/categories?post=462716"},{"taxonomy":"post_tag","embeddable":true,"href":"https:\/\/www.europesays.com\/fr\/wp-json\/wp\/v2\/tags?post=462716"}],"curies":[{"name":"wp","href":"https:\/\/api.w.org\/{rel}","templated":true}]}}