{"id":462724,"date":"2025-10-14T16:06:18","date_gmt":"2025-10-14T16:06:18","guid":{"rendered":"https:\/\/www.europesays.com\/fr\/462724\/"},"modified":"2025-10-14T16:06:18","modified_gmt":"2025-10-14T16:06:18","slug":"bientot-vendu-a-versailles-le-chef-doeuvre-de-rubens-decouvert-a-paris-sera-bientot-expose-en-seine-et-marne","status":"publish","type":"post","link":"https:\/\/www.europesays.com\/fr\/462724\/","title":{"rendered":"Bient\u00f4t vendu \u00e0 Versailles, le chef-d&rsquo;\u0153uvre de Rubens d\u00e9couvert \u00e0 Paris sera bient\u00f4t expos\u00e9 en Seine-et-Marne"},"content":{"rendered":"<p>            Par<br \/>\n        <strong><br \/>\n            <a href=\"https:\/\/actu.fr\/auteur\/julien-vancaeyseele\" title=\"Consulter tous les articles de Julien Van Caeyseele\" target=\"_blank\" rel=\"noopener\">Julien Van Caeyseele<\/a><br \/>\n        <\/strong><\/p>\n<p>        Publi\u00e9 le<\/p>\n<p>            14 oct. 2025 \u00e0 17h00        <\/p>\n<p>La <a href=\"https:\/\/actu.fr\/ile-de-france\/fontainebleau_77186\/mon-coeur-est-ici-fontainebleau-versailles-ou-paris-ou-sera-vendu-le-chef-doeuvre-perdu-de-rubens_63203515.html\" target=\"_blank\" rel=\"noopener\">vente du chef-d\u2019\u0153uvre \u00e9tait en balance \u00e0 Fontainebleau, Paris ou Versailles<\/a>, o\u00f9 la <b>maison Osenat<\/b> dispose de salles de ventes\u2026 C\u2019est finalement le site des Yvelines qui a \u00e9t\u00e9 choisi, pour \u00ab des raisons techniques \u00bb. Le tableau du Christ en croix,<a href=\"https:\/\/actu.fr\/ile-de-france\/fontainebleau_77186\/jean-pierre-we-have-a-rubens-de-paris-a-fontainebleau-lincroyable-decouverte-dun-chef-doeuvre-disparu_63148928.html\" target=\"_blank\" rel=\"noopener\"> authentifi\u00e9 comme \u00e9tant l\u2019\u0153uvre de Rubens<\/a>, sera vendu dimanche 30 novembre 2025, \u00e0 Versailles (<b>Yvelines<\/b>).<\/p>\n<p>Le tableau de Rubens d\u00e9couvert \u00e0 Paris sera bient\u00f4t pr\u00e9sent\u00e9 \u00e0 Fontainebleau<\/p>\n<p class=\" wall-content\">Mais les habitants <a href=\"https:\/\/actu.fr\/ile-de-france\/fontainebleau_77186\" target=\"_blank\" rel=\"noopener\">de Fontainebleau<\/a> auront aussi l\u2019opportunit\u00e9 de d\u00e9couvrir cette peinture, disparue depuis 400 ans et retrouv\u00e9e par hasard dans un h\u00f4tel particulier parisien. En effet, la cit\u00e9 imp\u00e9riale accueillera une exposition de la toile<b> \u00e0 l\u2019\u00e9glise Saint-Louis<\/b>, mardi 11 novembre \u00e0 17 heures et une conf\u00e9rence de Jean-Pierre Osenat.<\/p>\n<p>    <a href=\"https:\/\/www.youtube.com\/embed\/7DIvk3N55Yw?si=QbslQNmGWVhW4IHW\" title=\"Ouvrie le lien\" target=\"_blank\" rel=\"noopener\">Cliquez ici pour visualiser le contenu<\/a><\/p>\n<p class=\" wall-content\">Le public pourra (re) d\u00e9couvrir l\u2019histoire de la d\u00e9couverte, les caract\u00e9ristiques d\u2019un Rubens, les \u00e9tapes de son authentification, mais aussi prendre des photos de cette toile exceptionnelle, peinte vers 1614\/1615.<\/p>\n<p>\u00ab\u00a0Sa simple vision m\u2019a transperc\u00e9 le c\u0153ur\u00a0\u00bb<\/p>\n<p class=\" wall-content\">\u00ab\u00a0Quand j\u2019ai appris cette d\u00e9couverte, j\u2019ai \u00e9t\u00e9 profond\u00e9ment \u00e9mu, confie le <b>p\u00e8re Jos\u00e9 Antonini<\/b>, cur\u00e9 de Fontainebleau et responsable du p\u00f4le missionnaire. C\u2019est une peinture qui met le Christ en lumi\u00e8re et sa simple vision m\u2019a transperc\u00e9 le c\u0153ur.\u00a0\u00bb<\/p>\n<p>Vid\u00e9os : en ce moment sur Actu<\/p>\n<p class=\" wall-content\">Et d\u2019ajouter : \u00ab\u00a0Rubens a une fa\u00e7on de peindre, une pr\u00e9cision du d\u00e9tail qui invite \u00e0 une r\u00e9flexion sur la passion du Christ. L\u2019Homme a besoin d\u2019images et Rubens a r\u00e9ussi, gr\u00e2ce \u00e0 l\u2019art \u00e0 transmettre une dimension spirituelle.<\/p>\n<p class=\" wall-content\">Personnalisez votre actualit\u00e9 en ajoutant vos villes et m\u00e9dias en favori avec <a href=\"https:\/\/moncompte.actu.fr\" title=\"D\u00e9couvez Mon Actu\" rel=\"nofollow noopener\" data-trk=\"{&quot;cta&quot;:{&quot;action&quot;:&quot;https:\\\/\\\/moncompte.actu.fr&quot;,&quot;category&quot;:&quot;mon compte&quot;,&quot;from&quot;:&quot;article footer&quot;,&quot;name&quot;:&quot;Mon actu&quot;,&quot;type&quot;:&quot;cta&quot;}}\" target=\"_blank\">Mon Actu<\/a>.<\/p>\n","protected":false},"excerpt":{"rendered":"Par Julien Van Caeyseele Publi\u00e9 le 14 oct. 2025 \u00e0 17h00 La vente du chef-d\u2019\u0153uvre \u00e9tait en balance&hellip;\n","protected":false},"author":2,"featured_media":462725,"comment_status":"","ping_status":"","sticky":false,"template":"","format":"standard","meta":{"footnotes":""},"categories":[1888],"tags":[1111,1928,11,1927,1777,674,7405,1011,27,1757,12,1926,626,1925,2551,25,104],"class_list":{"0":"post-462724","1":"post","2":"type-post","3":"status-publish","4":"format-standard","5":"has-post-thumbnail","7":"category-paris","8":"tag-actu","9":"tag-actu-paris","10":"tag-actualites","11":"tag-actualites-paris","12":"tag-eu","13":"tag-europe","14":"tag-fontainebleau","15":"tag-fr","16":"tag-france","17":"tag-insolite","18":"tag-news","19":"tag-news-paris","20":"tag-paris","21":"tag-paris-news","22":"tag-patrimoine","23":"tag-republique-francaise","24":"tag-societe"},"share_on_mastodon":{"url":"https:\/\/pubeurope.com\/@fr\/115373380999386062","error":""},"_links":{"self":[{"href":"https:\/\/www.europesays.com\/fr\/wp-json\/wp\/v2\/posts\/462724","targetHints":{"allow":["GET"]}}],"collection":[{"href":"https:\/\/www.europesays.com\/fr\/wp-json\/wp\/v2\/posts"}],"about":[{"href":"https:\/\/www.europesays.com\/fr\/wp-json\/wp\/v2\/types\/post"}],"author":[{"embeddable":true,"href":"https:\/\/www.europesays.com\/fr\/wp-json\/wp\/v2\/users\/2"}],"replies":[{"embeddable":true,"href":"https:\/\/www.europesays.com\/fr\/wp-json\/wp\/v2\/comments?post=462724"}],"version-history":[{"count":0,"href":"https:\/\/www.europesays.com\/fr\/wp-json\/wp\/v2\/posts\/462724\/revisions"}],"wp:featuredmedia":[{"embeddable":true,"href":"https:\/\/www.europesays.com\/fr\/wp-json\/wp\/v2\/media\/462725"}],"wp:attachment":[{"href":"https:\/\/www.europesays.com\/fr\/wp-json\/wp\/v2\/media?parent=462724"}],"wp:term":[{"taxonomy":"category","embeddable":true,"href":"https:\/\/www.europesays.com\/fr\/wp-json\/wp\/v2\/categories?post=462724"},{"taxonomy":"post_tag","embeddable":true,"href":"https:\/\/www.europesays.com\/fr\/wp-json\/wp\/v2\/tags?post=462724"}],"curies":[{"name":"wp","href":"https:\/\/api.w.org\/{rel}","templated":true}]}}