{"id":462728,"date":"2025-10-14T16:08:18","date_gmt":"2025-10-14T16:08:18","guid":{"rendered":"https:\/\/www.europesays.com\/fr\/462728\/"},"modified":"2025-10-14T16:08:18","modified_gmt":"2025-10-14T16:08:18","slug":"a-paris-en-plein-coeur-du-10%e1%b5%89-arrondissement-un-nouveau-lieu-vibrant-et-gratuit-fait-battre-le-coeur-de-paris-au-rythme-des-cultures-de-lafrique-et-de-sa-diaspora-entre-ar","status":"publish","type":"post","link":"https:\/\/www.europesays.com\/fr\/462728\/","title":{"rendered":"\u00c0 Paris, en plein c\u0153ur du 10\u1d49 arrondissement, un nouveau lieu vibrant et gratuit fait battre le c\u0153ur de Paris au rythme des cultures de l\u2019Afrique et de sa diaspora \u2013 entre arts et rencontres"},"content":{"rendered":"<p>\t\t\t\t\t\t\t\t\t\t\t\t\t\t\t\t\t\t\t\t\t\t<img loading=\"lazy\" decoding=\"async\" src=\"data:image\/svg+xml,%3Csvg%20xmlns=\" http:=\"\" class=\"img-fluid\" alt=\"\u00c0 Paris, en plein c\u0153ur du 10\u1d49 arrondissement, un nouveau lieu vibrant et gratuit fait battre le c\u0153ur de Paris au rythme des cultures de l\u2019Afrique et de sa diaspora \u2013 entre arts et rencontres\" width=\"1024\" height=\"683\" data-lazy-src=\"https:\/\/www.europesays.com\/fr\/wp-content\/uploads\/2025\/10\/befunky_2025-9-2_16-58-7-1024x683.jpg\"\/><br \/>\n\t\t\t\t\t\t\t\t\t\t\t\t\t\t\t\t\t\t\t\t\t\t\u00a9MansA<\/p>\n<p>    Save<\/p>\n<p>\u00c0 deux pas du <a href=\"https:\/\/parissecret.com\/les-meilleurs-restaurants-du-10e-arrondissement\/\" rel=\"follow nofollow noopener\" target=\"_self\" class=\"shortcode-outbound-link\" data-has-ga=\"true\" data-ga-type=\"click\" data-label=\"https:\/\/parissecret.com\/les-meilleurs-restaurants-du-10e-arrondissement\/\" data-action=\"text_cta_0\" data-category=\"click_internal\">canal Saint-Martin<\/a> et du m\u00e9tro Goncourt, les visiteurs peuvent d\u00e9sormais pousser les portes de <a href=\"https:\/\/mansa.fr\/\" rel=\"nofollow noopener noreferrer\" target=\"_blank\" class=\"shortcode-outbound-link\" data-has-ga=\"true\" data-ga-type=\"click\" data-label=\"https:\/\/mansa.fr\/\" data-action=\"text_cta_1\" data-category=\"click_non_sales\">MansA<\/a>, le nouveau lieu culturel public enti\u00e8rement d\u00e9di\u00e9 aux mondes africains et afro-descendants. Nich\u00e9 au <b>26 rue Jacques-Louvel Tessier<\/b>, ce vaste espace de <b>800 m\u00b2 sur trois \u00e9tages<\/b> offre un cadre moderne, chaleureux et inclusif.<br \/>Pens\u00e9 d\u00e8s 2021 lors du <b>Sommet Afrique-France de Montpellier<\/b>, MansA est un projet pilote imagin\u00e9 pour <b>deux ans<\/b>, le temps de trouver un lieu p\u00e9renne d\u2019ici 2027. \u00c0 la t\u00eate de ce centre foisonnant \u2013 <b>Liz Gomis<\/b>, journaliste et r\u00e9alisatrice franco-s\u00e9n\u00e9galaise, qui souhaite en faire un espace \u00ab vivant, ouvert et accessible \u00e0 tous \u00bb.<\/p>\n<p> <b>Un lieu vivant, gratuit et ouvert \u00e0 toutes les formes de cr\u00e9ation<\/b> <img fetchpriority=\"high\" decoding=\"async\" class=\"wp-image-207112 size-full\" src=\"data:image\/svg+xml,%3Csvg%20xmlns=\" http:=\"\" alt=\"\" width=\"1200\" height=\"800\" data-lazy- data-lazy- data-lazy-src=\"https:\/\/www.europesays.com\/fr\/wp-content\/uploads\/2025\/10\/befunky_2025-9-2_17-7-39.jpg\"\/>\u00a9Mariette Kouame \u2013 MansA <\/p>\n<p>Financ\u00e9 par le <b>minist\u00e8re des Affaires \u00e9trang\u00e8res<\/b> et le <b>minist\u00e8re de la Culture<\/b>, <a href=\"https:\/\/mansa.fr\/\" rel=\"nofollow noopener noreferrer\" target=\"_blank\" class=\"shortcode-outbound-link\" data-has-ga=\"true\" data-ga-type=\"click\" data-label=\"https:\/\/mansa.fr\/\" data-action=\"text_cta_2\" data-category=\"click_non_sales\">MansA<\/a> n\u2019est pas un mus\u00e9e mais un <b>laboratoire artistique et citoyen<\/b>. Ici, la cr\u00e9ation contemporaine africaine s\u2019invite sous toutes ses formes \u2013 arts visuels, cin\u00e9ma, musique, d\u00e9bats, entrepreneuriat.<br \/>Concernant les <a href=\"https:\/\/parissecret.com\/expositions-paris\/\" rel=\"follow nofollow noopener\" target=\"_self\" class=\"shortcode-outbound-link\" data-has-ga=\"true\" data-ga-type=\"click\" data-label=\"https:\/\/parissecret.com\/expositions-paris\/\" data-action=\"text_cta_3\" data-category=\"click_internal\">expositions<\/a> l\u2019acc\u00e8s est <b>gratuit sur r\u00e9servation<\/b>, et le public est invit\u00e9 \u00e0 prendre part \u00e0 l\u2019exp\u00e9rience \u2013 en rencontrant les artistes, en participant aux discussions ou en d\u00e9couvrant les veill\u00e9es sonores autour de la musique <a href=\"https:\/\/parissecret.com\/meilleurs-restaurants-africains\/\" rel=\"follow nofollow noopener\" target=\"_self\" class=\"shortcode-outbound-link\" data-has-ga=\"true\" data-ga-type=\"click\" data-label=\"https:\/\/parissecret.com\/meilleurs-restaurants-africains\/\" data-action=\"text_cta_4\" data-category=\"click_internal\">africaine<\/a> et carib\u00e9enne.<\/p>\n<p>Pour son <b>ouverture<\/b>, MansA accueille l\u2019exposition <b>\u00ab Noires \u00bb<\/b> de <b>Roxane Mbanga<\/b>, jeune artiste franco-camerounaise et guadeloup\u00e9enne de 29 ans. Entre papiers peints fluorescents, paysages tropicaux et mains de femmes tressant des cheveux, son univers c\u00e9l\u00e8bre les identit\u00e9s multiples et les h\u00e9ritages crois\u00e9s. Pr\u00e9sente sur place tout au long de l\u2019exposition, l\u2019artiste invite les visiteurs \u00e0 \u00ab partager un espace de convivialit\u00e9 et de r\u00e9paration \u00bb.<\/p>\n<p>C\u00f4t\u00e9 programmation, MansA promet une <b>offre dense et transdisciplinaire<\/b> :<\/p>\n<ul>\n<li style=\"font-weight:400;\"><b>Cin\u00e9-club Cin\u00e9MansA<\/b>, avec des projections-d\u00e9bats autour de films cultes comme Freda, Burning an Illusion ou A Deusa Negra, <\/li>\n<li style=\"font-weight:400;\"><b>Concerts et veill\u00e9es sonores<\/b> autour du highlife ghan\u00e9en, du rock sah\u00e9lien, du makossa camerounais ou encore du ra\u00ef, <\/li>\n<li style=\"font-weight:400;\"><b>Collaborations in\u00e9dites<\/b> avec le <b>Centre Pompidou<\/b> pour restaurer les films de la r\u00e9alisatrice Sarah Maldoror, <\/li>\n<li style=\"font-weight:400;\"><b>\u00c9changes internationaux<\/b> avec le Br\u00e9sil et le Nigeria, et bient\u00f4t, la cr\u00e9ation d\u2019un <b>magazine panafricain<\/b> r\u00e9unissant des r\u00e9dacteurs du monde entier.<\/li>\n<\/ul>\n<p> <b>MansA Lab \u2013 un incubateur pour les jeunes talents et entrepreneurs afro-descendants<\/b> <\/p>\n<p><img loading=\"lazy\" decoding=\"async\" class=\"alignnone wp-image-207113 size-full\" src=\"data:image\/svg+xml,%3Csvg%20xmlns=\" http:=\"\" alt=\"\" width=\"1200\" height=\"860\" data-lazy- data-lazy- data-lazy-src=\"https:\/\/www.europesays.com\/fr\/wp-content\/uploads\/2025\/10\/mansalab-3-710x670-1.jpg\"\/><a href=\"https:\/\/mansa.fr\/\" rel=\"nofollow noopener noreferrer\" target=\"_blank\" class=\"shortcode-outbound-link\" data-has-ga=\"true\" data-ga-type=\"click\" data-label=\"https:\/\/mansa.fr\/\" data-action=\"text_cta_5\" data-category=\"click_non_sales\">MansA<\/a> se veut aussi un <b>tremplin pour la nouvelle g\u00e9n\u00e9ration<\/b>. Avec <b>MansA Lab<\/b>, son incubateur d\u00e9di\u00e9 aux industries culturelles et cr\u00e9atives, le lieu accompagne d\u00e8s novembre <b>12 projets s\u00e9lectionn\u00e9s<\/b> pour une premi\u00e8re promotion de <b>8 mois<\/b>.<br \/>Entre mentorat, formations et accompagnement sur site et en ligne, l\u2019objectif est clair \u2013 soutenir les initiatives afro-descendantes et tisser un <b>r\u00e9seau international<\/b> d\u2019artistes, cr\u00e9ateurs et entrepreneurs.<\/p>\n<p>V\u00e9ritable <b>vitrine de la cr\u00e9ativit\u00e9 africaine contemporaine<\/b>, MansA s\u2019inscrit dans une dynamique similaire \u00e0 celle de l\u2019Institut du Monde Arabe, mais tourn\u00e9e vers les Afriques plurielles. Un lieu \u00e0 la fois <b>intellectuel, festif et inclusif<\/b>, o\u00f9 l\u2019on vient autant pour admirer, apprendre que pour d\u00e9battre ou entreprendre.<\/p>\n<p>\ud83d\udccd <b>MansA \u2013 Maison des Mondes Africains \u2013<\/b> 26, rue Jacques-Louvel Tessier, Paris 10\u1d49<br \/> \ud83d\udd52 Mardi-jeudi : 14h-19h \/ Vendredi : 14h-21h \/ Samedi : 10h-19h \/ Dimanche : 11h-19h<br \/> \ud83c\udf9f\ufe0f Entr\u00e9e gratuite sur r\u00e9servation<\/p>\n","protected":false},"excerpt":{"rendered":"\u00a9MansA Save \u00c0 deux pas du canal Saint-Martin et du m\u00e9tro Goncourt, les visiteurs peuvent d\u00e9sormais pousser les&hellip;\n","protected":false},"author":2,"featured_media":462729,"comment_status":"","ping_status":"","sticky":false,"template":"","format":"standard","meta":{"footnotes":""},"categories":[1888],"tags":[11,1777,674,1011,27,12,626,25],"class_list":{"0":"post-462728","1":"post","2":"type-post","3":"status-publish","4":"format-standard","5":"has-post-thumbnail","7":"category-paris","8":"tag-actualites","9":"tag-eu","10":"tag-europe","11":"tag-fr","12":"tag-france","13":"tag-news","14":"tag-paris","15":"tag-republique-francaise"},"share_on_mastodon":{"url":"https:\/\/pubeurope.com\/@fr\/115373388900461588","error":""},"_links":{"self":[{"href":"https:\/\/www.europesays.com\/fr\/wp-json\/wp\/v2\/posts\/462728","targetHints":{"allow":["GET"]}}],"collection":[{"href":"https:\/\/www.europesays.com\/fr\/wp-json\/wp\/v2\/posts"}],"about":[{"href":"https:\/\/www.europesays.com\/fr\/wp-json\/wp\/v2\/types\/post"}],"author":[{"embeddable":true,"href":"https:\/\/www.europesays.com\/fr\/wp-json\/wp\/v2\/users\/2"}],"replies":[{"embeddable":true,"href":"https:\/\/www.europesays.com\/fr\/wp-json\/wp\/v2\/comments?post=462728"}],"version-history":[{"count":0,"href":"https:\/\/www.europesays.com\/fr\/wp-json\/wp\/v2\/posts\/462728\/revisions"}],"wp:featuredmedia":[{"embeddable":true,"href":"https:\/\/www.europesays.com\/fr\/wp-json\/wp\/v2\/media\/462729"}],"wp:attachment":[{"href":"https:\/\/www.europesays.com\/fr\/wp-json\/wp\/v2\/media?parent=462728"}],"wp:term":[{"taxonomy":"category","embeddable":true,"href":"https:\/\/www.europesays.com\/fr\/wp-json\/wp\/v2\/categories?post=462728"},{"taxonomy":"post_tag","embeddable":true,"href":"https:\/\/www.europesays.com\/fr\/wp-json\/wp\/v2\/tags?post=462728"}],"curies":[{"name":"wp","href":"https:\/\/api.w.org\/{rel}","templated":true}]}}