{"id":462730,"date":"2025-10-14T16:09:11","date_gmt":"2025-10-14T16:09:11","guid":{"rendered":"https:\/\/www.europesays.com\/fr\/462730\/"},"modified":"2025-10-14T16:09:11","modified_gmt":"2025-10-14T16:09:11","slug":"un-octogenaire-roue-de-coups-en-pleine-rue","status":"publish","type":"post","link":"https:\/\/www.europesays.com\/fr\/462730\/","title":{"rendered":"un octog\u00e9naire rou\u00e9 de coups en pleine rue"},"content":{"rendered":"<p>\n    L\u2019agresseur a \u00e9t\u00e9 interpell\u00e9 sur le lieu des faits. Deux sachets de cannabis ont \u00e9t\u00e9 retrouv\u00e9s sur lui. Le motif de l\u2019agression demeure inconnu.<\/p>\n<p class=\"fig-paragraph\">C\u2019est un\u00a0<a href=\"http:\/\/www.lefigaro.fr\/actualite-france\/harcelement-agressions-a-l-ecole-la-violence-banalisee-envers-les-personnels-d-education-20251014\" target=\"_blank\" data-fig-type=\"Article\" rel=\"noopener nofollow\" data-gtm-custom-categorie=\"navigation\" data-gtm-custom-action=\"crossclick\" data-gtm-custom-label=\"Contextuel\" data-gtm-event=\"customEventSPE\" data-fig-domain=\"LEFIGARO\">d\u00e9cha\u00eenement de violence<\/a>\u00a0qui reste, pour l\u2019heure, inexpliqu\u00e9. Un homme de 85 ans a \u00e9t\u00e9<a href=\"https:\/\/video.lefigaro.fr\/figaro\/faits-divers\/evry-courcouronnes-un-jeune-decede-apres-ete-roue-de-coups-a-la-gare-rer-20250929\" target=\"_blank\" data-fig-type=\"Video\" rel=\"noopener nofollow\" data-gtm-custom-categorie=\"navigation\" data-gtm-custom-action=\"crossclick\" data-gtm-custom-label=\"Contextuel\" data-gtm-event=\"customEventSPE\" data-fig-domain=\"LEFIGARO\">\u00a0rou\u00e9 de coup<\/a>\u00a0dimanche 12 octobre \u00e0 19h15 en pleine rue dans le quartier de la gare Saint-Lazare, dans le 8e arrondissement de Paris, a appris Le Figaro de source polici\u00e8re confirmant une information du Parisien.<\/p>\n<p class=\"fig-paragraph\">Les faits se sont d\u00e9roul\u00e9s rue de Rome. Une patrouille de la brigade des r\u00e9seaux franciliens a \u00e9t\u00e9 alert\u00e9e pour un homme \u00e9tendu sur le sol et pass\u00e9 \u00e0 tabac par un individu. \u00c0 l\u2019approche de la police, l\u2019agresseur a tent\u00e9 de prendre la fuite mais a rapidement \u00e9t\u00e9 rattrap\u00e9. Les policiers ont retrouv\u00e9 sur lui deux pochons de cannabis.<\/p>\n<p>                                    <a class=\"fig-a11y-skip a11y-hidden\" href=\"#fig-a11y-skip-main-inarticle\"><br \/>\n        Passer la publicit\u00e9<br \/>\n    <\/a><\/p>\n<p class=\"fig-paragraph\">La victime avait quant \u00e0 elle perdu connaissance quand les secours l\u2019ont prise en charge. L\u2019octog\u00e9naire a \u00e9t\u00e9 transport\u00e9 \u00e0 l\u2019h\u00f4pital Lariboisi\u00e8re avec un pronostic vital engag\u00e9.<\/p>\n<p class=\"fig-paragraph\">L\u2019agresseur a \u00e9t\u00e9 plac\u00e9 en garde \u00e0 vue sans que le motif du violent passage \u00e0 tabac ne soit connu. Les investigations ont \u00e9t\u00e9 confi\u00e9es au commissariat d\u2019arrondissement.<\/p>\n","protected":false},"excerpt":{"rendered":"L\u2019agresseur a \u00e9t\u00e9 interpell\u00e9 sur le lieu des faits. Deux sachets de cannabis ont \u00e9t\u00e9 retrouv\u00e9s sur lui.&hellip;\n","protected":false},"author":2,"featured_media":462731,"comment_status":"","ping_status":"","sticky":false,"template":"","format":"standard","meta":{"footnotes":""},"categories":[1888],"tags":[11,1120,1777,674,1011,27,12,626,25],"class_list":{"0":"post-462730","1":"post","2":"type-post","3":"status-publish","4":"format-standard","5":"has-post-thumbnail","7":"category-paris","8":"tag-actualites","9":"tag-agression","10":"tag-eu","11":"tag-europe","12":"tag-fr","13":"tag-france","14":"tag-news","15":"tag-paris","16":"tag-republique-francaise"},"share_on_mastodon":{"url":"https:\/\/pubeurope.com\/@fr\/115373392880739477","error":""},"_links":{"self":[{"href":"https:\/\/www.europesays.com\/fr\/wp-json\/wp\/v2\/posts\/462730","targetHints":{"allow":["GET"]}}],"collection":[{"href":"https:\/\/www.europesays.com\/fr\/wp-json\/wp\/v2\/posts"}],"about":[{"href":"https:\/\/www.europesays.com\/fr\/wp-json\/wp\/v2\/types\/post"}],"author":[{"embeddable":true,"href":"https:\/\/www.europesays.com\/fr\/wp-json\/wp\/v2\/users\/2"}],"replies":[{"embeddable":true,"href":"https:\/\/www.europesays.com\/fr\/wp-json\/wp\/v2\/comments?post=462730"}],"version-history":[{"count":0,"href":"https:\/\/www.europesays.com\/fr\/wp-json\/wp\/v2\/posts\/462730\/revisions"}],"wp:featuredmedia":[{"embeddable":true,"href":"https:\/\/www.europesays.com\/fr\/wp-json\/wp\/v2\/media\/462731"}],"wp:attachment":[{"href":"https:\/\/www.europesays.com\/fr\/wp-json\/wp\/v2\/media?parent=462730"}],"wp:term":[{"taxonomy":"category","embeddable":true,"href":"https:\/\/www.europesays.com\/fr\/wp-json\/wp\/v2\/categories?post=462730"},{"taxonomy":"post_tag","embeddable":true,"href":"https:\/\/www.europesays.com\/fr\/wp-json\/wp\/v2\/tags?post=462730"}],"curies":[{"name":"wp","href":"https:\/\/api.w.org\/{rel}","templated":true}]}}