{"id":462732,"date":"2025-10-14T16:10:12","date_gmt":"2025-10-14T16:10:12","guid":{"rendered":"https:\/\/www.europesays.com\/fr\/462732\/"},"modified":"2025-10-14T16:10:12","modified_gmt":"2025-10-14T16:10:12","slug":"guerre-en-ukraine-tous-les-ingredients-dune-dangereuse-escalade-sont-reunis-par-peter-schroeder-ex-cia-lexpress","status":"publish","type":"post","link":"https:\/\/www.europesays.com\/fr\/462732\/","title":{"rendered":"Guerre en Ukraine : tous les ingr\u00e9dients d&#039;une dangereuse escalade sont r\u00e9unis, par Peter Schroeder (ex-CIA) &#8211; L&#039;Express"},"content":{"rendered":"<ol>\n<li><a href=\"https:\/\/news.google.com\/rss\/articles\/CBMi-gFBVV95cUxPTXF2Y0VBSDhfeHZtcVlzeFNKOW1GU1dtNUI2SXZIQk9OVzJWRHFTRDJGdFNadzV3Qk1xN0lkcDhuR3JHT2xvZkpBMzFHcno2NmhlaVd5WV8zb2RiazJ6NkJMdURwUjhTNHRYcnNrTno3ZWwxYjlMak9zOXBWY3Zqc1g3a3BXMnVOMld6c0NGR0ZScFZwY0pkRnJEQWluYS1HU1k4c0ZyaDVBZXdLRmlTU3hoWkp2bDJzSXdseEV3RmFiVTBQZVRqMFpfRnQtOE84d3JkZGpCR2NwRlZ1N0IwMjJRSGtyb05BeXY5X3UtT0VMMFJOOHI4VlZR?oc=5\" target=\"_blank\" rel=\"nofollow noopener\">Guerre en Ukraine : tous les ingr\u00e9dients d&rsquo;une dangereuse escalade sont r\u00e9unis, par Peter Schroeder (ex-CIA)<\/a>&nbsp;&nbsp;L&rsquo;Express<\/li>\n<li><a href=\"https:\/\/news.google.com\/rss\/articles\/CBMigAJBVV95cUxPS2FuUkJSNzVMWkdiYXk0M0tzQ3ZtZEc3cEExTHVLUG51dHc3Mmpkd21hQlR3UWxROEY2NnNOejZCaUlvR2hyMGM3MTdaT2d0VEVDNDZ2cnQxYWFHSEZDTUxhRGFza0xvMVpOZDBoZ0xydW41c0dZcmcyMVVpUlh6aHJ5bWhPMVlkNklZMi1USlR4MVdQaGhMaFR3NTFhTE5EVEZTQ2xfM2QyZlIzbGI1RlAzV0g5X090NVhmNTloZlhEbWhfUkZRWlhjblY1TmJaQmduaE5WYml5LS1WcU1hTTMyLVZ2YWxPYWxKSTZUak9BWWNmQjBXZGVxTXN5cHVI?oc=5\" target=\"_blank\" rel=\"nofollow noopener\">ENTRETIEN. Guerre en Ukraine : \u00ab\u00a0Blocage tactique\u00a0\u00bb, \u00ab\u00a0combattants enterr\u00e9s\u00a0\u00bb\u2026 pourquoi le front risque de rester fig\u00e9 encore longtemps<\/a>&nbsp;&nbsp;ladepeche.fr<\/li>\n<li><a href=\"https:\/\/news.google.com\/rss\/articles\/CBMitgFBVV95cUxNQ0xqbGQ5YVpPWGxuSmNxRWtsbm01bk5Yc2tvX0FOYlRhRmZKX1FCeWd2RnVaQmt0M2d2OWJkb2pZOFYxTzhqaG5kYmhWQnZOYXJFdmZxSFMzSlNQUXJrMklPaVE2Rk5Lcnp6SzhORUFxNXlMNjNwSzV4bEYza3Y1TTVVazVfMzdRM05JazllelBWZ1ZobjZnV2o3SV9vaDVZSjU2Y0FTNUQxSFNncXoyMVk1WlJKQQ?oc=5\" target=\"_blank\" rel=\"nofollow noopener\">Guerre en Ukraine, jour 1328 : ce qu\u2019il faut retenir de la situation lundi 13 octobre<\/a>&nbsp;&nbsp;La Croix<\/li>\n<li><a href=\"https:\/\/news.google.com\/rss\/articles\/CBMi4gFBVV95cUxOVE1PanRfa2x1Q2pLdjVud1FkcHJrR2pieHJ2ZS1oZEhTd1ZqaFhyaUNUaEV0SzAySEVGbTI3alR2a3Z1b0RLbkpnS1NuTXNWOTBBdTN1WjRqTWR1dE1tX0ZkSHlzcW4tMUV6QTRSLUxLVUR3d1J4NlpOdFpqcFZWUzMxSFF6OFlqUXlEOGpvYnBPM2FnN2UxYkFVbkxVYk1KS2UxRWFBYWdTYnJvc3J1SENlb3dsVWlOYzhNb193YjFqTlNLZFBuOHFDamxxWHhOSmNTNHBFcFlmMlRYZUl1cDdn?oc=5\" target=\"_blank\" rel=\"nofollow noopener\">Guerre en Ukraine : \u00ab Vladimir Poutine a fait une erreur historique majeure \u00bb estime le diplomate Pierre L\u00e9vy<\/a>&nbsp;&nbsp;Radio Classique<\/li>\n<li><a href=\"https:\/\/news.google.com\/rss\/articles\/CBMitgFBVV95cUxOX1BlOXNncU90WlVlR05pTjFIaUZhVmdnVkdjRXRvYU1tT3JuWU5xeDJrbnBzSTZIWDNkM0ZyeTdrV0xGYWk4QXNkbk5NZW56d3hKakRyLW1ib0pwVnYxclEtbGZCakJmd29PcDBYdXFnRkRNNHN1WnJUS0ZobmN1QXVNNFdHZmotZ0hQN0dmYUpoN3g4bW5tdzJRY3BhMlRFbzRWc1hnaFQzazB0RThaeXdYWHE0dw?oc=5\" target=\"_blank\" rel=\"nofollow noopener\">Thanatoc\u00e8ne : la guerre, machine \u00e0 d\u00e9truire le climat<\/a>&nbsp;&nbsp;Socialter<\/li>\n<\/ol>\n","protected":false},"excerpt":{"rendered":"Guerre en Ukraine : tous les ingr\u00e9dients d&rsquo;une dangereuse escalade sont r\u00e9unis, par Peter Schroeder (ex-CIA)&nbsp;&nbsp;L&rsquo;Express ENTRETIEN. Guerre&hellip;\n","protected":false},"author":2,"featured_media":395849,"comment_status":"","ping_status":"","sticky":false,"template":"","format":"standard","meta":{"footnotes":""},"categories":[1591],"tags":[11,1887,12,1885,1886,132],"class_list":{"0":"post-462732","1":"post","2":"type-post","3":"status-publish","4":"format-standard","5":"has-post-thumbnail","7":"category-russie","8":"tag-actualites","9":"tag-federation-de-russie","10":"tag-news","11":"tag-russia","12":"tag-russian-federation","13":"tag-russie"},"share_on_mastodon":{"url":"https:\/\/pubeurope.com\/@fr\/115373396853897894","error":""},"_links":{"self":[{"href":"https:\/\/www.europesays.com\/fr\/wp-json\/wp\/v2\/posts\/462732","targetHints":{"allow":["GET"]}}],"collection":[{"href":"https:\/\/www.europesays.com\/fr\/wp-json\/wp\/v2\/posts"}],"about":[{"href":"https:\/\/www.europesays.com\/fr\/wp-json\/wp\/v2\/types\/post"}],"author":[{"embeddable":true,"href":"https:\/\/www.europesays.com\/fr\/wp-json\/wp\/v2\/users\/2"}],"replies":[{"embeddable":true,"href":"https:\/\/www.europesays.com\/fr\/wp-json\/wp\/v2\/comments?post=462732"}],"version-history":[{"count":0,"href":"https:\/\/www.europesays.com\/fr\/wp-json\/wp\/v2\/posts\/462732\/revisions"}],"wp:featuredmedia":[{"embeddable":true,"href":"https:\/\/www.europesays.com\/fr\/wp-json\/wp\/v2\/media\/395849"}],"wp:attachment":[{"href":"https:\/\/www.europesays.com\/fr\/wp-json\/wp\/v2\/media?parent=462732"}],"wp:term":[{"taxonomy":"category","embeddable":true,"href":"https:\/\/www.europesays.com\/fr\/wp-json\/wp\/v2\/categories?post=462732"},{"taxonomy":"post_tag","embeddable":true,"href":"https:\/\/www.europesays.com\/fr\/wp-json\/wp\/v2\/tags?post=462732"}],"curies":[{"name":"wp","href":"https:\/\/api.w.org\/{rel}","templated":true}]}}