{"id":462733,"date":"2025-10-14T16:11:14","date_gmt":"2025-10-14T16:11:14","guid":{"rendered":"https:\/\/www.europesays.com\/fr\/462733\/"},"modified":"2025-10-14T16:11:14","modified_gmt":"2025-10-14T16:11:14","slug":"poutine-pourrait-il-finalement-ceder-sur-lentree-de-lukraine-dans-lotan","status":"publish","type":"post","link":"https:\/\/www.europesays.com\/fr\/462733\/","title":{"rendered":"Poutine pourrait-il\u00a0finalement c\u00e9der sur\u00a0l\u2019entr\u00e9e de l\u2019Ukraine dans l&rsquo;Otan\u00a0?"},"content":{"rendered":"<p>L&rsquo;id\u00e9e fait son chemin, et ce jusqu&rsquo;au sommet du pouvoir russe. Dans les colonnes de\u00a0Russia in Global Affairs, revue russe d&rsquo;analyse des relations internationales, consid\u00e9r\u00e9e comme un relais de la pens\u00e9e g\u00e9opolitique du Kremlin, <a class=\"Link\" href=\"https:\/\/www.lepoint.fr\/monde\/jens-stoltenberg-l-ukraine-devrait-devenir-membre-de-l-otan-04-10-2025-2600221_24.php\" title=\"\" data-gtm=\"click:capsule\" data-capsule=\"Lien\" target=\"_blank\" rel=\"noopener\">l&rsquo;adh\u00e9sion de l&rsquo;Ukraine \u00e0 l&rsquo;Otan<\/a>\u00a0est \u00e9voqu\u00e9e. Comme le rapporte <a class=\"Link\" href=\"https:\/\/www.courrierinternational.com\/article\/vu-de-russie-et-si-l-adhesion-de-l-ukraine-a-l-otan-n-etait-plus-un-motif-d-inquietude-pour-moscou_236000\" target=\"_blank\" title=\"\" data-gtm=\"click:capsule\" data-capsule=\"Lien\" rel=\"noopener\">Courrier international<\/a>, si elle a longtemps constitu\u00e9 une ligne rouge pour la Russie, cette adh\u00e9sion semble, aujourd&rsquo;hui, ne plus repr\u00e9senter la menace existentielle qu&rsquo;elle \u00e9tait, en 2022, pour <a class=\"Link\" href=\"https:\/\/www.lepoint.fr\/tags\/vladimir-poutine\" data-gtm=\"click:capsule\" data-capsule=\"Lien\" target=\"_blank\" rel=\"noopener\">Vladimir Poutine<\/a>.<\/p>\n<p>Depuis de nombreuses ann\u00e9es, le dirigeant russe a en effet affirm\u00e9 \u00e0 de multiples reprises que <a class=\"Link\" href=\"https:\/\/www.lepoint.fr\/postillon\/pourquoi-l-ukraine-a-besoin-de-l-otan-06-03-2024-2554382_3961.php\" title=\"\" data-gtm=\"click:capsule\" data-capsule=\"Lien\" target=\"_blank\" rel=\"noopener\">l&rsquo;adh\u00e9sion de l&rsquo;Ukraine \u00e0 l&rsquo;alliance transatlantique<\/a>\u00a0restait inacceptable. \u00ab\u00a0Nous ne nous sommes jamais oppos\u00e9s \u00e0 la candidature de l&rsquo;<a class=\"Link\" href=\"https:\/\/www.lepoint.fr\/tags\/ukraine\" data-gtm=\"click:capsule\" data-capsule=\"Lien\" target=\"_blank\" rel=\"noopener\">Ukraine<\/a> \u00e0 l&rsquo;UE. En ce qui concerne l&rsquo;Otan, c&rsquo;est une autre affaire\u00a0\u00bb, d\u00e9clarait-il encore en septembre\u00a02025, selon l&rsquo;agence de presse russe Interfax.<\/p>\n<p>\u00c0 LIRE AUSSI <strong class=\"strong\"><a href=\"https:\/\/www.lepoint.fr\/monde\/poutine-et-ses-militaires-ont-ils-peur-de-la-bombe-nucleaire-francaise-13-10-2025-2600836_24.php\" title=\"Poutine et ses militaires ont-ils\u00a0peur de la bombe nucl\u00e9aire fran\u00e7aise\u00a0?\" style=\"text-decoration: none; color: inherit;\" data-gtm=\"click:capsule\" data-capsule=\"\u00c0 lire aussi\" target=\"_blank\" rel=\"noopener\">Poutine et ses militaires ont-ils\u00a0peur de la bombe nucl\u00e9aire fran\u00e7aise\u00a0?<\/a><\/strong> En effet, l&rsquo;adh\u00e9sion de l&rsquo;Ukraine \u00e0 l&rsquo;UE n&rsquo;\u00e9tait pas vue comme une ligne rouge, mais tout au mieux comme \u00ab\u00a0un compromis entre les aspirations europ\u00e9ennes de l&rsquo;Ukraine et la position de principe de Moscou sur le caract\u00e8re indispensable du statut neutre, \u00ab\u00a0hors blocs\u00a0\u00bb, de son voisin\u00a0\u00bb.\u00a0Les membres de l&rsquo;Otan\u00a0ont, eux, r\u00e9affirm\u00e9 plusieurs fois que l&rsquo;avenir de l&rsquo;Ukraine se jouerait au sein de l&rsquo;organisation.<\/p>\n<p>Une int\u00e9gration aux normes occidentales<\/p>\n<p>Mais, en presque quatre ans de conflit, la donne a chang\u00e9. \u00ab\u00a0Le simple fait que la guerre se poursuive depuis d\u00e9j\u00e0 presque quatre ans, avec une impasse des positions de plus en plus souvent reconnue, laisse \u00e0 penser qu&rsquo;on est parvenu \u00e0 un certain \u00e9quilibre tactique \u2013 une situation que bien peu de personnes avaient pr\u00e9vue en Russie au mois de f\u00e9vrier\u00a02022\u00a0\u00bb, explique Russia in Global Affairs.<\/p>\n<p>L&rsquo;Ukraine s&rsquo;est par ailleurs compl\u00e8tement\u00a0int\u00e9gr\u00e9e aux normes des partenaires occidentaux de l&rsquo;Ukraine\u00a0: instructeurs militaires occidentaux, modernisation de l&rsquo;arm\u00e9e par des technologies occidentales, \u00e9changes de renseignements\u2026 L&rsquo;arm\u00e9e suit les normes de l&rsquo;alliance. \u00c0 tel point que, selon la revue, elle pourrait remplir\u00a0tous les crit\u00e8res du Plan d&rsquo;action pour l&rsquo;adh\u00e9sion\u00a0de l&rsquo;Otan [programme d&rsquo;aide et de conseils de l&rsquo;Otan pour pr\u00e9parer un pays candidat \u00e0 l&rsquo;adh\u00e9sion, NDLR].<\/p>\n<p>\u00c0 LIRE AUSSI <strong class=\"strong\"><a href=\"https:\/\/www.lepoint.fr\/monde\/l-un-des-objectifs-de-la-russie-est-que-l-europe-ne-soit-qu-un-marche-commun-sans-capacite-de-nuisance-08-10-2025-2600585_24.php\" title=\"\u00ab\u00a0L&#039;un des objectifs de la Russie est que l&#039;Europe ne soit qu&#039;un march\u00e9 commun, sans capacit\u00e9 de nuisance\u00a0\u00bb\" style=\"text-decoration: none; color: inherit;\" data-gtm=\"click:capsule\" data-capsule=\"\u00c0 lire aussi\" target=\"_blank\" rel=\"noopener\">\u00ab\u00a0L&rsquo;un des objectifs de la Russie est que l&rsquo;Europe ne soit qu&rsquo;un march\u00e9 commun, sans capacit\u00e9 de nuisance\u00a0\u00bb<\/a><\/strong> D&rsquo;autre part, certaines craintes de la Russie semblent n&rsquo;avoir plus lieu d&rsquo;\u00eatre.\u00a0Le refus historique de l&rsquo;adh\u00e9sion de l&rsquo;Ukraine \u00e0 l&rsquo;Otan r\u00e9sidait dans une peur pour la s\u00e9curit\u00e9 des fronti\u00e8res occidentales de la Russie. Elle craignait en effet, avant le d\u00e9but de la guerre en 2022, de perdre le contr\u00f4le sur la rive nord de la mer Nord, et le d\u00e9ploiement d&rsquo;armes de haute pr\u00e9cision sur le territoire ukrainien.<\/p>\n<p>\u00ab\u00a0La perspective ne peut plus justifier les m\u00eames craintes\u00a0\u00bb<\/p>\n<p>Cette crainte semble pour le moins infond\u00e9e aujourd&rsquo;hui\u00a0: d&rsquo;une part, la Russie contr\u00f4le largement la rive nord de la mer Noire jusqu&rsquo;\u00e0 Kherson. D&rsquo;autre part, il n&rsquo;y a pas eu besoin d&rsquo;adh\u00e9sion ukrainienne \u00e0 l&rsquo;Otan pour que l&rsquo;arm\u00e9e russe soit vis\u00e9e par les syst\u00e8mes de haute pr\u00e9cision europ\u00e9enne. \u00ab\u00a0Dans cette optique, les craintes de la Russie face \u00e0 la perspective de voir l&rsquo;Ukraine renoncer \u00e0 son statut \u201chors blocs\u201d n&rsquo;ont aucun sens, dans la mesure o\u00f9 son alignement [sur l&rsquo;Occident] s&rsquo;est d\u00e9j\u00e0 concr\u00e9tis\u00e9 en dehors des proc\u00e9dures officielles relevant du droit international.\u00a0\u00bb<\/p>\n<p>\n\u00c0 D\u00e9couvrir<br \/>\n<strong class=\"discover-kangourou__line\"><br \/>\n<img decoding=\"async\" class=\"discover-kangourou__img\" src=\"https:\/\/static.lpnt.fr\/static\/img\/kangourou\/kangourou_filled.svg\"\/><br \/>\n<strong class=\"discover-kangourou__txt\"><br \/>\n<strong>Le Kangourou du jour<\/strong><br \/>\n<a href=\"https:\/\/kangourou.lepoint.fr\" title=\"kangourou\" data-gtm-cta=\"kangourou_article\" class=\"discover-kangourou__lnk\" target=\"_blank\" rel=\"noopener\"><br \/>\nR\u00e9pondre<br \/>\n<\/a><br \/>\n<\/strong><br \/>\n<\/strong><br \/>\n\u00ab\u00a0Les pr\u00e9tendues \u201clignes rouges\u201d, si souvent invoqu\u00e9es en quatre\u00a0ans de conflit, n&rsquo;ont pas plus de valeur que dans le discours politique des bellig\u00e9rants directs\u00a0\u00bb, est-il ainsi expliqu\u00e9. \u00ab\u00a0Dans cette nouvelle r\u00e9alit\u00e9 de la fin de 2025, la perspective d&rsquo;une adh\u00e9sion de l&rsquo;Ukraine \u00e0 l&rsquo;Otan ne peut plus justifier les m\u00eames craintes, disons, qu&rsquo;en 2021.\u00a0\u00bb<\/p>\n<p>\u00c0 LIRE AUSSI <strong class=\"strong\"><a href=\"https:\/\/www.lepoint.fr\/monde\/general-vigilant-la-seule-force-de-poutine-c-est-notre-peur-06-10-2025-2600367_24.php\" title=\"G\u00e9n\u00e9ral Vigilant\u00a0: \u00ab\u00a0La seule force de Poutine, c&#039;est notre peur\u00a0\u00bb\" style=\"text-decoration: none; color: inherit;\" data-gtm=\"click:capsule\" data-capsule=\"\u00c0 lire aussi\" target=\"_blank\" rel=\"noopener\">G\u00e9n\u00e9ral Vigilant\u00a0: \u00ab\u00a0La seule force de Poutine, c&rsquo;est notre peur\u00a0\u00bb<\/a><\/strong> Envisager l&rsquo;adh\u00e9sion de l&rsquo;Ukraine \u00e0 l&rsquo;Otan, c&rsquo;est avant tout faire un \u00e9tat d&rsquo;une \u00e9volution\u00a0: \u00ab\u00a0Le statut neutre (et, reconnaissons-le, prorusse) de l&rsquo;Ukraine appartient au pass\u00e9, du point de vue non seulement \u00e9conomique et culturel, mais \u00e9galement militaire, abonde le\u00a0Russia in Global Affairs.\u00a0Et plus le conflit va durer, plus va s&rsquo;imposer la n\u00e9cessit\u00e9 de n\u00e9gocier non plus seulement \u00e0 l&rsquo;\u00e9chelon de Moscou et de Kiev, mais en tenant compte des nouvelles alliances d\u00e9j\u00e0 nou\u00e9es par les deux parties en pr\u00e9sence.\u00a0\u00bb De quoi faire plier Vladimir Poutine\u00a0?<\/p>\n<p>Toute l\u2019actualit\u00e9 \u00e0 1\u20ac le premier mois<\/p>\n<p><a href=\"https:\/\/abo.lepoint.fr\/?provenance=21EDI020098\" class=\"btn\" title=\"S&#039;abonner\" data-gtm=\"click:abo|display:abo\" data-campaign=\"paywall_maison\" target=\"_blank\" rel=\"noopener\">S&rsquo;abonner<\/a><\/p>\n<p>ou<\/p>\n","protected":false},"excerpt":{"rendered":"L&rsquo;id\u00e9e fait son chemin, et ce jusqu&rsquo;au sommet du pouvoir russe. Dans les colonnes de\u00a0Russia in Global Affairs,&hellip;\n","protected":false},"author":2,"featured_media":462734,"comment_status":"","ping_status":"","sticky":false,"template":"","format":"standard","meta":{"footnotes":""},"categories":[1590],"tags":[11,1777,674,12,136,220,135],"class_list":{"0":"post-462733","1":"post","2":"type-post","3":"status-publish","4":"format-standard","5":"has-post-thumbnail","7":"category-ukraine","8":"tag-actualites","9":"tag-eu","10":"tag-europe","11":"tag-news","12":"tag-otan","13":"tag-ukraine","14":"tag-vladimir-poutine"},"share_on_mastodon":{"url":"https:\/\/pubeurope.com\/@fr\/115373401105848991","error":""},"_links":{"self":[{"href":"https:\/\/www.europesays.com\/fr\/wp-json\/wp\/v2\/posts\/462733","targetHints":{"allow":["GET"]}}],"collection":[{"href":"https:\/\/www.europesays.com\/fr\/wp-json\/wp\/v2\/posts"}],"about":[{"href":"https:\/\/www.europesays.com\/fr\/wp-json\/wp\/v2\/types\/post"}],"author":[{"embeddable":true,"href":"https:\/\/www.europesays.com\/fr\/wp-json\/wp\/v2\/users\/2"}],"replies":[{"embeddable":true,"href":"https:\/\/www.europesays.com\/fr\/wp-json\/wp\/v2\/comments?post=462733"}],"version-history":[{"count":0,"href":"https:\/\/www.europesays.com\/fr\/wp-json\/wp\/v2\/posts\/462733\/revisions"}],"wp:featuredmedia":[{"embeddable":true,"href":"https:\/\/www.europesays.com\/fr\/wp-json\/wp\/v2\/media\/462734"}],"wp:attachment":[{"href":"https:\/\/www.europesays.com\/fr\/wp-json\/wp\/v2\/media?parent=462733"}],"wp:term":[{"taxonomy":"category","embeddable":true,"href":"https:\/\/www.europesays.com\/fr\/wp-json\/wp\/v2\/categories?post=462733"},{"taxonomy":"post_tag","embeddable":true,"href":"https:\/\/www.europesays.com\/fr\/wp-json\/wp\/v2\/tags?post=462733"}],"curies":[{"name":"wp","href":"https:\/\/api.w.org\/{rel}","templated":true}]}}