{"id":462735,"date":"2025-10-14T16:12:18","date_gmt":"2025-10-14T16:12:18","guid":{"rendered":"https:\/\/www.europesays.com\/fr\/462735\/"},"modified":"2025-10-14T16:12:18","modified_gmt":"2025-10-14T16:12:18","slug":"nous-nous-accroupissons-le-boycottage-fait-mal-a-des-commercants-americains","status":"publish","type":"post","link":"https:\/\/www.europesays.com\/fr\/462735\/","title":{"rendered":"\u00abNous nous accroupissons\u00bb: le boycottage fait mal \u00e0 des commer\u00e7ants am\u00e9ricains"},"content":{"rendered":"<p><strong>Le mouvement canadien de boycottage des produits am\u00e9ricains se fait sentir au sud de la fronti\u00e8re et des commer\u00e7ants \u00abinnocents\u00bb affirment payer la note.<\/strong><\/p>\n<p>Ventes en chute libre, carnet de r\u00e9servations vid\u00e9, licenciements: voil\u00e0 le portrait que plusieurs dirigeants d\u2019entreprises aux \u00c9tats-Unis ont dress\u00e9 \u00e0 CNN dans un reportage publi\u00e9 lundi.<\/p>\n<p>Gareth Moore, le patron de la Distillerie Virginia, affirme avoir vu ses ventes canadiennes de whisky s\u2019effondrer apr\u00e8s la naissance du mouvement visant \u00e0 r\u00e9pliquer aux tarifs douaniers et aux menaces de 51e \u00c9tat de Donald Trump.<\/p>\n<p>\u00abOn pr\u00e9voyait tripler notre chiffre d\u2019affaires. \u00c0 la place, c\u2019est tomb\u00e9 \u00e0 z\u00e9ro\u00bb, a d\u00e9plor\u00e9 l\u2019homme d\u2019affaires.<\/p>\n<p>Ayant vu ses bouteilles \u00eatre retir\u00e9es des tablettes dans certaines provinces, Gareth Moore estime \u00eatre \u00abvictime\u00bb d\u2019une guerre commerciale \u00ablaide\u00bb qui ne le concerne en rien.<\/p>\n<p>\u00abNous ne faisons pas de politique. Nous ne sommes que quelques gars de Virginie qui fabriquent du bon whisky.\u00bb<\/p>\n<p>Un autre point qui fait mal\u00a0: la d\u00e9cision de nombreux Canadiens de ne plus visiter les \u00c9tats-Unis.<\/p>\n<p>Le propri\u00e9taire du Bluff Point Golf Resort, un parcours situ\u00e9 \u00e0 Plattsburgh, constate une \u00abbaisse dramatique\u00bb de la client\u00e8le canadienne.<\/p>\n<p>\u00abIl est tr\u00e8s rare de voir quelqu\u2019un venir jouer au golf en provenance du Canada\u00bb, raconte Paul Dame \u00e0 CNN. Normalement, pr\u00e8s de 70% des golfeurs journaliers \u00e0 son terrain proviennent du nord de la fronti\u00e8re.<\/p>\n<p><b>\u2022 \u00c9coutez aussi cet \u00e9pisode balado tir\u00e9 de l&rsquo;\u00e9mission de <a href=\"https:\/\/www.qub.ca\/balado\/mario-dumont\" target=\"_blank\" rel=\"nofollow noopener\">Mario Dumont<\/a>, diffus\u00e9e sur les plateformes <a href=\"https:\/\/www.qub.ca\" target=\"_blank\" rel=\"nofollow noopener\">QUB<\/a> et simultan\u00e9ment sur le 99.5 FM Montr\u00e9al : <\/b><\/p>\n<p>\u00abLe plus difficile pour nous, c&rsquo;est que nous n&rsquo;avons rien fait [&#8230;] Les Canadiens ne sont tout simplement pas heureux. Ce n&rsquo;est pas une question de politique \u00e9conomique. Ce sont ces choses blessantes dites \u00e0 propos de leur pays\u00bb, avance-t-il.<\/p>\n<p>De son c\u00f4t\u00e9, Mark Collins, un homme d\u2019affaires natif de Terre-Neuve-et-Labrador qui a \u00e9migr\u00e9 aux \u00c9tats-Unis, subit aussi les contrecoups de l\u2019effritement de la relation entre les deux pays qui lui sont si chers.<\/p>\n<p>Le PDG d\u2019un service de traversier bas\u00e9 \u00e0 Seattle a vu les ventes de billets au Canada fondre comme neige au soleil. Sa compagnie Clipper Navigation vendrait 30% moins de trajets Vancouver-Seattle depuis le d\u00e9but de l\u2019ann\u00e9e.<\/p>\n<p>Pour lui, les multiples menaces d\u2019annexion du Canada par le pr\u00e9sident Donald Trump sont la goutte qui a fait d\u00e9border le vase.<\/p>\n<p>\u00abIl y a d\u00e9finitivement un sentiment de fiert\u00e9 nationale \u00e0 \u00eatre offens\u00e9. Les gens disaient: \u00ab\u00a0Si \u00e7a doit se passer comme \u00e7a, j\u2019ai un choix et mon choix est de ne pas voyager aux \u00c9tats-Unis\u00a0\u00bb\u00bb, estime Collins.<\/p>\n<p>Le Canadien d\u2019origine admet n\u2019avoir eu d\u2019autre choix que de licencier le quart de sa main-d\u2019\u0153uvre.<\/p>\n<p>\u00abNous nous accroupissons. Il ne semble pas que la situation s&rsquo;am\u00e9liore de sit\u00f4t\u00bb, conclut-il.<\/p>\n","protected":false},"excerpt":{"rendered":"Le mouvement canadien de boycottage des produits am\u00e9ricains se fait sentir au sud de la fronti\u00e8re et des&hellip;\n","protected":false},"author":2,"featured_media":462736,"comment_status":"","ping_status":"","sticky":false,"template":"","format":"standard","meta":{"footnotes":""},"categories":[1589],"tags":[11,73,1866,12,1864,1865,1863,308],"class_list":{"0":"post-462735","1":"post","2":"type-post","3":"status-publish","4":"format-standard","5":"has-post-thumbnail","7":"category-etats-unis","8":"tag-actualites","9":"tag-etats-unis","10":"tag-etats-unis-damerique","11":"tag-news","12":"tag-united-states","13":"tag-united-states-of-america","14":"tag-us","15":"tag-usa"},"share_on_mastodon":{"url":"https:\/\/pubeurope.com\/@fr\/115373404770559495","error":""},"_links":{"self":[{"href":"https:\/\/www.europesays.com\/fr\/wp-json\/wp\/v2\/posts\/462735","targetHints":{"allow":["GET"]}}],"collection":[{"href":"https:\/\/www.europesays.com\/fr\/wp-json\/wp\/v2\/posts"}],"about":[{"href":"https:\/\/www.europesays.com\/fr\/wp-json\/wp\/v2\/types\/post"}],"author":[{"embeddable":true,"href":"https:\/\/www.europesays.com\/fr\/wp-json\/wp\/v2\/users\/2"}],"replies":[{"embeddable":true,"href":"https:\/\/www.europesays.com\/fr\/wp-json\/wp\/v2\/comments?post=462735"}],"version-history":[{"count":0,"href":"https:\/\/www.europesays.com\/fr\/wp-json\/wp\/v2\/posts\/462735\/revisions"}],"wp:featuredmedia":[{"embeddable":true,"href":"https:\/\/www.europesays.com\/fr\/wp-json\/wp\/v2\/media\/462736"}],"wp:attachment":[{"href":"https:\/\/www.europesays.com\/fr\/wp-json\/wp\/v2\/media?parent=462735"}],"wp:term":[{"taxonomy":"category","embeddable":true,"href":"https:\/\/www.europesays.com\/fr\/wp-json\/wp\/v2\/categories?post=462735"},{"taxonomy":"post_tag","embeddable":true,"href":"https:\/\/www.europesays.com\/fr\/wp-json\/wp\/v2\/tags?post=462735"}],"curies":[{"name":"wp","href":"https:\/\/api.w.org\/{rel}","templated":true}]}}