{"id":462737,"date":"2025-10-14T16:13:11","date_gmt":"2025-10-14T16:13:11","guid":{"rendered":"https:\/\/www.europesays.com\/fr\/462737\/"},"modified":"2025-10-14T16:13:11","modified_gmt":"2025-10-14T16:13:11","slug":"une-mosquee-londonienne-exclut-les-femmes-dune-course-inclusive","status":"publish","type":"post","link":"https:\/\/www.europesays.com\/fr\/462737\/","title":{"rendered":"une mosqu\u00e9e londonienne exclut les femmes d\u2019une course \u00abinclusive\u00bb"},"content":{"rendered":"<p>\n    Dimanche 12 octobre la mosqu\u00e9e de Londres Est a organis\u00e9 une course r\u00e9serv\u00e9e aux \u00abgar\u00e7ons de tous \u00e2ges\u00bb et aux \u00abfilles de moins de douze ans\u00bb. Un \u00e9v\u00e9nement qui r\u00e9veille les fractures communautaristes Outre-Manche.<\/p>\n<p class=\"fig-paragraph\">\u00c0 Londres, une course pr\u00e9sent\u00e9e comme \u00abinclusive\u00bb laisse les femmes sur la ligne de d\u00e9part et d\u00e9clenche une vive pol\u00e9mique. Dimanche, dans le quartier de Tower Hamlets, la mosqu\u00e9e de Londres Est a organis\u00e9 la douzi\u00e8me \u00e9dition de la Course Caritative Musulmane (Muslim Charity Run). Un \u00e9v\u00e9nement apparemment \u00abouvert \u00e0 tous\u00bb selon le\u00a0<a href=\"https:\/\/muslimcharityrun.org.uk\/the-event\/\" target=\"_blank\" rel=\"sponsored noopener\" data-gtm-custom-categorie=\"navigation\" data-gtm-custom-action=\"crossclick\" data-gtm-custom-label=\"Contextuel\" data-gtm-event=\"customEventSPE\">site internet<\/a>\u00a0de l\u2019organisation, qui pr\u00e9cise toutefois que la course \u00e9tait r\u00e9serv\u00e9e aux \u00abgar\u00e7ons de tous \u00e2ges\u00bb et aux \u00abfilles de moins de douze ans\u00bb. Des r\u00e8gles pour le moins paradoxales qui enflamment le\u00a0<a href=\"https:\/\/www.lefigaro.fr\/tag\/royaume-uni\" target=\"_blank\" rel=\"sponsored noopener\" data-gtm-custom-categorie=\"navigation\" data-gtm-custom-action=\"crossclick\" data-gtm-custom-label=\"Contextuel\" data-gtm-event=\"customEventSPE\">Royaume-Uni<\/a>.<\/p>\n<p>Une course pol\u00e9mique<\/p>\n<p class=\"fig-paragraph\">Situ\u00e9s en bordure du quartier branch\u00e9 de Hackney Bow, le Parc Victoria et ses 86 hectares furent longtemps le refuge de la classe ouvri\u00e8re de l\u2019est. Canaux, \u00e9tangs, courts de tennis offrent leur agr\u00e9ment aux promeneurs, sportifs et festivaliers. Dimanche 12 octobre, il n\u2019y avait donc rien d\u2019inhabituel \u00e0 ce que plusieurs centaines de coureurs investissent les lieux. D\u00e9j\u00e0 en 2024, la Course Caritative Musulmane s\u2019y \u00e9tait tenue, ses organisateurs revendiquant plus de mille participants, pour un montant r\u00e9colt\u00e9 de quelque 180.000 euros. Pour la nouvelle \u00e9dition, les organisateurs se targuaient du soutien de plusieurs organisations caritatives musulmanes. Parmi elles, l\u2019association\u00a0<a href=\"https:\/\/www.lefigaro.fr\/international\/2016\/05\/10\/01003-20160510ARTFIG00242-londres-des-publicites-gloire-a-allah-sur-les-bus-font-polemique.php\" data-fig-type=\"Article\" data-gtm-custom-categorie=\"navigation\" data-gtm-custom-action=\"crossclick\" data-gtm-custom-label=\"Contextuel\" data-gtm-event=\"customEventSPE\" data-fig-domain=\"LEFIGARO\" target=\"_blank\" rel=\"noopener\">Islamic Relief<\/a>,\u00a0<a href=\"https:\/\/www.odilejacob.fr\/catalogue\/sciences-humaines\/sciences-politiques\/frerisme-et-ses-reseaux_9782415003555.php\" target=\"_blank\" rel=\"sponsored noopener\" data-gtm-custom-categorie=\"navigation\" data-gtm-custom-action=\"crossclick\" data-gtm-custom-label=\"Contextuel\" data-gtm-event=\"customEventSPE\">soup\u00e7onn\u00e9e\u00a0<\/a>d\u2019\u00eatre proche des\u00a0<a href=\"https:\/\/www.lefigaro.fr\/tag\/freres-musulmans\" target=\"_blank\" rel=\"sponsored noopener\" data-gtm-custom-categorie=\"navigation\" data-gtm-custom-action=\"crossclick\" data-gtm-custom-label=\"Contextuel\" data-gtm-event=\"customEventSPE\">Fr\u00e8res musulmans<\/a>.<\/p>\n<blockquote class=\"fig-quote&#10;    \">\n<p class=\"fig-quote__text\">\u00ab Un v\u00e9ritable effort communautaire et une source d\u2019inspiration\u00a0\u00bb<\/p>\n<p>            Lutfur Rahman, maire de Tower Hamlets\n    <\/p><\/blockquote>\n<p>                                    <a class=\"fig-a11y-skip a11y-hidden\" href=\"#fig-a11y-skip-main-inarticle\"><br \/>\n        Passer la publicit\u00e9<br \/>\n    <\/a><\/p>\n<p class=\"fig-paragraph\">Pr\u00e9sent lors de la remise des prix, le maire de Tower Hamlets, Lutfur Rahman, s\u2019est f\u00e9licit\u00e9 du succ\u00e8s de la course. \u00ab Plus de 1600 coureurs de tous \u00e2ges et de tous niveaux ont particip\u00e9. Lever des fonds pour quarante associations caritatives\u00a0: un v\u00e9ritable effort communautaire et une source d\u2019inspiration\u00a0!\u00a0\u00bb, a\u00a0<a href=\"https:\/\/www.facebook.com\/LutfurrahmanTH\/posts\/it-was-a-pleasure-to-attend-the-prize-giving-ceremony-at-the-12th-muslim-charity\/1363159709151099\/\" target=\"_blank\" rel=\"sponsored noopener\" data-gtm-custom-categorie=\"navigation\" data-gtm-custom-action=\"crossclick\" data-gtm-custom-label=\"Contextuel\" data-gtm-event=\"customEventSPE\">\u00e9crit\u00a0<\/a>l\u2019\u00e9lu sur Facebook.<\/p>\n<p class=\"fig-paragraph\">Mais cette ann\u00e9e, l\u2019ambiance festive couvait un scandale. En cause, la d\u00e9cision implicite d\u2019exclure femmes et adolescentes de la course. Une restriction confirm\u00e9e sur le site officiel de l\u2019\u00e9v\u00e9nement, en cette discr\u00e8te formule\u00a0: \u00abla course est \u00abouverte \u00e0 tous\u00a0: coureurs, marcheurs et enfants (filles de moins de 12 ans et gar\u00e7ons de tous \u00e2ges), sans compter les familles, amis, spectateurs et volontaires\u00bb. \u00abQue vous preniez part aux 5km ou que vous encouragiez en bordure, vous \u00eates les bienvenus\u00bb, pr\u00e9cisait l\u2019organisation. Des propos qui ont \u00e9t\u00e9 retir\u00e9s du site internet ce mardi 14 octobre.<\/p>\n<p class=\"fig-paragraph\">La pol\u00e9mique n\u2019a en effet cess\u00e9 d\u2019enfler depuis dimanche. Lundi soir, le vice-pr\u00e9sident du Green Party, Shahrar Ali s\u2019est vivement inqui\u00e9t\u00e9 sur X quant \u00e0 la \u00abpr\u00e9valence des valeurs de la charia sur les lois et traditions britanniques\u00bb.<\/p>\n<p class=\"fig-paragraph\">Contact\u00e9e par le\u00a0<a href=\"https:\/\/www.thetimes.com\/uk\/religion\/article\/mosque-breaching-equality-act-london-6pcd3dbb0\" target=\"_blank\" rel=\"sponsored noopener\" data-gtm-custom-categorie=\"navigation\" data-gtm-custom-action=\"crossclick\" data-gtm-custom-label=\"Contextuel\" data-gtm-event=\"customEventSPE\">Times<\/a> , la mosqu\u00e9e s\u2019est d\u00e9fendue de toute infraction \u00e0 la loi. \u00abLes comp\u00e9titions sportives non mixtes sont autoris\u00e9es par la section 195 et l\u2019annexe 23 de cette loi, et sont courantes au Royaume-Uni, notamment la Women\u2019s Run Series, la Nike Women\u2019s 10K ou encore les s\u00e9ances de natation r\u00e9serv\u00e9es aux femmes dans certains centres communautaires juifs orthodoxes, comme celui de Manchester\u00bb, a pr\u00e9cis\u00e9 un porte-parole de la mosqu\u00e9e au quotidien.<\/p>\n<p>\u00abHorrifi\u00e9 comme tout le monde\u00bb<\/p>\n<p class=\"fig-paragraph\">Interpell\u00e9, le\u00a0<a href=\"http:\/\/www.lefigaro.fr\/international\/royaume-uni-le-gouvernement-juge-inacceptable-la-decision-d-une-mosquee-d-exclure-les-femmes-d-une-course-a-pied-20251014\" data-fig-type=\"NewsFlash\" data-gtm-custom-categorie=\"navigation\" data-gtm-custom-action=\"crossclick\" data-gtm-custom-label=\"Contextuel\" data-gtm-event=\"customEventSPE\" data-fig-domain=\"LEFIGARO\" target=\"_blank\" rel=\"noopener\">gouvernement a r\u00e9agi<\/a>\u00a0par le biais de Steve Reed, ministre charg\u00e9 des communaut\u00e9s. \u00abJ\u2019ai vu ces informations (&#8230;) et j\u2019ai \u00e9t\u00e9 horrifi\u00e9 comme tout le monde. Il est absolument inacceptable que les femmes se voient interdire de participer \u00e0 une course de loisirs dans un espace public alors que les hommes sont autoris\u00e9s \u00e0 le faire\u00bb, a-t-il exprim\u00e9 sur la radio LBC. Il a \u00e9galement d\u00e9clar\u00e9 que la Commission pour l\u2019\u00e9galit\u00e9 et les droits de l\u2019homme (EHRC) d\u00e9terminerait si des lois avaient \u00e9t\u00e9 enfreintes.<\/p>\n<p>                                    <a class=\"fig-a11y-skip a11y-hidden\" href=\"#fig-a11y-skip-main-inarticle_mtf\"><br \/>\n        Passer la publicit\u00e9<br \/>\n    <\/a><\/p>\n<p class=\"fig-paragraph\">De son c\u00f4t\u00e9, la mairie de Tower Hamlets, a d\u00e9clin\u00e9 toute implication dans l\u2019\u00e9v\u00e9nement, rapporte le\u00a0<a href=\"https:\/\/www.theguardian.com\/uk-news\/2025\/oct\/14\/steve-reed-muslim-charity-run-london-excluded-women\" target=\"_blank\" rel=\"sponsored noopener\" data-gtm-custom-categorie=\"navigation\" data-gtm-custom-action=\"crossclick\" data-gtm-custom-label=\"Contextuel\" data-gtm-event=\"customEventSPE\">Guardian<\/a> . Un porte-parole du conseil municipal de Tower Hamlets a d\u00e9clar\u00e9\u00a0: \u00ab Il s\u2019agissait d\u2019un \u00e9v\u00e9nement ind\u00e9pendant organis\u00e9 dans le parc Victoria, non organis\u00e9 par le conseil municipal.\u00a0\u00bb Il ajoute que \u00able conseil municipal a contact\u00e9 la mosqu\u00e9e de Londres Est pour obtenir des \u00e9claircissements\u00bb.<\/p>\n","protected":false},"excerpt":{"rendered":"Dimanche 12 octobre la mosqu\u00e9e de Londres Est a organis\u00e9 une course r\u00e9serv\u00e9e aux \u00abgar\u00e7ons de tous \u00e2ges\u00bb&hellip;\n","protected":false},"author":2,"featured_media":462738,"comment_status":"","ping_status":"","sticky":false,"template":"","format":"standard","meta":{"footnotes":""},"categories":[1588],"tags":[11,6466,1777,674,1253,12,473,1853,1851,1850,1852],"class_list":{"0":"post-462737","1":"post","2":"type-post","3":"status-publish","4":"format-standard","5":"has-post-thumbnail","7":"category-royaume-uni","8":"tag-actualites","9":"tag-course","10":"tag-eu","11":"tag-europe","12":"tag-islamisme","13":"tag-news","14":"tag-royaume-uni","15":"tag-royaume-uni-de-grande-bretagne-et-dirlande-du-nord","16":"tag-uk","17":"tag-united-kingdom","18":"tag-united-kingdom-of-great-britain-and-northern-ireland"},"share_on_mastodon":{"url":"https:\/\/pubeurope.com\/@fr\/115373408963176903","error":""},"_links":{"self":[{"href":"https:\/\/www.europesays.com\/fr\/wp-json\/wp\/v2\/posts\/462737","targetHints":{"allow":["GET"]}}],"collection":[{"href":"https:\/\/www.europesays.com\/fr\/wp-json\/wp\/v2\/posts"}],"about":[{"href":"https:\/\/www.europesays.com\/fr\/wp-json\/wp\/v2\/types\/post"}],"author":[{"embeddable":true,"href":"https:\/\/www.europesays.com\/fr\/wp-json\/wp\/v2\/users\/2"}],"replies":[{"embeddable":true,"href":"https:\/\/www.europesays.com\/fr\/wp-json\/wp\/v2\/comments?post=462737"}],"version-history":[{"count":0,"href":"https:\/\/www.europesays.com\/fr\/wp-json\/wp\/v2\/posts\/462737\/revisions"}],"wp:featuredmedia":[{"embeddable":true,"href":"https:\/\/www.europesays.com\/fr\/wp-json\/wp\/v2\/media\/462738"}],"wp:attachment":[{"href":"https:\/\/www.europesays.com\/fr\/wp-json\/wp\/v2\/media?parent=462737"}],"wp:term":[{"taxonomy":"category","embeddable":true,"href":"https:\/\/www.europesays.com\/fr\/wp-json\/wp\/v2\/categories?post=462737"},{"taxonomy":"post_tag","embeddable":true,"href":"https:\/\/www.europesays.com\/fr\/wp-json\/wp\/v2\/tags?post=462737"}],"curies":[{"name":"wp","href":"https:\/\/api.w.org\/{rel}","templated":true}]}}