{"id":462739,"date":"2025-10-14T16:14:15","date_gmt":"2025-10-14T16:14:15","guid":{"rendered":"https:\/\/www.europesays.com\/fr\/462739\/"},"modified":"2025-10-14T16:14:15","modified_gmt":"2025-10-14T16:14:15","slug":"lallemagne-decouvre-un-gisement-de-lithium-qui-pourrait-changer-la-donne","status":"publish","type":"post","link":"https:\/\/www.europesays.com\/fr\/462739\/","title":{"rendered":"L&rsquo;Allemagne d\u00e9couvre un gisement de lithium qui pourrait changer la donne"},"content":{"rendered":"<p>\t\t\t\t\t\t\t\t<a href=\"https:\/\/rouleur-electrique.fr\/actu\/\" class=\"category-button | text-uppercase\" rel=\"nofollow noopener\" target=\"_blank\">Actu voiture \u00e9lectrique<\/a><\/p>\n<p><img data-no-lazy=\"\" width=\"1500\" height=\"843\" src=\"https:\/\/www.europesays.com\/fr\/wp-content\/uploads\/2025\/10\/LAllemagne-decouvre-un-gisement-de-lithium-qui-pourrait-ch.jpg\" alt=\"L'Allemagne d\u00e9couvre un gisement de lithium qui pourrait ch\" decoding=\"sync\" fetchpriority=\"high\"  \/><\/p>\n<p>Le march\u00e9 du lithium pourrait conna\u00eetre un bouleversement majeur avec la confirmation d\u2019un gisement exceptionnel en territoire allemand. Cette d\u00e9couverte intervient \u00e0 un moment o\u00f9 l\u2019Europe cherche d\u00e9sesp\u00e9r\u00e9ment \u00e0 r\u00e9duire sa d\u00e9pendance aux importations chinoises et sud-am\u00e9ricaines pour alimenter sa production de <strong>batteries de voitures \u00e9lectriques<\/strong>. La soci\u00e9t\u00e9 Neptune Energy vient de valider la pr\u00e9sence de ressources consid\u00e9rables dans la r\u00e9gion d\u2019Altmark, au nord de l\u2019Allemagne, ouvrant des perspectives in\u00e9dites pour l\u2019autonomie \u00e9nerg\u00e9tique europ\u00e9enne.<\/p>\n<p>Un gisement aux dimensions exceptionnelles dans le nord de l\u2019Allemagne<\/p>\n<p>L\u2019\u00e9valuation men\u00e9e par l\u2019agence ind\u00e9pendante Sproule ERCE r\u00e9v\u00e8le que le sous-sol du nord de la Saxe-Anhalt contient <strong>43 millions de tonnes d\u2019\u00e9quivalent carbonate de lithium<\/strong> (LCE). Bien que ce chiffre reste inf\u00e9rieur aux premi\u00e8res estimations de 70 millions de tonnes, il positionne n\u00e9anmoins Altmark parmi les r\u00e9serves mondiales les plus significatives actuellement identifi\u00e9es.<\/p>\n<p>Les projections de Neptune Energy tablent sur une extraction annuelle d\u2019environ <strong>25 000 tonnes de lithium<\/strong>, un volume suffisant pour alimenter la production de batteries destin\u00e9es \u00e0 pr\u00e8s de <strong>500 000 v\u00e9hicules \u00e9lectriques<\/strong> par an. Ces chiffres prennent une dimension particuli\u00e8re quand on sait qu\u2019une batterie de voiture \u00e9lectrique moyenne n\u00e9cessite environ 50 kg de lithium pour sa fabrication.<\/p>\n<p>La technologie d\u2019extraction directe, une approche prometteuse<\/p>\n<p>Le projet allemand s\u2019appuie sur une m\u00e9thode innovante appel\u00e9e <strong>extraction directe du lithium<\/strong> (DLE). Cette technologie exploite la saumure pr\u00e9sente dans les puits de gaz existants, permettant ainsi une r\u00e9cup\u00e9ration plus efficace et moins impactante que les m\u00e9thodes traditionnelles d\u2019extraction mini\u00e8re. L\u2019avantage de cette approche r\u00e9side dans sa capacit\u00e9 \u00e0 valoriser des infrastructures d\u00e9j\u00e0 en place, r\u00e9duisant consid\u00e9rablement les co\u00fbts d\u2019investissement initial.<\/p>\n<p>Contrairement aux exploitations classiques qui n\u00e9cessitent d\u2019immenses bassins d\u2019\u00e9vaporation et plusieurs mois de traitement, la DLE permet une extraction plus rapide et plus respectueuse de l\u2019environnement. Cette m\u00e9thode pourrait devenir un standard pour les futurs projets europ\u00e9ens, notamment gr\u00e2ce \u00e0 son <strong><a href=\"https:\/\/rouleur-electrique.fr\/comparatif-de-limpact-carbone-voiture-electrique-vs-thermique\/\" rel=\"nofollow noopener\" target=\"_blank\">empreinte carbone<\/a> r\u00e9duite<\/strong> par rapport aux techniques conventionnelles.<\/p>\n<p>L\u2019Allemagne multiplie les sites d\u2019extraction potentiels<\/p>\n<p>Altmark ne constitue pas l\u2019unique espoir allemand en mati\u00e8re d\u2019approvisionnement en lithium. Le pays a identifi\u00e9 deux autres zones prometteuses qui pourraient contribuer significativement \u00e0 ses objectifs d\u2019ind\u00e9pendance \u00e9nerg\u00e9tique :<\/p>\n<ul class=\"wp-block-list\">\n<li>Les monts M\u00e9tallif\u00e8res (Erzgebirge), \u00e0 la fronti\u00e8re avec la R\u00e9publique tch\u00e8que, o\u00f9 des \u00e9tudes g\u00e9ologiques r\u00e9centes ont r\u00e9v\u00e9l\u00e9 des concentrations int\u00e9ressantes<\/li>\n<li>Le graben du Rhin sup\u00e9rieur, une zone g\u00e9othermique riche en saumures lithif\u00e8res qui pourrait allier production d\u2019\u00e9nergie g\u00e9othermique et extraction de lithium<\/li>\n<\/ul>\n<p>Cette strat\u00e9gie multi-sites permet \u00e0 Berlin de diversifier ses sources d\u2019approvisionnement tout en r\u00e9partissant les risques industriels et environnementaux. L\u2019exploitation simultan\u00e9e de ces trois gisements pourrait positionner l\u2019Allemagne comme un acteur majeur du march\u00e9 europ\u00e9en du lithium d\u2019ici la fin de la d\u00e9cennie.<\/p>\n<p>Des enjeux strat\u00e9giques majeurs pour l\u2019industrie automobile europ\u00e9enne<\/p>\n<p>Cette d\u00e9couverte intervient dans un contexte o\u00f9 l\u2019Europe importe encore <strong>95% de son lithium<\/strong> depuis l\u2019Australie, le Chili, l\u2019Argentine et la Chine. La d\u00e9pendance europ\u00e9enne aux cha\u00eenes d\u2019approvisionnement internationales repr\u00e9sente un risque g\u00e9opolitique et \u00e9conomique consid\u00e9rable, particuli\u00e8rement visible lors des r\u00e9centes tensions commerciales et sanitaires mondiales.<\/p>\n<p>Les constructeurs automobiles allemands, notamment <a href=\"https:\/\/rouleur-electrique.fr\/volkswagen\/\" rel=\"nofollow noopener\" target=\"_blank\">Volkswagen<\/a>, <a href=\"https:\/\/rouleur-electrique.fr\/voitures-electriques-bmw\/\" rel=\"nofollow noopener\" target=\"_blank\">BMW<\/a> et Mercedes-EQS, qui investissent massivement dans l\u2019\u00e9lectrification de leurs gammes, pourraient b\u00e9n\u00e9ficier directement de cette autonomie retrouv\u00e9e. L\u2019acc\u00e8s \u00e0 une source locale de lithium permettrait de <strong>r\u00e9duire les co\u00fbts de transport<\/strong> et de s\u00e9curiser les approvisionnements face aux fluctuations du march\u00e9 international.<\/p>\n<tr>R\u00e9gionProduction annuelle estim\u00e9e\u00c9quivalent v\u00e9hicules \u00e9lectriquesD\u00e9but exploitation pr\u00e9vu<\/tr>\n<tr>\n<td>Altmark<\/td>\n<td>25 000 tonnes<\/td>\n<td>500 000 v\u00e9hicules<\/td>\n<td>2027-2028<\/td>\n<\/tr>\n<tr>\n<td>Monts M\u00e9tallif\u00e8res<\/td>\n<td>15 000 tonnes (estimation)<\/td>\n<td>300 000 v\u00e9hicules<\/td>\n<td>2029-2030<\/td>\n<\/tr>\n<tr>\n<td>Graben du Rhin<\/td>\n<td>10 000 tonnes (estimation)<\/td>\n<td>200 000 v\u00e9hicules<\/td>\n<td>2028-2029<\/td>\n<\/tr>\n<p>Impact sur les prix et la stabilit\u00e9 du march\u00e9 europ\u00e9en<\/p>\n<p>L\u2019arriv\u00e9e de cette production europ\u00e9enne pourrait exercer une pression \u00e0 la baisse sur les cours du lithium, qui ont connu des fluctuations spectaculaires ces derni\u00e8res ann\u00e9es. Le prix du <strong>carbonate de lithium<\/strong> est pass\u00e9 de 8 000 dollars la tonne en 2020 \u00e0 plus de 80 000 dollars fin 2022, avant de redescendre autour de 25 000 dollars actuellement.<\/p>\n<p>Une production locale permettrait aux constructeurs europ\u00e9ens de mieux anticiper leurs co\u00fbts de production et de proposer des <strong>voitures \u00e9lectriques plus abordables<\/strong> aux consommateurs. Cette stabilisation des prix constitue un facteur cl\u00e9 pour acc\u00e9l\u00e9rer l\u2019adoption massive des v\u00e9hicules \u00e9lectriques et respecter les objectifs europ\u00e9ens de <strong>neutralit\u00e9 carbone d\u2019ici 2035<\/strong>.<\/p>\n<p>L\u2019exploitation du gisement d\u2019Altmark devrait d\u00e9buter vers 2027-2028, selon les estimations de Neptune Energy. Cette \u00e9ch\u00e9ance co\u00efncide parfaitement avec la mont\u00e9e en puissance pr\u00e9vue de la production europ\u00e9enne de batteries et l\u2019intensification de la transition \u00e9lectrique automobile. L\u2019Allemagne pourrait ainsi transformer sa d\u00e9pendance \u00e9nerg\u00e9tique en opportunit\u00e9 industrielle, consolidant sa position de leader europ\u00e9en dans le secteur automobile.<\/p>\n<p>        <img loading=\"lazy\" decoding=\"async\" alt=\"\" src=\"data:image\/svg+xml,%3Csvg%20xmlns=\" http:=\"\" data-lazy- class=\"avatar avatar-120 photo sab-custom-avatar\" height=\"120\" width=\"120\" data-lazy-src=\"https:\/\/www.europesays.com\/fr\/wp-content\/uploads\/2025\/05\/alexandra-dujonc_trombi.jpg\"\/>    <\/p>\n<p class=\"wp-block-post-author__name\">R\u00e9dig\u00e9 par Alexandra Dujonc<\/p>\n<p class=\"wp-block-post-author__bio\"> Apr\u00e8s des \u00e9tudes en ing\u00e9nierie \u00e9lectrique, j&rsquo;ai travaill\u00e9 sur des\u00a0projets de recherche et de d\u00e9veloppement visant \u00e0 am\u00e9liorer la capacit\u00e9 de recharge des voitures \u00e9lectriques dont j&rsquo;en ai fait ma sp\u00e9cialit\u00e9 ! Je mets \u00e0 votre disposition mes connaissances approfondies sur le sujet de la recharge \u00e9lectrique.<\/p>\n<p>\t\t\tR\u00e9agissez \u00e0 l&rsquo;article    <\/p>\n","protected":false},"excerpt":{"rendered":"Actu voiture \u00e9lectrique Le march\u00e9 du lithium pourrait conna\u00eetre un bouleversement majeur avec la confirmation d\u2019un gisement exceptionnel&hellip;\n","protected":false},"author":2,"featured_media":462740,"comment_status":"","ping_status":"","sticky":false,"template":"","format":"standard","meta":{"footnotes":""},"categories":[1587],"tags":[11,672,1804,1805,1803,1777,674,1801,12,1802],"class_list":{"0":"post-462739","1":"post","2":"type-post","3":"status-publish","4":"format-standard","5":"has-post-thumbnail","7":"category-allemagne","8":"tag-actualites","9":"tag-allemagne","10":"tag-bundesrepublik-deutschland","11":"tag-de","12":"tag-deutschland","13":"tag-eu","14":"tag-europe","15":"tag-germany","16":"tag-news","17":"tag-republique-federale-dallemagne"},"share_on_mastodon":{"url":"https:\/\/pubeurope.com\/@fr\/115373412911781273","error":""},"_links":{"self":[{"href":"https:\/\/www.europesays.com\/fr\/wp-json\/wp\/v2\/posts\/462739","targetHints":{"allow":["GET"]}}],"collection":[{"href":"https:\/\/www.europesays.com\/fr\/wp-json\/wp\/v2\/posts"}],"about":[{"href":"https:\/\/www.europesays.com\/fr\/wp-json\/wp\/v2\/types\/post"}],"author":[{"embeddable":true,"href":"https:\/\/www.europesays.com\/fr\/wp-json\/wp\/v2\/users\/2"}],"replies":[{"embeddable":true,"href":"https:\/\/www.europesays.com\/fr\/wp-json\/wp\/v2\/comments?post=462739"}],"version-history":[{"count":0,"href":"https:\/\/www.europesays.com\/fr\/wp-json\/wp\/v2\/posts\/462739\/revisions"}],"wp:featuredmedia":[{"embeddable":true,"href":"https:\/\/www.europesays.com\/fr\/wp-json\/wp\/v2\/media\/462740"}],"wp:attachment":[{"href":"https:\/\/www.europesays.com\/fr\/wp-json\/wp\/v2\/media?parent=462739"}],"wp:term":[{"taxonomy":"category","embeddable":true,"href":"https:\/\/www.europesays.com\/fr\/wp-json\/wp\/v2\/categories?post=462739"},{"taxonomy":"post_tag","embeddable":true,"href":"https:\/\/www.europesays.com\/fr\/wp-json\/wp\/v2\/tags?post=462739"}],"curies":[{"name":"wp","href":"https:\/\/api.w.org\/{rel}","templated":true}]}}