{"id":462743,"date":"2025-10-14T16:16:10","date_gmt":"2025-10-14T16:16:10","guid":{"rendered":"https:\/\/www.europesays.com\/fr\/462743\/"},"modified":"2025-10-14T16:16:10","modified_gmt":"2025-10-14T16:16:10","slug":"treize-paysans-de-la-confederation-paysanne-de-la-vienne-ont-manifeste-a-paris","status":"publish","type":"post","link":"https:\/\/www.europesays.com\/fr\/462743\/","title":{"rendered":"treize paysans de la Conf\u00e9d\u00e9ration paysanne de la Vienne ont manifest\u00e9 \u00e0 Paris"},"content":{"rendered":"<p>Treize paysans de la <a target=\"_blank\" href=\"https:\/\/www.lanouvellerepublique.fr\/vienne\" rel=\"noopener\">Vienne<\/a> et cinq de Charente du syndicat agricole Conf\u00e9d\u00e9ration paysanne ont voyag\u00e9 ensemble pour grossir les rangs de la manifestation nationale organis\u00e9e \u00e0 Paris. Les syndicalistes ont d\u00e9nonc\u00e9 l\u2019accord entre l\u2019Union europ\u00e9enne et l\u2019Am\u00e9rique du Sud (un trait\u00e9 de libre-\u00e9change appel\u00e9 Mercosur), mardi 14\u00a0octobre 2025.<\/p>\n<p>Ils \u00e9taient 350 manifestants \u00e0 crier leur opposition entre les Invalides et le Champ-de-Mars. \u00ab\u00a0Nous sommes satisfaits, tout s\u2019est tr\u00e8s bien pass\u00e9, dans une bonne ambiance, il n\u2019y a pas eu de confrontation avec les forces de l\u2019ordre m\u00eame si nous \u00e9tions tr\u00e8s encadr\u00e9s par celles-ci, a indiqu\u00e9 B\u00e9atrice Martin, porte-parole de la Conf\u00e9d\u00e9ration paysanne de la Vienne. Nous avons \u00e9t\u00e9 rejoints par d\u2019autres syndicats, comme la CGT et la FSU et m\u00eame par des \u00e9tudiants d\u2019Agro Paris tech qui \u00e9taient en blocus. Plusieurs d\u00e9put\u00e9s sont \u00e9galement venus nous voir, notamment Pascal Lecamp pour la d\u00e9l\u00e9gation de la Vienne. Les \u00e9changes ont \u00e9t\u00e9 constructifs.\u00a0\u00bb<\/p>\n<p>\u00ab\u00a0La course au moins-disant social et environnemental\u00a0\u00bb<\/p>\n<p>La Conf\u00e9d\u00e9ration paysanne entendait d\u00e9noncer ces accords de libre-\u00e9change qui \u00ab\u00a0mettent en concurrence les paysans du monde entier, tirent les prix et les revenus vers le bas et organisent la course au moins-disant social et environnemental\u00a0\u00bb.<\/p>\n<p>La Conf&rsquo; s\u2019inqui\u00e8te non seulement des cons\u00e9quences de cet accord sur le monde agricole mais aussi pour les citoyens, avec une alimentation de mauvaise qualit\u00e9 et dont l\u2019empreinte environnementale sera amplifi\u00e9e.<\/p>\n","protected":false},"excerpt":{"rendered":"Treize paysans de la Vienne et cinq de Charente du syndicat agricole Conf\u00e9d\u00e9ration paysanne ont voyag\u00e9 ensemble pour&hellip;\n","protected":false},"author":2,"featured_media":462744,"comment_status":"","ping_status":"","sticky":false,"template":"","format":"standard","meta":{"footnotes":""},"categories":[1586],"tags":[1392,11,327,436,1777,674,1779,1011,27,12,1653,316,25,1778,364,1584],"class_list":{"0":"post-462743","1":"post","2":"type-post","3":"status-publish","4":"format-standard","5":"has-post-thumbnail","7":"category-europe","8":"tag-a-la-une-local","9":"tag-actualites","10":"tag-agriculture","11":"tag-environnement","12":"tag-eu","13":"tag-europe","14":"tag-european-union","15":"tag-fr","16":"tag-france","17":"tag-news","18":"tag-poitiers","19":"tag-politique","20":"tag-republique-francaise","21":"tag-ue","22":"tag-union-europeenne","23":"tag-vienne"},"share_on_mastodon":{"url":"https:\/\/pubeurope.com\/@fr\/115373420370942735","error":""},"_links":{"self":[{"href":"https:\/\/www.europesays.com\/fr\/wp-json\/wp\/v2\/posts\/462743","targetHints":{"allow":["GET"]}}],"collection":[{"href":"https:\/\/www.europesays.com\/fr\/wp-json\/wp\/v2\/posts"}],"about":[{"href":"https:\/\/www.europesays.com\/fr\/wp-json\/wp\/v2\/types\/post"}],"author":[{"embeddable":true,"href":"https:\/\/www.europesays.com\/fr\/wp-json\/wp\/v2\/users\/2"}],"replies":[{"embeddable":true,"href":"https:\/\/www.europesays.com\/fr\/wp-json\/wp\/v2\/comments?post=462743"}],"version-history":[{"count":0,"href":"https:\/\/www.europesays.com\/fr\/wp-json\/wp\/v2\/posts\/462743\/revisions"}],"wp:featuredmedia":[{"embeddable":true,"href":"https:\/\/www.europesays.com\/fr\/wp-json\/wp\/v2\/media\/462744"}],"wp:attachment":[{"href":"https:\/\/www.europesays.com\/fr\/wp-json\/wp\/v2\/media?parent=462743"}],"wp:term":[{"taxonomy":"category","embeddable":true,"href":"https:\/\/www.europesays.com\/fr\/wp-json\/wp\/v2\/categories?post=462743"},{"taxonomy":"post_tag","embeddable":true,"href":"https:\/\/www.europesays.com\/fr\/wp-json\/wp\/v2\/tags?post=462743"}],"curies":[{"name":"wp","href":"https:\/\/api.w.org\/{rel}","templated":true}]}}