{"id":462753,"date":"2025-10-14T16:23:11","date_gmt":"2025-10-14T16:23:11","guid":{"rendered":"https:\/\/www.europesays.com\/fr\/462753\/"},"modified":"2025-10-14T16:23:11","modified_gmt":"2025-10-14T16:23:11","slug":"valentin-royer-passe-le-premier-tour-face-a-sebastian-baez-a-latp-250-de-bruxelles-lequipe","status":"publish","type":"post","link":"https:\/\/www.europesays.com\/fr\/462753\/","title":{"rendered":"Valentin Royer passe le premier tour face \u00e0 Sebastian Baez \u00e0 l&#039;ATP 250 de Bruxelles &#8211; L&#039;\u00c9quipe"},"content":{"rendered":"<ol>\n<li><a href=\"https:\/\/news.google.com\/rss\/articles\/CBMizAFBVV95cUxNODZabUhCRmpGR3JlMjJraWZRcTJrdlhfN2l6ZHFaTmowMC1fV2hKOUdNWWl4alp4Nnk0QXhBLVVIQ2VkZkt1NVhxQV9Vc2U5ZXZ6ejlOMjNGdGI1RklzdGRTc094bUVFM3JNbWh2VVNjNXVqNV9xc1lLWU1sUEZ0cTU5NHpCVzVyQWQzSnEwUnBMYWYyYVc1ZGJCUlpvS25iQUYxaS1GODhhTnNNZDdJWERSbmlHWnZfYVNxem00MmdhWldBX3liLU1UTy0?oc=5\" target=\"_blank\" rel=\"nofollow noopener\">Valentin Royer passe le premier tour face \u00e0 Sebastian Baez \u00e0 l&rsquo;ATP 250 de Bruxelles<\/a>&nbsp;&nbsp;L&rsquo;\u00c9quipe<\/li>\n<li><a href=\"https:\/\/news.google.com\/rss\/articles\/CBMingFBVV95cUxNRUNDc3kzWjNIOFdKZUtJdC1LdU8yR0FabzVHRWt0bmZHczNnMlEzRUtWMEZBbnRlMWxoME9lRHRVME96T3Rib1lKRkNVWXdKMGI0SGpuSDNreElLSEJ4cnJ1RHlGbVdUdVh6Qm55WkJpLTRnWXBTaE5XRVR0ZjgtYnNqQVBUS29vdmdVSWstVGYtT0FKNW83bVM2eVVvUdIBnAFBVV95cUxNNTRWbDA4M0FvTWZ6aE9hMkJac0dCOFlwTXdja2tRa3YwdGpvcUlXTklMRUZ1S3hrS29JVnBvQkw3T0tLekpWcTBsakhSaVdNRU1sdktFLWxCdkE5Yl9GUllGSHN4d3EyRWVCQWNQR19KbWdsU01oSkQ4elo1WUlHVFNrNXlDalVxYml0dm9FcFQzbm5pQ1BHRGhGdS0?oc=5\" target=\"_blank\" rel=\"nofollow noopener\">ATP &#8211; Bruxelles : Royer rejoint Bonzi<\/a>&nbsp;&nbsp;Orange Actualit\u00e9s | Sports<\/li>\n<li><a href=\"https:\/\/news.google.com\/rss\/articles\/CBMihAFBVV95cUxNYlhaa3JwcHhZY1hIYmthcElyWjNLME9qSHhqWW5zZUJXV1RvNzVySTJqS1prMjFxVEF5UzFwMEtVWFMwNEhVeDFkU0pKaTZCSXZTWWdQR0dlbTN4RFdNRk9Ueno4cW9xczg2dS1DVmdTRWtCbmhOS2hoNkprZENmeFRkYnM?oc=5\" target=\"_blank\" rel=\"nofollow noopener\">Royer, lucky loser \u00e0 Bruxelles, s\u2019impose au premier tour contre Baez<\/a>&nbsp;&nbsp;Tennis Temple<\/li>\n<li><a href=\"https:\/\/news.google.com\/rss\/articles\/CBMijAFBVV95cUxQMXhXd21jaUEyVV9WMzBwSWNlbVZVckV5WW9LTUtjWElnX2l2MFdPbGgwdXBOYkJZZlJNN2VtWURsRnp5VU1yZHpLNExXQlhJWnhYVWJMd0Y2ZVVtTl9iZlo1Ny1GUE5QMGxFQmpMa09vMTJaTFBDRFV1MWhweDJOenpYRnNRbUJYSUp3N9IBkgFBVV95cUxONDJnQ3djRkNLUHo1SC1hOFI4Y0F2SXRDQmpUekNQbHJnNTNEUnpwYldBam5kZmJvdUx5N0lSUU4wTjVXMFV0UGdCaU5UckhYNDUzYVZXbFZlOEtHRE1UTVhJSGVZaTkzM1Q2WlpYcTk4Z2dLOUM4UGpxbnJLOV95c1RSVlVEaFZXaWRDVUp5UTU5dw?oc=5\" target=\"_blank\" rel=\"nofollow noopener\">ATP Bruxelles : Royer s\u2019offre le scalp de Baez<\/a>&nbsp;&nbsp;Sport.fr<\/li>\n<li><a href=\"https:\/\/news.google.com\/rss\/articles\/CBMivgFBVV95cUxNUXhuanA3MFVvb1NRVG42U3pBOUwtSGJMR1NNWDZZeDFLQ3owekVEQUEwTENnUmN3aDE0WGk3T3pObTZya1RPOHNsSTFEZzdIY2tlVnVhZWdMVGN4WXlOcVBnenlBYV9mYzQzRmRhQ0dpZFBuR0EyajlVbXVpalV6cUhIYnZBanhkYVg0a0lKcWRqWHlteUFkTWloaUlaTlk3V2lCS1BzSmxJTy00eUNxVkNFQTZCeTZWazZDX0hR0gG-AUFVX3lxTE9nN0lhVGNWdE1wcVB6b0ZaRWRzR2VONjFhb041bmdETlhUaHd3aGprcEh6bF9oMzVGcXg4MDJNc25RSllaN1A2MUs2a2JndHd5bXg5RXVNTVhadmZoQjYtRFV4TTk3cGxTVVltNi1pcFpLd01QNGlvanF2LWJ6Ty01OEtWNXhEaUVxNnY2TzV0UHdldEFKU1pYUzBmU0VoQU5JMFJNaHhLZ0hsMl8wU3VmTi1kSjRoNVRQd241M3c?oc=5\" target=\"_blank\" rel=\"nofollow noopener\">ATP &#8211; Bruxelles: Mpetshi et Royer au programme ce mardi : diffusion TV et horaires<\/a>&nbsp;&nbsp;Tennis Actu TV<\/li>\n<\/ol>\n","protected":false},"excerpt":{"rendered":"Valentin Royer passe le premier tour face \u00e0 Sebastian Baez \u00e0 l&rsquo;ATP 250 de Bruxelles&nbsp;&nbsp;L&rsquo;\u00c9quipe ATP &#8211; Bruxelles&hellip;\n","protected":false},"author":2,"featured_media":462754,"comment_status":"","ping_status":"","sticky":false,"template":"","format":"standard","meta":{"footnotes":""},"categories":[1415],"tags":[1011,27,60,1467],"class_list":{"0":"post-462753","1":"post","2":"type-post","3":"status-publish","4":"format-standard","5":"has-post-thumbnail","7":"category-tennis","8":"tag-fr","9":"tag-france","10":"tag-sports","11":"tag-tennis"},"share_on_mastodon":{"url":"https:\/\/pubeurope.com\/@fr\/115373447806181781","error":""},"_links":{"self":[{"href":"https:\/\/www.europesays.com\/fr\/wp-json\/wp\/v2\/posts\/462753","targetHints":{"allow":["GET"]}}],"collection":[{"href":"https:\/\/www.europesays.com\/fr\/wp-json\/wp\/v2\/posts"}],"about":[{"href":"https:\/\/www.europesays.com\/fr\/wp-json\/wp\/v2\/types\/post"}],"author":[{"embeddable":true,"href":"https:\/\/www.europesays.com\/fr\/wp-json\/wp\/v2\/users\/2"}],"replies":[{"embeddable":true,"href":"https:\/\/www.europesays.com\/fr\/wp-json\/wp\/v2\/comments?post=462753"}],"version-history":[{"count":0,"href":"https:\/\/www.europesays.com\/fr\/wp-json\/wp\/v2\/posts\/462753\/revisions"}],"wp:featuredmedia":[{"embeddable":true,"href":"https:\/\/www.europesays.com\/fr\/wp-json\/wp\/v2\/media\/462754"}],"wp:attachment":[{"href":"https:\/\/www.europesays.com\/fr\/wp-json\/wp\/v2\/media?parent=462753"}],"wp:term":[{"taxonomy":"category","embeddable":true,"href":"https:\/\/www.europesays.com\/fr\/wp-json\/wp\/v2\/categories?post=462753"},{"taxonomy":"post_tag","embeddable":true,"href":"https:\/\/www.europesays.com\/fr\/wp-json\/wp\/v2\/tags?post=462753"}],"curies":[{"name":"wp","href":"https:\/\/api.w.org\/{rel}","templated":true}]}}