{"id":462755,"date":"2025-10-14T16:25:14","date_gmt":"2025-10-14T16:25:14","guid":{"rendered":"https:\/\/www.europesays.com\/fr\/462755\/"},"modified":"2025-10-14T16:25:14","modified_gmt":"2025-10-14T16:25:14","slug":"bagnaia-assure-navoir-jamais-doute-de-ducati","status":"publish","type":"post","link":"https:\/\/www.europesays.com\/fr\/462755\/","title":{"rendered":"Bagnaia assure n&rsquo;avoir \u00ab\u00a0jamais dout\u00e9 de Ducati\u00a0\u00bb"},"content":{"rendered":"<p><a href=\"https:\/\/fr.motorsport.com\/driver\/pecco-bagnaia\/109394\/\" target=\"_blank\" rel=\"noopener nofollow\">Pecco Bagnaia<\/a> et Ducati, c&rsquo;est <a href=\"https:\/\/fr.motorsport.com\/motogp\/news\/qui-est-pecco-bagnaia-double-champion-monde-motogp\/10551481\/\" target=\"_self\" rel=\"noopener nofollow\">l&rsquo;histoire d&rsquo;un lien qui remonte \u00e0 l&rsquo;enfance<\/a>. Lorsqu&rsquo;il a appos\u00e9 sa signature sur le contrat que lui proposait le constructeur, avant m\u00eame d&rsquo;\u00eatre titr\u00e9 en Moto2, le pilote turinois r\u00e9alisait v\u00e9ritablement son r\u00eave de toujours, sans avoir besoin qu&rsquo;une \u00e9quipe de communicants invente un conte de f\u00e9es quelque peu factice dans lequel envelopper son histoire.<\/p>\n<p>Pr\u00e8s de huit ans plus tard, Bagnaia a remport\u00e9 31 Grands Prix, plus que n&rsquo;importe quel autre pilote Ducati au cours de l&rsquo;histoire, et il vient d&rsquo;encha\u00eener quatre saisons aux deux premi\u00e8res places du championnat. Sauf que la machine s&rsquo;est gripp\u00e9e, et pas qu&rsquo;un peu. Tout au long de cette ann\u00e9e, le double champion du monde MotoGP s&rsquo;est \u00e9vertu\u00e9 \u00e0 chercher des sensations disparues, celles qui lui avaient donn\u00e9 tant de force au guidon de la Desmosedici une fois d\u00e9pass\u00e9e la n\u00e9cessaire phase d&rsquo;apprentissage de la cat\u00e9gorie.<\/p>\n<p>Tomb\u00e9 toujours un peu plus bas au fil des week-ends, Bagnaia a, de fa\u00e7on tout aussi surprenante, r\u00e9\u00e9merg\u00e9 au GP du Japon, il y a deux semaines. <a href=\"https:\/\/fr.motorsport.com\/motogp\/news\/pecco-bagnaia-declic-solution-ducati\/10763004\/\" target=\"_self\" rel=\"noopener nofollow\">Un d\u00e9clic inesp\u00e9r\u00e9<\/a> semblait provenir du travail men\u00e9 lors du test r\u00e9alis\u00e9 quelques jours plus t\u00f4t \u00e0 Misano, et voil\u00e0 qu&rsquo;enfin, la Ducati #63 retrouvait sa vitesse et une solidit\u00e9 synonymes d&rsquo;immense soulagement dans le stand rouge.<\/p>\n<p>Encore fallait-il que cela dure, cependant. Or, le transfert vers l&rsquo;Indon\u00e9sie, dans la foul\u00e9e, a vir\u00e9 au cauchemar. Les premiers essais ont vite montr\u00e9 \u00e0 Bagnaia que les bonnes sensations de Motegi s&rsquo;\u00e9taient d\u00e9j\u00e0 envol\u00e9es. Incapable d&rsquo;en expliquer les raisons, il est pass\u00e9 brutalement d&rsquo;une domination totale au Japon aux derni\u00e8res places du classement en Indon\u00e9sie. La suite du week-end n&rsquo;a fait qu&rsquo;aggraver la situation, <a href=\"https:\/\/fr.motorsport.com\/motogp\/news\/bagnaia-frustration-ducati-hors-controle\/10764802\/\" target=\"_self\" rel=\"noopener nofollow\">plongeant le pilote dans l&rsquo;incompr\u00e9hension la plus totale<\/a>.<\/p>\n<p>Toujours aussi perplexe, l&rsquo;Italien continue donc de s&rsquo;interroger sur ce qui a pu le mettre dans une telle difficult\u00e9 cette ann\u00e9e. Pourquoi, alors qu&rsquo;il se battait encore pour le titre en novembre dernier et a gagn\u00e9 11 Grands Prix en 2024, a-t-il soudainement perdu ses points forts avec la version 2025 de sa moto\u00a0?<\/p>\n<p>   <img decoding=\"async\" draggable=\"false\" src=\"https:\/\/www.europesays.com\/fr\/wp-content\/uploads\/2025\/10\/1760459114_22_francesco-bagnaia-ducati-team.jpg\" alt=\"Pecco Bagnaia est retomb\u00e9 au plus bas en Indon\u00e9sie.\" width=\"1200\" height=\"800\" loading=\"lazy\"\/> <\/p>\n<p class=\"title\">Pecco Bagnaia est retomb\u00e9 au plus bas en Indon\u00e9sie.<\/p>\n<p class=\"photographer\">Photo de : Gold and Goose Photography \/ LAT Images \/ via Getty Images<\/p>\n<p>\u00ab\u00a0J&rsquo;ai eu beaucoup de mal \u00e0 trouver des sensations sur la moto. Je n&rsquo;arrivais pas \u00e0 pousser l\u00e0 o\u00f9 je le voulais, je n&rsquo;arrivais pas \u00e0 forcer en entr\u00e9e de virage, comme je l&rsquo;ai toujours fait\u00a0\u00bb, d\u00e9crit-il <a href=\"https:\/\/www.motogp.com\/en\/videos\/2025\/10\/14\/bagnaia-we-thought-we-found-a-solution-maybe-i-was-too-optimistic\/760802?playlistId=17859\" target=\"_blank\" rel=\"noopener nofollow\">dans une interview accord\u00e9e au site officiel du MotoGP<\/a>.<\/p>\n<p>\u00ab\u00a0C&rsquo;\u00e9tait assez dur de m&rsquo;am\u00e9liorer, car \u00e0 chaque fois que je faisais quelque chose de bien, je perdais d&rsquo;un autre c\u00f4t\u00e9. Tout au long de la saison, j&rsquo;ai essay\u00e9 de m&rsquo;adapter \u00e0 cette moto.\u00a0\u00bb Un effort qui para\u00eet vain aujourd&rsquo;hui, \u00e0 en juger par le recul \u00e0 nouveau subi lors du dernier week-end et qui lui a fait penser qu&rsquo;il avait \u00ab\u00a0peut-\u00eatre \u00e9t\u00e9 trop optimiste\u00a0\u00bb, comme il a pu le glisser au micro de Canal+ \u00e0 Mandalika.<\/p>\n<blockquote>\n<p>Je ne me reconnaissais pas et je crois que personne ne me reconnaissait.<\/p>\n<\/blockquote>\n<p>Malgr\u00e9 les sp\u00e9culations que cette situation a pu faire na\u00eetre, aliment\u00e9es par la tension de plus en plus palpable chaque week-end dans le clan de l&rsquo;Italien, Pecco Bagnaia affiche sa confiance \u00e0 l&rsquo;\u00e9gard de Ducati et souligne les efforts fournis par le staff technique pour lui venir en aide.<\/p>\n<p>\u00ab\u00a0Mon c\u00f4t\u00e9 du stand a beaucoup travaill\u00e9, les ing\u00e9nieurs ont beaucoup travaill\u00e9 pour faire en sorte que je puisse m&rsquo;adapter \u00e0 la moto. Mais c&rsquo;est quelque chose qui n&rsquo;\u00e9tait pas clair, qui ne s&rsquo;adaptait pas \u00e0 cette moto mais la changeait. \u00c7a n&rsquo;est pas facile. Parfois, quand votre co\u00e9quipier gagne et que vous obtenez de mauvais r\u00e9sultats, \u00e7a n&rsquo;est pas facile d&rsquo;y croire. Mais ils n&rsquo;ont jamais cess\u00e9 de travailler\u00a0\u00bb, affirme-t-il.<\/p>\n<p>\u00ab\u00a0Je ne me reconnaissais pas et je crois que personne ne me reconnaissait\u00a0\u00bb, poursuit Pecco Bagnaia en toute franchise. \u00ab\u00a0Et certaines personnes ont commenc\u00e9 \u00e0 douter de mon potentiel. Je n&rsquo;ai jamais perdu ma confiance, j&rsquo;ai toujours \u00e9t\u00e9 certain que j&rsquo;avais le potentiel pour me battre pour les victoires.\u00a0\u00bb<\/p>\n<p>Et Bagnaia d&rsquo;ajouter\u00a0:\u00a0\u00ab\u00a0Je n&rsquo;ai jamais dout\u00e9 de Ducati. Je pense que ma carri\u00e8re a commenc\u00e9 et se finira chez Ducati.\u00a0\u00bb Se sent-il en mesure de d\u00e9passer ces difficult\u00e9s pour \u00e0 nouveau jouer le titre en 2026\u00a0?\u00a0\u00ab\u00a0Il est trop t\u00f4t pour parler de l&rsquo;ann\u00e9e prochaine\u00a0\u00bb, temp\u00e8re-t-il. \u00ab\u00a0Si je suis au point avec ma moto, je pourrai me battre pour cela, mais sinon j&rsquo;essaierai de faire ce que j&rsquo;ai toujours fait, pousser et essayer de tout r\u00e9gler comme il faut.\u00a0\u00bb<\/p>\n<p>En attendant, il reste quatre Grands Prix \u00e0 disputer cette saison, et le doute perdure quant \u00e0 ce que Pecco Bagnaia parviendra \u00e0 r\u00e9aliser en Australie, o\u00f9 il reprendra la piste vendredi. Il est certainement le premier \u00e0 se demander si les sensations de Motegi seront de retour ou pas&#8230;<\/p>\n<p>Lire aussi :<\/p>\n<p>            Votre avis nous int\u00e9resse !<\/p>\n<p class=\"mt-auto\">Qu&rsquo;aimeriez-vous voir sur Motorsport.com ?<\/p>\n<p>            <a href=\"#\" class=\"ms-link text-link font-bold\">R\u00e9pondez \u00e0 notre enqu\u00eate de 5 minutes.<\/a><\/p>\n<p class=\"mt-1 font-info text-body\">&#8211; L&rsquo;\u00e9quipe Motorsport.com<\/p>\n","protected":false},"excerpt":{"rendered":"Pecco Bagnaia et Ducati, c&rsquo;est l&rsquo;histoire d&rsquo;un lien qui remonte \u00e0 l&rsquo;enfance. Lorsqu&rsquo;il a appos\u00e9 sa signature sur&hellip;\n","protected":false},"author":2,"featured_media":462756,"comment_status":"","ping_status":"","sticky":false,"template":"","format":"standard","meta":{"footnotes":""},"categories":[1413],"tags":[58684,4950,1011,27,1457,1456,1458,4951,60],"class_list":{"0":"post-462755","1":"post","2":"type-post","3":"status-publish","4":"format-standard","5":"has-post-thumbnail","7":"category-moto","8":"tag-bagnaia-assure-navoir-jamais-doutu00e9-de-ducati","9":"tag-ducati-team","10":"tag-fr","11":"tag-france","12":"tag-moto","13":"tag-motocycle","14":"tag-motogp","15":"tag-pecco-bagnaia","16":"tag-sports"},"share_on_mastodon":{"url":"https:\/\/pubeurope.com\/@fr\/115373456316723617","error":""},"_links":{"self":[{"href":"https:\/\/www.europesays.com\/fr\/wp-json\/wp\/v2\/posts\/462755","targetHints":{"allow":["GET"]}}],"collection":[{"href":"https:\/\/www.europesays.com\/fr\/wp-json\/wp\/v2\/posts"}],"about":[{"href":"https:\/\/www.europesays.com\/fr\/wp-json\/wp\/v2\/types\/post"}],"author":[{"embeddable":true,"href":"https:\/\/www.europesays.com\/fr\/wp-json\/wp\/v2\/users\/2"}],"replies":[{"embeddable":true,"href":"https:\/\/www.europesays.com\/fr\/wp-json\/wp\/v2\/comments?post=462755"}],"version-history":[{"count":0,"href":"https:\/\/www.europesays.com\/fr\/wp-json\/wp\/v2\/posts\/462755\/revisions"}],"wp:featuredmedia":[{"embeddable":true,"href":"https:\/\/www.europesays.com\/fr\/wp-json\/wp\/v2\/media\/462756"}],"wp:attachment":[{"href":"https:\/\/www.europesays.com\/fr\/wp-json\/wp\/v2\/media?parent=462755"}],"wp:term":[{"taxonomy":"category","embeddable":true,"href":"https:\/\/www.europesays.com\/fr\/wp-json\/wp\/v2\/categories?post=462755"},{"taxonomy":"post_tag","embeddable":true,"href":"https:\/\/www.europesays.com\/fr\/wp-json\/wp\/v2\/tags?post=462755"}],"curies":[{"name":"wp","href":"https:\/\/api.w.org\/{rel}","templated":true}]}}