{"id":462759,"date":"2025-10-14T16:27:11","date_gmt":"2025-10-14T16:27:11","guid":{"rendered":"https:\/\/www.europesays.com\/fr\/462759\/"},"modified":"2025-10-14T16:27:11","modified_gmt":"2025-10-14T16:27:11","slug":"lea-rondel-rejoint-une-proteam-francaise-actualite","status":"publish","type":"post","link":"https:\/\/www.europesays.com\/fr\/462759\/","title":{"rendered":"L\u00e9a Rondel rejoint une ProTeam fran\u00e7aise &#8211; Actualit\u00e9"},"content":{"rendered":"<p style=\"text-align: justify;\">Apr\u00e8s une saison dans le club belge Baloise Minimax WB,\u00a0<strong><a href=\"https:\/\/www.directvelo.com\/coureur\/46245\/lea-rondel\" target=\"_blank\" rel=\"noopener\">L\u00e9a Rondel<\/a><\/strong> va passer professionnelle pendant l\u2019intersaison. La Sarthoise de 19 ans s\u2019est engag\u00e9e pour 2026 avec la ProTeam Winspace Orange Seal.<\/p>\n<p>L\u00e9a Rondel s\u2019est class\u00e9e cette ann\u00e9e 2e du Grand Prix d&rsquo;Ouverture d\u2019Albi Carlus, et du Tour de l\u2019Orne o\u00f9 elle a aussi fini 2e de deux \u00e9tapes, 3e du Grand Prix de Cours-la-Ville, 7e du Grand Prix de la Ville du Mont Pujols, 8e des Boucles de Seine-et-Marne, 14e du Championnat de France U23 ou encore 17e du R\u00e9gion Pays de la Loire Tour.<\/p>\n<p>L\u00e9a Rondel <strong><a href=\"https:\/\/www.directvelo.com\/equipe\/3620\/winspace-orange-seal\" target=\"_blank\" rel=\"noopener\">est la troisi\u00e8me recrue de Winspace Orange Seal<\/a><\/strong>.<\/p>\n<p>Retrouvez les mutations de l&rsquo;intersaison\u00a0<a href=\"https:\/\/www.directvelo.com\/mutations\/2026#teams-women\" target=\"_blank\" rel=\"noopener\"><strong>en cliquant ici<\/strong><\/a>.<\/p>\n","protected":false},"excerpt":{"rendered":"Apr\u00e8s une saison dans le club belge Baloise Minimax WB,\u00a0L\u00e9a Rondel va passer professionnelle pendant l\u2019intersaison. La Sarthoise&hellip;\n","protected":false},"author":2,"featured_media":462760,"comment_status":"","ping_status":"","sticky":false,"template":"","format":"standard","meta":{"footnotes":""},"categories":[1411],"tags":[834,828,836,829,837,827,83,826,824,823,1154,207,814,817,815,816,822,821,832,211,839,1011,27,820,818,819,835,831,830,833,838,60,212,208,825],"class_list":{"0":"post-462759","1":"post","2":"type-post","3":"status-publish","4":"format-standard","5":"has-post-thumbnail","7":"category-cyclisme","8":"tag-attaque","9":"tag-belgique","10":"tag-braquet","11":"tag-bretagne","12":"tag-chute","13":"tag-competition","14":"tag-coupe-de-france","15":"tag-coureur","16":"tag-course-cyclisme","17":"tag-course-cycliste","18":"tag-cycling","19":"tag-cyclisme","20":"tag-direct","21":"tag-direct-velo","22":"tag-directvelo","23":"tag-directvelo-com","24":"tag-epreuve","25":"tag-epreuve-cycliste","26":"tag-federation-francaise-de-cyclisme","27":"tag-ffc","28":"tag-flandres","29":"tag-fr","30":"tag-france","31":"tag-live","32":"tag-live-course","33":"tag-live-epreuve","34":"tag-peloton","35":"tag-radio-peloton","36":"tag-radio-tour","37":"tag-ravitaillement","38":"tag-relance","39":"tag-sports","40":"tag-uci","41":"tag-velo","42":"tag-velos"},"share_on_mastodon":{"url":"https:\/\/pubeurope.com\/@fr\/115373463587526157","error":""},"_links":{"self":[{"href":"https:\/\/www.europesays.com\/fr\/wp-json\/wp\/v2\/posts\/462759","targetHints":{"allow":["GET"]}}],"collection":[{"href":"https:\/\/www.europesays.com\/fr\/wp-json\/wp\/v2\/posts"}],"about":[{"href":"https:\/\/www.europesays.com\/fr\/wp-json\/wp\/v2\/types\/post"}],"author":[{"embeddable":true,"href":"https:\/\/www.europesays.com\/fr\/wp-json\/wp\/v2\/users\/2"}],"replies":[{"embeddable":true,"href":"https:\/\/www.europesays.com\/fr\/wp-json\/wp\/v2\/comments?post=462759"}],"version-history":[{"count":0,"href":"https:\/\/www.europesays.com\/fr\/wp-json\/wp\/v2\/posts\/462759\/revisions"}],"wp:featuredmedia":[{"embeddable":true,"href":"https:\/\/www.europesays.com\/fr\/wp-json\/wp\/v2\/media\/462760"}],"wp:attachment":[{"href":"https:\/\/www.europesays.com\/fr\/wp-json\/wp\/v2\/media?parent=462759"}],"wp:term":[{"taxonomy":"category","embeddable":true,"href":"https:\/\/www.europesays.com\/fr\/wp-json\/wp\/v2\/categories?post=462759"},{"taxonomy":"post_tag","embeddable":true,"href":"https:\/\/www.europesays.com\/fr\/wp-json\/wp\/v2\/tags?post=462759"}],"curies":[{"name":"wp","href":"https:\/\/api.w.org\/{rel}","templated":true}]}}