{"id":462761,"date":"2025-10-14T16:28:10","date_gmt":"2025-10-14T16:28:10","guid":{"rendered":"https:\/\/www.europesays.com\/fr\/462761\/"},"modified":"2025-10-14T16:28:10","modified_gmt":"2025-10-14T16:28:10","slug":"alexia-putellas-explique-pourquoi-elle-na-pas-signe-au-psg","status":"publish","type":"post","link":"https:\/\/www.europesays.com\/fr\/462761\/","title":{"rendered":"Alexia Putellas explique pourquoi elle n&rsquo;a pas sign\u00e9 au PSG"},"content":{"rendered":"<p><img width=\"700\" height=\"350\" src=\"https:\/\/www.europesays.com\/fr\/wp-content\/uploads\/2025\/10\/Alexia-Putellas.jpg\" class=\"attachment-jannah-image-post size-jannah-image-post wp-post-image\" alt=\"Alexia putellas\" is_main_img=\"1\" decoding=\"async\" fetchpriority=\"high\"  \/><\/p>\n<p>Les F\u00e9minines du PSG ont voulu frapper un gros coup en<br \/>\ns\u2019offrant Alexia Putellas en toute fin de mercato. Mais cette<br \/>\nderni\u00e8re est rest\u00e9e au Bar\u00e7a. Elle est revenue sur ce<br \/>\nchoix.<\/p>\n<p>Afin de continuer \u00e0 lutter contre <strong>Lyon<\/strong>, les<br \/>\n<strong>F\u00e9minines du PSG<\/strong> se sont <a href=\"https:\/\/canal-supporters.com\/les-feminines-du-psg-officialisent-larrivee-de-rasheedat-ajibade\/\" title=\"\" rel=\"nofollow noopener\" target=\"_blank\">renforc\u00e9es<\/a>. Elles ont voulu frapper un gros coup en<br \/>\ns\u2019offrant <strong><a href=\"https:\/\/canal-supporters.com\/feminines-le-psg-tente-de-recruter-alexia-putellas\/\" title=\"\" rel=\"nofollow noopener\" target=\"_blank\">Alexia Putellas<\/a><\/strong>, qui n\u2019a plus qu\u2019un an de<br \/>\ncontrat avec le <strong>FC Barcelone<\/strong>. Mais la double<br \/>\n<strong>Ballon d\u2019Or<\/strong> a finalement d\u00e9cid\u00e9 de rester au sein<br \/>\ndu club espagnol, qu\u2019elle a rejoint en 2012. Elle a expliqu\u00e9 son<br \/>\nchoix de ne pas quitter son club actuel.\u00a0<\/p>\n<p>A voir aussi : <a href=\"https:\/\/canal-supporters.com\/les-feminines-du-psg-officialisent-deux-nouvelles-recrues-2\/\" title=\"\" rel=\"nofollow noopener\" target=\"_blank\">Les F\u00e9minines du PSG officialisent deux nouvelles<br \/>\nrecrues<\/a><\/p>\n<p><a href=\"https:\/\/x.com\/CanalSupporters\" target=\"_blank\" rel=\"noopener nofollow\" title=\"\">canalsupporters.com<\/a><\/p>\n<p>\u00ab\u00a0Il n\u2019y a<br \/>\npas eu plus de d\u00e9bat\u00a0\u00bb<\/p>\n<p>\u00ab\u00a0Cette offre a suscit\u00e9 l\u2019int\u00e9r\u00eat des m\u00e9dias, mais ce<br \/>\nn\u2019\u00e9tait pas la premi\u00e8re. Le chemin (pour prendre sa d\u00e9cision,<br \/>\nNDLR) a \u00e9t\u00e9 court et facile. Lorsque cette offre est<br \/>\narriv\u00e9e, et il en a \u00e9t\u00e9 de m\u00eame pour les autres, nous avons discut\u00e9<br \/>\navec le club\u00a0: \u2018Quelle est la situation\u202f?\u2019 Que voulez-vous\u202f?<br \/>\nComptez-vous sur moi ou non\u202f?\u2019 Et le d\u00e9bat a \u00e9t\u00e9 clos, lance<br \/>\nl\u2019internationale espagnole dans une interview accord\u00e9e \u00e0<br \/>\n<a href=\"https:\/\/www.sport.es\/es\/noticias\/barca\/futbol-femenino\/alexia-putellas-llego-oferta-psg-122582658\" target=\"_blank\" rel=\"noopener nofollow\" title=\"\">Sport<\/a>. Il n\u2019y<br \/>\na pas eu plus de d\u00e9bat, car le club a \u00e9t\u00e9 tr\u00e8s clair. Ils m\u2019ont<br \/>\ndit\u00a0: \u2018Nous avons besoin de tes performances comme celles de<br \/>\nl\u2019ann\u00e9e derni\u00e8re. Tu as de l\u2019\u00e9nergie et l\u2019envie de r\u00e9ussir.\u2019<br \/>\n\u00c9videmment, la saison avait d\u00e9j\u00e0 commenc\u00e9, et mon engagement envers<br \/>\nles objectifs, le staff et mes co\u00e9quipiers est au plus haut. Voil\u00e0<br \/>\ncomment \u00e7a s\u2019est pass\u00e9.\u00a0\u00bb\u00a0<\/p><\/p>\n","protected":false},"excerpt":{"rendered":"Les F\u00e9minines du PSG ont voulu frapper un gros coup en s\u2019offrant Alexia Putellas en toute fin de&hellip;\n","protected":false},"author":2,"featured_media":462762,"comment_status":"","ping_status":"","sticky":false,"template":"","format":"standard","meta":{"footnotes":""},"categories":[1410],"tags":[58685,4791,81,787,5695,12300,20337,18556,63,1011,27,1434,1435,626,91,92,93,13887,60,96],"class_list":{"0":"post-462761","1":"post","2":"type-post","3":"status-publish","4":"format-standard","5":"has-post-thumbnail","7":"category-football","8":"tag-alexia-putellas","9":"tag-barcelone","10":"tag-canal-supporters","11":"tag-cs","12":"tag-fc-barcelone","13":"tag-feminines","14":"tag-feminines-du-psg","15":"tag-feminines-psg","16":"tag-football","17":"tag-fr","18":"tag-france","19":"tag-mercato","20":"tag-mercato-psg","21":"tag-paris","22":"tag-paris-saint-germain","23":"tag-paris-sg","24":"tag-psg","25":"tag-psg-feminin","26":"tag-sports","27":"tag-une"},"share_on_mastodon":{"url":"https:\/\/pubeurope.com\/@fr\/115373468380808878","error":""},"_links":{"self":[{"href":"https:\/\/www.europesays.com\/fr\/wp-json\/wp\/v2\/posts\/462761","targetHints":{"allow":["GET"]}}],"collection":[{"href":"https:\/\/www.europesays.com\/fr\/wp-json\/wp\/v2\/posts"}],"about":[{"href":"https:\/\/www.europesays.com\/fr\/wp-json\/wp\/v2\/types\/post"}],"author":[{"embeddable":true,"href":"https:\/\/www.europesays.com\/fr\/wp-json\/wp\/v2\/users\/2"}],"replies":[{"embeddable":true,"href":"https:\/\/www.europesays.com\/fr\/wp-json\/wp\/v2\/comments?post=462761"}],"version-history":[{"count":0,"href":"https:\/\/www.europesays.com\/fr\/wp-json\/wp\/v2\/posts\/462761\/revisions"}],"wp:featuredmedia":[{"embeddable":true,"href":"https:\/\/www.europesays.com\/fr\/wp-json\/wp\/v2\/media\/462762"}],"wp:attachment":[{"href":"https:\/\/www.europesays.com\/fr\/wp-json\/wp\/v2\/media?parent=462761"}],"wp:term":[{"taxonomy":"category","embeddable":true,"href":"https:\/\/www.europesays.com\/fr\/wp-json\/wp\/v2\/categories?post=462761"},{"taxonomy":"post_tag","embeddable":true,"href":"https:\/\/www.europesays.com\/fr\/wp-json\/wp\/v2\/tags?post=462761"}],"curies":[{"name":"wp","href":"https:\/\/api.w.org\/{rel}","templated":true}]}}