{"id":462769,"date":"2025-10-14T16:32:23","date_gmt":"2025-10-14T16:32:23","guid":{"rendered":"https:\/\/www.europesays.com\/fr\/462769\/"},"modified":"2025-10-14T16:32:23","modified_gmt":"2025-10-14T16:32:23","slug":"canal-est-en-panne-certains-abonnes-ne-peuvent-plus-regarder-la-tele-ou-acceder-a-mycanal-sur-smartphone","status":"publish","type":"post","link":"https:\/\/www.europesays.com\/fr\/462769\/","title":{"rendered":"Canal+ est en panne : certains abonn\u00e9s ne peuvent plus regarder la t\u00e9l\u00e9 (ou acc\u00e9der \u00e0 myCANAL sur smartphone)"},"content":{"rendered":"<p>Canal+ confirme \u00eatre victime d\u2019une panne qui provoque un \u00e9cran noir sur les cha\u00eenes en direct et le replay. Plusieurs abonn\u00e9s signalent le probl\u00e8me sur les r\u00e9seaux sociaux. <\/p>\n<p>Est-ce l\u2019effet Lecornu ? \u00c0 en croire le site\u00a0DownDetector, les services\u00a0<a target=\"_blank\" href=\"https:\/\/downdetector.fr\/statut\/mycanal\/\" rel=\"nofollow noopener\">myCANAL\u00a0<\/a>et <a target=\"_blank\" href=\"https:\/\/downdetector.fr\/statut\/canalplus\/\" rel=\"nofollow noopener\">Canal+<\/a> sont partiellement en panne mardi 14 octobre. <\/p>\n<p>Entre\u00a016h30 et 17h,\u00a0pr\u00e8s de 500 signalements\u00a0ont \u00e9t\u00e9 recens\u00e9s selon les donn\u00e9es du site sp\u00e9cialis\u00e9. La carte des pannes indique que le probl\u00e8me touche\u00a0toutes les villes de France m\u00e9tropolitaine.<\/p>\n<p><a href=\"https:\/\/www.numerama.com\/wp-content\/uploads\/2025\/10\/screenshot-2025-10-14-at-171142.png\" rel=\"nofollow noopener\" target=\"_blank\"><img decoding=\"async\" width=\"1024\" height=\"522\" loading=\"lazy\" alt=\"Les pannes de Canal sur DownDetector.\" title=\"Les pannes de Canal sur DownDetector.\" class=\"wp-image-2094375 placeholder-default wp-image\" src=\"https:\/\/www.europesays.com\/fr\/wp-content\/uploads\/2025\/10\/screenshot-2025-10-14-at-171142-1024x522.png\" \/><\/a>Les pannes de Canal sur DownDetector. \/\/ Source : Capture Numerama<\/p>\n<p>Canal+ confirme une panne<\/p>\n<p>En ligne, les signalements concernent majoritairement\u00a0le streaming vid\u00e9o\u00a0et\u00a0les difficult\u00e9s d\u2019acc\u00e8s \u00e0 l\u2019application myCANAL, aussi bien sur\u00a0smartphones que sur t\u00e9l\u00e9viseurs connect\u00e9s. Plusieurs utilisateurs indiquent sur les r\u00e9seaux sociaux ne plus pouvoir lancer leurs programmes, que ce soit en direct ou en replay.<\/p>\n<p><a href=\"https:\/\/www.numerama.com\/wp-content\/uploads\/2025\/10\/screenshot-2025-10-14-at-171227.jpg\" rel=\"nofollow noopener\" target=\"_blank\"><img decoding=\"async\" width=\"1024\" height=\"642\" loading=\"lazy\" alt=\"La panne sur une Apple TV.\" title=\"La panne sur une Apple TV.\" class=\"wp-image-2094379 placeholder-default wp-image\" src=\"https:\/\/www.europesays.com\/fr\/wp-content\/uploads\/2025\/10\/screenshot-2025-10-14-at-171227-1024x642.jpg\" \/><\/a>La panne sur une Apple TV. \/\/ Source : <a href=\"https:\/\/x.com\/Gessxer\/status\/1978113297044947030\" rel=\"nofollow noopener\" target=\"_blank\">X<\/a><\/p>\n<p>Contrairement \u00e0 certaines pannes massives survenues par le pass\u00e9, celle-ci\u00a0ne semble pas totale. Nous arrivons de notre c\u00f4t\u00e9, depuis l\u2019application iOS, \u00e0 acc\u00e9der \u00e0 myCANAL normalement. Mais un de nos coll\u00e8gues, pourtant au m\u00eame endroit, a le droit \u00e0 un \u00e9cran noir. \u00ab Nos serveurs rencontrent actuellement des difficult\u00e9s \u00bb, peut-on lire.<\/p>\n<p><a href=\"https:\/\/www.numerama.com\/wp-content\/uploads\/2025\/10\/screenshot-2025-10-14-at-171247.png\" rel=\"nofollow noopener\" target=\"_blank\"><img decoding=\"async\" width=\"1024\" height=\"521\" loading=\"lazy\" alt=\"Le tweet de Canal+ confirme la panne.\" title=\"Le tweet de Canal+ confirme la panne.\" class=\"wp-image-2094381 placeholder-default wp-image\" src=\"https:\/\/www.europesays.com\/fr\/wp-content\/uploads\/2025\/10\/screenshot-2025-10-14-at-171247-1024x521.png\" \/><\/a>Le tweet de Canal+ confirme la panne. \/\/ Source : <a href=\"https:\/\/x.com\/InfoAbonneCanal\/status\/1978112746160841147\" rel=\"nofollow noopener\" target=\"_blank\">X<\/a><\/p>\n<p>Sur X (ancien Twitter), le\u00a0compte officiel de Canal+\u00a0a confirm\u00e9 le probl\u00e8me en indiquant que ses \u00e9quipes \u00ab sont mobilis\u00e9es pour r\u00e9soudre cette anomalie \u00bb. Aucune\u00a0estimation de retour \u00e0 la normale\u00a0n\u2019a \u00e9t\u00e9 communiqu\u00e9e pour l\u2019instant.<\/p>\n<p>        <img decoding=\"async\" width=\"168\" height=\"168\" loading=\"lazy\" alt=\"Comparatif svod \/\/ Source : Montage Numerama\" title=\"Comparatif svod \/\/ Source : Montage Numerama\" class=\"placeholder-default wp-image\" src=\"https:\/\/www.europesays.com\/fr\/wp-content\/uploads\/2025\/10\/1760459541_815_comparatif-svod-200x200.jpg\" \/>    <\/p>\n<p>        Quel est le service de SVOD fait pour vous ?<br \/>\n        Netflix, Prime Video, HBO Max\u2026\u00a0: quelle est la meilleure plateforme de streaming en 2025\u00a0?<br \/>\n        <a href=\"https:\/\/www.numerama.com\/pop-culture\/541742-netflix-amazon-canal-ocs-apple-tv-le-grand-comparatif-2019-des-offres-de-svod-en-france.html\" class=\"btn is-family-secondary is-text-weight-bold has-text-left mt-2\" rel=\"nofollow noopener\" target=\"_blank\">D\u00e9couvrez notre comparateur<\/a><\/p>\n<p>            <img decoding=\"async\" src=\"https:\/\/www.europesays.com\/fr\/wp-content\/uploads\/2025\/04\/iPhone-16-pro.png\" alt=\"Toute l'actu tech en un clien d'oeil\"\/><\/p>\n<p class=\"card-install-pwa__title\">Toute l&rsquo;actu tech en un clin d&rsquo;\u0153il<\/p>\n<p class=\"card-install-pwa__description\">Ajoutez Numerama \u00e0 votre \u00e9cran d&rsquo;accueil et restez connect\u00e9s au futur !<\/p>\n<p>            <img decoding=\"async\" src=\"https:\/\/www.numerama.com\/wp-content\/themes\/numerama-next\/assets\/images\/premium\/logo-card-pwa-coupe.svg\" alt=\"Logo PWA\"\/><\/p>\n<p>       Installer Numerama<\/p>\n","protected":false},"excerpt":{"rendered":"Canal+ confirme \u00eatre victime d\u2019une panne qui provoque un \u00e9cran noir sur les cha\u00eenes en direct et le&hellip;\n","protected":false},"author":2,"featured_media":462770,"comment_status":"","ping_status":"","sticky":false,"template":"","format":"standard","meta":{"footnotes":""},"categories":[1356],"tags":[270,1419,58,59,1011,27,30859,10899,252,1364],"class_list":{"0":"post-462769","1":"post","2":"type-post","3":"status-publish","4":"format-standard","5":"has-post-thumbnail","7":"category-television","8":"tag-breaking","9":"tag-canal-plus","10":"tag-divertissement","11":"tag-entertainment","12":"tag-fr","13":"tag-france","14":"tag-mycanal","15":"tag-panne","16":"tag-television","17":"tag-tv"},"share_on_mastodon":{"url":"https:\/\/pubeurope.com\/@fr\/115373483859964813","error":""},"_links":{"self":[{"href":"https:\/\/www.europesays.com\/fr\/wp-json\/wp\/v2\/posts\/462769","targetHints":{"allow":["GET"]}}],"collection":[{"href":"https:\/\/www.europesays.com\/fr\/wp-json\/wp\/v2\/posts"}],"about":[{"href":"https:\/\/www.europesays.com\/fr\/wp-json\/wp\/v2\/types\/post"}],"author":[{"embeddable":true,"href":"https:\/\/www.europesays.com\/fr\/wp-json\/wp\/v2\/users\/2"}],"replies":[{"embeddable":true,"href":"https:\/\/www.europesays.com\/fr\/wp-json\/wp\/v2\/comments?post=462769"}],"version-history":[{"count":0,"href":"https:\/\/www.europesays.com\/fr\/wp-json\/wp\/v2\/posts\/462769\/revisions"}],"wp:featuredmedia":[{"embeddable":true,"href":"https:\/\/www.europesays.com\/fr\/wp-json\/wp\/v2\/media\/462770"}],"wp:attachment":[{"href":"https:\/\/www.europesays.com\/fr\/wp-json\/wp\/v2\/media?parent=462769"}],"wp:term":[{"taxonomy":"category","embeddable":true,"href":"https:\/\/www.europesays.com\/fr\/wp-json\/wp\/v2\/categories?post=462769"},{"taxonomy":"post_tag","embeddable":true,"href":"https:\/\/www.europesays.com\/fr\/wp-json\/wp\/v2\/tags?post=462769"}],"curies":[{"name":"wp","href":"https:\/\/api.w.org\/{rel}","templated":true}]}}