{"id":462779,"date":"2025-10-14T16:37:13","date_gmt":"2025-10-14T16:37:13","guid":{"rendered":"https:\/\/www.europesays.com\/fr\/462779\/"},"modified":"2025-10-14T16:37:13","modified_gmt":"2025-10-14T16:37:13","slug":"georges-alain-revele-la-somme-colossale-quil-a-touchee-en-sortant-de-star-academy","status":"publish","type":"post","link":"https:\/\/www.europesays.com\/fr\/462779\/","title":{"rendered":"Georges-Alain r\u00e9v\u00e8le la somme colossale qu\u2019il a touch\u00e9e en sortant de \u00abStar Academy\u00bb"},"content":{"rendered":"<p>    Georges-Alain Jones dans \u00ab Le Jet de Luxe\u00a0\u00bb<br \/>\n                Capture \u00e9cran YouTube<\/p>\n<p>\n    <strong>VID\u00c9O<\/strong> &#8211; Plus de vingt ans apr\u00e8s sa participation \u00e0 la t\u00e9l\u00e9r\u00e9alit\u00e9 musicale de TF1, le chanteur aujourd\u2019hui \u00e2g\u00e9 de 50 ans s\u2019est rem\u00e9mor\u00e9 son exp\u00e9rience aupr\u00e8s de Jordan de Luxe.<\/p>\n<p class=\"fig-paragraph\">Candidat de la saison 2 de\u00a0<a href=\"https:\/\/tvmag.lefigaro.fr\/programme-tv\/programme\/star-academy-f1990520018\" target=\"_blank\" rel=\"noopener nofollow\" data-gtm-custom-categorie=\"navigation\" data-gtm-custom-action=\"crossclick\" data-gtm-custom-label=\"Contextuel\" data-gtm-event=\"customEventSPE\"><strong>\u00ab Star Academy\u00a0\u00bb<\/strong><\/a> \u00a0diffus\u00e9e du 7 septembre au 21 d\u00e9cembre 2022 sur TF1, <strong>Georges-Alain Jones<\/strong> avait marqu\u00e9 les esprits par sa singularit\u00e9 artistique et son fort caract\u00e8re. Particuli\u00e8rement discret ces derni\u00e8res ann\u00e9es, il \u00e9tait r\u00e9apparu en 2023 sur Prime Video\u00a0<a href=\"http:\/\/tvmag.lefigaro.fr\/programme-tv\/actu-tele\/ils-m-ont-fait-une-promo-d-enfer-georges-alain-jones-revient-sur-son-apparition-surprise-dans-lol-qui-rit-sort-20230413\" target=\"_blank\" data-fig-type=\"Article\" rel=\"noopener nofollow\" data-gtm-custom-categorie=\"navigation\" data-gtm-custom-action=\"crossclick\" data-gtm-custom-label=\"Contextuel\" data-gtm-event=\"customEventSPE\" data-fig-domain=\"TVMAG\">dans la troisi\u00e8me saison de \u00ab LOL\u00a0: qui rit, sort\u00a0!\u00a0\u00bb<\/a>\u00a0dans le cadre d\u2019un sketch orchestr\u00e9 par Laura Felpin.<\/p>\n<p class=\"fig-paragraph\">Apr\u00e8s de multiples sollicitations et relances de\u00a0<a href=\"http:\/\/tvmag.lefigaro.fr\/programme-tv\/actu-tele\/c-etait-soit-les-medicaments-soit-sauter-par-la-fenetre-jordan-de-luxe-se-confie-sur-ses-pensees-suicidaires-20240507\" target=\"_blank\" data-fig-type=\"Article\" rel=\"noopener nofollow\" data-gtm-custom-categorie=\"navigation\" data-gtm-custom-action=\"crossclick\" data-gtm-custom-label=\"Contextuel\" data-gtm-event=\"customEventSPE\" data-fig-domain=\"TVMAG\">Jordan de Luxe<\/a>, Georges-Alain Jones a accept\u00e9 son invitation dans l\u2019\u00e9mission \u00ab Le Jet de Luxe\u00a0\u00bb. Pendant plus d\u2019une heure, celui qui a r\u00e9cemment f\u00eat\u00e9 ses 50 ans est revenu sur son parcours et notamment son passage dans \u00ab Star Academy\u00a0\u00bb. Plus de 23 ans apr\u00e8s son entr\u00e9e dans le ch\u00e2teau de Dammarie-les-Lys, il dit avoir \u00ab perdu de vue\u00a0\u00bb ses anciens camarades de promotion comme\u00a0<a href=\"http:\/\/tvmag.lefigaro.fr\/programme-tv\/actu-tele\/c-est-la-premiere-fois-que-je-le-dis-emma-daumas-revele-avoir-ete-victime-de-violences-conjugales-apres-star-academy-20241016\" target=\"_blank\" data-fig-type=\"Article\" rel=\"noopener nofollow\" data-gtm-custom-categorie=\"navigation\" data-gtm-custom-action=\"crossclick\" data-gtm-custom-label=\"Contextuel\" data-gtm-event=\"customEventSPE\" data-fig-domain=\"TVMAG\">Emma Daumas<\/a>, Houcine Camara ou encore J\u00e9r\u00e9my Chatelain.<\/p>\n<p class=\"fig-body-link\">\n            \u00c0 lire aussi<br \/>\n        <a class=\"fig-body-link__link\" href=\"http:\/\/tvmag.lefigaro.fr\/programme-tv\/tele-realite\/nouveaux-professeurs-date-de-lancement-casting-ce-qu-il-faut-savoir-de-la-saison-13-de-star-academy-20250929\" target=\"_blank\" data-fig-type=\"Article\" rel=\"noopener nofollow\" data-gtm-custom-categorie=\"navigation\" data-gtm-custom-action=\"crossclick\" data-gtm-custom-label=\"Contextuel\" data-gtm-event=\"customEventSPE\" data-fig-domain=\"TVMAG\">Nouveaux professeurs, date de lancement, casting&#8230; Ce qu\u2019il faut savoir de la saison 13 de \u00abStar Academy\u00bb<br \/>\n    <\/a>\n<\/p>\n<blockquote class=\"fig-quote&#10;    \">\n<p class=\"fig-quote__text\">\u00ab Avec Mariah Carey, il y a eu un bisou sur la bouche, une petite galoche vite fait\u00a0\u00bb<\/p>\n<p>            Georges-Alain Jones\n    <\/p><\/blockquote>\n<p>                                    <a class=\"fig-a11y-skip a11y-hidden\" href=\"#fig-a11y-skip-main-inarticle\"><br \/>\n        Passer la publicit\u00e9<br \/>\n    <\/a><\/p>\n<p class=\"fig-paragraph\">En 2002, Georges-Alain Jones avait pass\u00e9 treize semaines dans \u00ab Star Academy\u00a0\u00bb avant d\u2019\u00eatre \u00e9limin\u00e9 au stade des demi-finales. Son aventure avait \u00e9t\u00e9 marqu\u00e9e par une prestation insolite\u00a0<a href=\"https:\/\/tvmag.lefigaro.fr\/programme-tv\/la-star-academy-truquee-les-propos-de-georges-alain-font-reagir_cb9f266e-52f3-11ea-b696-60b802b9a2f3\" target=\"_blank\" data-fig-type=\"Article\" rel=\"noopener nofollow\" data-gtm-custom-categorie=\"navigation\" data-gtm-custom-action=\"crossclick\" data-gtm-custom-label=\"Contextuel\" data-gtm-event=\"customEventSPE\" data-fig-domain=\"TVMAG\">sur le titre Aserej\u00e9 de Las Ketchup<\/a>\u00a0o\u00f9 il s\u2019\u00e9tait perdu dans les paroles et la chor\u00e9graphie. \u00ab J\u2019avais gliss\u00e9 un petit \u201cmother fucker\u201d dans les paroles, tout le monde s\u2019en \u00e9tait rendu compte\u00a0\u00bb, s\u2019est-il souvenu avec amusement.<\/p>\n<p class=\"fig-paragraph\">Autre moment culte, sa rencontre avec\u00a0<a href=\"https:\/\/www.lefigaro.fr\/culture\/mariah-carey-indetronable-diva-de-noel-20221208\" target=\"_blank\" data-fig-type=\"Article\" rel=\"noopener nofollow\" data-gtm-custom-categorie=\"navigation\" data-gtm-custom-action=\"crossclick\" data-gtm-custom-label=\"Contextuel\" data-gtm-event=\"customEventSPE\" data-fig-domain=\"LEFIGARO\"><strong>Mariah Carey<\/strong><\/a> \u00a0qui s\u2019\u00e9tait rendu au ch\u00e2teau de Dammarie-les-Lys et avait manifest\u00e9 un vif int\u00e9r\u00eat pour lui. Lors du prime du 16 novembre 2022, la chanteuse am\u00e9ricaine avait d\u00e9cid\u00e9 d\u2019emmener Georges-Alain Jones avec elle dans les coulisses. La suite, c\u2019est ce dernier qui la raconte. \u00ab Nous sommes all\u00e9s dans sa limousine, elle \u00e9tait presque sur moi, a-t-il r\u00e9v\u00e9l\u00e9 \u00e0 Jordan de Luxe. Il y a eu un bisou sur la bouche, une petite galoche vite fait.\u00a0\u00bb<\/p>\n<blockquote class=\"fig-quote&#10;    \">\n<p class=\"fig-quote__text\">\u00ab En tout, j\u2019ai gagn\u00e9 un peu plus de 500.000 euros\u00a0\u00bb<\/p>\n<p>            Georges-Alain Jones\n    <\/p><\/blockquote>\n<p class=\"fig-paragraph\">S\u2019il ne regrette pas sa participation \u00e0 \u00ab Star Academy\u00a0\u00bb, c\u2019est pour deux raisons. La premi\u00e8re est que l\u2019\u00e9mission lui a permis de rencontrer celle qui a partag\u00e9 sa vie pendant treize ans et qui a donn\u00e9 naissance \u00e0 sa fille Chiara en 2004. Cette ancienne compagne faisait partie de la troupe des danseuses de\u00a0<a href=\"http:\/\/tvmag.lefigaro.fr\/programme-tv\/actu-tele\/depuis-j-ai-peur-kamel-ouali-se-confie-sur-sa-paternite-et-revele-etre-pere-de-quatre-enfants-20250607\" target=\"_blank\" data-fig-type=\"Article\" rel=\"noopener nofollow\" data-gtm-custom-categorie=\"navigation\" data-gtm-custom-action=\"crossclick\" data-gtm-custom-label=\"Contextuel\" data-gtm-event=\"customEventSPE\" data-fig-domain=\"TVMAG\">Kamel Ouali<\/a>. La deuxi\u00e8me est que l\u2019argent qu\u2019il a gagn\u00e9 lui a permis de se sortir d\u2019une situation pr\u00e9caire avec sa tante.<\/p>\n<p class=\"fig-paragraph\">\u00ab Les photos m\u2019ont rapport\u00e9 \u00e9norm\u00e9ment durant \u201cStar Academy\u201d. J\u2019ai fait 38 couvertures de magazine, j\u2019ai re\u00e7u 180.000 euros, a r\u00e9v\u00e9l\u00e9\u00a0<a href=\"http:\/\/tvmag.lefigaro.fr\/programme-tv\/actu-tele\/leslie-georges-alain-lionel-tim-steeve-estatof-que-sont-devenus-les-anciens-participants-de-star-academy-popstars-et-nouvelle-star-20221112\" target=\"_blank\" data-fig-type=\"Article\" rel=\"noopener nofollow\" data-gtm-custom-categorie=\"navigation\" data-gtm-custom-action=\"crossclick\" data-gtm-custom-label=\"Contextuel\" data-gtm-event=\"customEventSPE\" data-fig-domain=\"TVMAG\">Georges-Alain Jones<\/a>. J\u2019ai aussi touch\u00e9 des royalties, c\u2019\u00e9tait ind\u00e9cent. En d\u00e9couvrant le ch\u00e8que d\u2019un total de 380.000 euros, ma tante m\u2019avait appel\u00e9 avec une voix toute tremblante. [&#8230;] En tout, j\u2019ai gagn\u00e9 un peu plus de 500.000 euros.\u00a0\u00bb Le chanteur, qui s\u2019appr\u00eate \u00e0 sortir de nouvelles chansons d\u2019ici la fin de l\u2019ann\u00e9e, reconna\u00eet avoir tout d\u00e9pens\u00e9.<\/p>\n","protected":false},"excerpt":{"rendered":"Georges-Alain Jones dans \u00ab Le Jet de Luxe\u00a0\u00bb Capture \u00e9cran YouTube VID\u00c9O &#8211; Plus de vingt ans apr\u00e8s&hellip;\n","protected":false},"author":2,"featured_media":462780,"comment_status":"","ping_status":"","sticky":false,"template":"","format":"standard","meta":{"footnotes":""},"categories":[8],"tags":[58,59,1011,27,5095],"class_list":{"0":"post-462779","1":"post","2":"type-post","3":"status-publish","4":"format-standard","5":"has-post-thumbnail","7":"category-divertissement","8":"tag-divertissement","9":"tag-entertainment","10":"tag-fr","11":"tag-france","12":"tag-star-academy"},"share_on_mastodon":{"url":"https:\/\/pubeurope.com\/@fr\/115373503177193623","error":""},"_links":{"self":[{"href":"https:\/\/www.europesays.com\/fr\/wp-json\/wp\/v2\/posts\/462779","targetHints":{"allow":["GET"]}}],"collection":[{"href":"https:\/\/www.europesays.com\/fr\/wp-json\/wp\/v2\/posts"}],"about":[{"href":"https:\/\/www.europesays.com\/fr\/wp-json\/wp\/v2\/types\/post"}],"author":[{"embeddable":true,"href":"https:\/\/www.europesays.com\/fr\/wp-json\/wp\/v2\/users\/2"}],"replies":[{"embeddable":true,"href":"https:\/\/www.europesays.com\/fr\/wp-json\/wp\/v2\/comments?post=462779"}],"version-history":[{"count":0,"href":"https:\/\/www.europesays.com\/fr\/wp-json\/wp\/v2\/posts\/462779\/revisions"}],"wp:featuredmedia":[{"embeddable":true,"href":"https:\/\/www.europesays.com\/fr\/wp-json\/wp\/v2\/media\/462780"}],"wp:attachment":[{"href":"https:\/\/www.europesays.com\/fr\/wp-json\/wp\/v2\/media?parent=462779"}],"wp:term":[{"taxonomy":"category","embeddable":true,"href":"https:\/\/www.europesays.com\/fr\/wp-json\/wp\/v2\/categories?post=462779"},{"taxonomy":"post_tag","embeddable":true,"href":"https:\/\/www.europesays.com\/fr\/wp-json\/wp\/v2\/tags?post=462779"}],"curies":[{"name":"wp","href":"https:\/\/api.w.org\/{rel}","templated":true}]}}