{"id":462783,"date":"2025-10-14T16:39:13","date_gmt":"2025-10-14T16:39:13","guid":{"rendered":"https:\/\/www.europesays.com\/fr\/462783\/"},"modified":"2025-10-14T16:39:13","modified_gmt":"2025-10-14T16:39:13","slug":"vers-un-tour-de-vis-pour-les-francais-atteints-de-maladies-chroniques","status":"publish","type":"post","link":"https:\/\/www.europesays.com\/fr\/462783\/","title":{"rendered":"vers un tour de vis pour les Fran\u00e7ais atteints de maladies chroniques"},"content":{"rendered":"<p>\n    <strong>D\u00c9CRYPTAGE &#8211; <\/strong>Le prochain budget de la S\u00e9curit\u00e9 sociale pourrait limiter le dispositif de remboursement autour de certaines affections de longue dur\u00e9e consid\u00e9r\u00e9es comme \u00abnon exon\u00e9rantes\u00bb.<\/p>\n<p class=\"fig-paragraph\">Les Fran\u00e7ais vieillissent et sont de plus en plus malades. Ce double constat se traduit chaque ann\u00e9e par une hausse des d\u00e9penses de sant\u00e9 qui se r\u00e9percute\u00a0<a href=\"http:\/\/www.lefigaro.fr\/conjoncture\/julien-damon-sociologue-la-securite-sociale-est-aujourd-hui-face-au-mur-20251013\" target=\"_blank\" data-fig-type=\"Article\" rel=\"noopener\" data-gtm-custom-categorie=\"navigation\" data-gtm-custom-action=\"crossclick\" data-gtm-custom-label=\"Contextuel\" data-gtm-event=\"customEventSPE\" data-fig-domain=\"LEFIGARO\">dans le d\u00e9ficit de la S\u00e9curit\u00e9 sociale,<\/a>\u00a0lequel a atteint 23 milliards d\u2019euros en 2025. Celui-ci devrait en partie se r\u00e9sorber en 2026 avec un d\u00e9ficit pr\u00e9vu \u00e0 17,5 milliards d\u2019euros, selon la mouture actuelle\u00a0<a href=\"http:\/\/www.lefigaro.fr\/conjoncture\/comment-le-gouvernement-compte-reduire-le-deficit-de-la-securite-sociale-a-17-5-milliards-d-euros-20251014\" data-fig-type=\"NewsFlash\" data-gtm-custom-categorie=\"navigation\" data-gtm-custom-action=\"crossclick\" data-gtm-custom-label=\"Contextuel\" data-gtm-event=\"customEventSPE\" data-fig-domain=\"LEFIGARO\" target=\"_blank\" rel=\"noopener\">du projet de loi de financement de la S\u00e9curit\u00e9 sociale (PLFSS)<\/a>\u00a0pr\u00e9par\u00e9 par le gouvernement. Pour y parvenir, de nombreuses \u00e9conomies sont pr\u00e9vues dans le domaine de la sant\u00e9, notamment sur le dispositif des affections de longue dur\u00e9e (ALD).<\/p>\n<p class=\"fig-paragraph\">En France, sont consid\u00e9r\u00e9es comme ALD certaines maladies dont la gravit\u00e9 et le caract\u00e8re chronique n\u00e9cessitent un traitement prolong\u00e9. La S\u00e9curit\u00e9 sociale, dans le cadre de\u00a0<a href=\"http:\/\/www.lefigaro.fr\/conjoncture\/reformer-le-modele-de-protection-sociale-cet-autre-himalaya-qui-attend-sebastien-lecornu-20251001\" data-fig-type=\"Article\" data-gtm-custom-categorie=\"navigation\" data-gtm-custom-action=\"crossclick\" data-gtm-custom-label=\"Contextuel\" data-gtm-event=\"customEventSPE\" data-fig-domain=\"LEFIGARO\" target=\"_blank\" rel=\"noopener\">sa mission de solidarit\u00e9 nationale<\/a>, accompagne les Fran\u00e7ais concern\u00e9s par ces probl\u00e8mes de sant\u00e9 (cancers, diab\u00e8tes, maladie d\u2019Alzheimer, accident vasculaire c\u00e9r\u00e9bral invalidant, etc.) en remboursant tout ou partie de leurs soins\u2026<\/p>\n<p class=\"fig-premium-paywall__infos\">\n        Cet article est r\u00e9serv\u00e9 aux abonn\u00e9s.        Il vous reste 71% \u00e0 d\u00e9couvrir.\n    <\/p>\n<p>                <img  data- alt=\"Le Figaro\" class=\"fig-img--complete fig-img\"\/><\/p>\n<p class=\"fig-premium-paywall__title\">Dernier jour<\/p>\n<p class=\"fig-premium-paywall__subtitle\">Offre anniversaire : 2\u20ac\/mois pendant 200 semaines<\/p>\n<p class=\"fig-premium-paywall__connect\">\n                D\u00e9j\u00e0 abonn\u00e9\u00a0?                <a class=\"fig-premium-paywall__connect-link\" href=\"https:\/\/connect.lefigaro.fr\/login?client=horizon_web&amp;type=main&amp;redirect_uri=https%3A%2F%2Fwww.lefigaro.fr%2Fconjoncture%2Fbudget-2026-vers-un-tour-de-vis-pour-les-francais-atteints-de-maladies-chroniques-20251014\" data-js-gtm=\"{&quot;customCategorie&quot;: &quot;conversion&quot;, &quot;customAction&quot;: &quot;before_Landing_Connexion_paywall_auto&quot;, &quot;customLabel&quot;: &quot;bGVmaWdhcm8uZnJfXzFmMGE4Zjk3LWQ0ZGItNjYxYy04NjU0LTg3YmRjNjNlY2IwNV9fTmV3c0ZsYXNo_Budget 2026\u00a0: vers un tour de vis pour les Fran\u00e7ais atteints de maladies chroniques_397&quot;, &quot;customIDSPE&quot;: &quot;bGVmaWdhcm8uZnJfXzFmMGE4Zjk3LWQ0ZGItNjYxYy04NjU0LTg3YmRjNjNlY2IwNV9fTmV3c0ZsYXNo&quot;, &quot;event&quot;: &quot;customEventSPE&quot;}\" target=\"_blank\" rel=\"noopener\"><br \/>\n                    Connectez-vous<br \/>\n                <\/a>\n            <\/p>\n","protected":false},"excerpt":{"rendered":"D\u00c9CRYPTAGE &#8211; Le prochain budget de la S\u00e9curit\u00e9 sociale pourrait limiter le dispositif de remboursement autour de certaines&hellip;\n","protected":false},"author":2,"featured_media":462784,"comment_status":"","ping_status":"","sticky":false,"template":"","format":"standard","meta":{"footnotes":""},"categories":[6],"tags":[30829,1003,35,33,34,1011,27,71],"class_list":{"0":"post-462783","1":"post","2":"type-post","3":"status-publish","4":"format-standard","5":"has-post-thumbnail","7":"category-economie","8":"tag-arret-maladie","9":"tag-budget","10":"tag-business","11":"tag-economie","12":"tag-economy","13":"tag-fr","14":"tag-france","15":"tag-sante"},"share_on_mastodon":{"url":"https:\/\/pubeurope.com\/@fr\/115373510803161844","error":""},"_links":{"self":[{"href":"https:\/\/www.europesays.com\/fr\/wp-json\/wp\/v2\/posts\/462783","targetHints":{"allow":["GET"]}}],"collection":[{"href":"https:\/\/www.europesays.com\/fr\/wp-json\/wp\/v2\/posts"}],"about":[{"href":"https:\/\/www.europesays.com\/fr\/wp-json\/wp\/v2\/types\/post"}],"author":[{"embeddable":true,"href":"https:\/\/www.europesays.com\/fr\/wp-json\/wp\/v2\/users\/2"}],"replies":[{"embeddable":true,"href":"https:\/\/www.europesays.com\/fr\/wp-json\/wp\/v2\/comments?post=462783"}],"version-history":[{"count":0,"href":"https:\/\/www.europesays.com\/fr\/wp-json\/wp\/v2\/posts\/462783\/revisions"}],"wp:featuredmedia":[{"embeddable":true,"href":"https:\/\/www.europesays.com\/fr\/wp-json\/wp\/v2\/media\/462784"}],"wp:attachment":[{"href":"https:\/\/www.europesays.com\/fr\/wp-json\/wp\/v2\/media?parent=462783"}],"wp:term":[{"taxonomy":"category","embeddable":true,"href":"https:\/\/www.europesays.com\/fr\/wp-json\/wp\/v2\/categories?post=462783"},{"taxonomy":"post_tag","embeddable":true,"href":"https:\/\/www.europesays.com\/fr\/wp-json\/wp\/v2\/tags?post=462783"}],"curies":[{"name":"wp","href":"https:\/\/api.w.org\/{rel}","templated":true}]}}