{"id":462785,"date":"2025-10-14T16:40:13","date_gmt":"2025-10-14T16:40:13","guid":{"rendered":"https:\/\/www.europesays.com\/fr\/462785\/"},"modified":"2025-10-14T16:40:13","modified_gmt":"2025-10-14T16:40:13","slug":"apres-le-cessez-le-feu-a-gaza-donald-trump-se-concentre-sur-lobtention-dune-paix-en-ukraine","status":"publish","type":"post","link":"https:\/\/www.europesays.com\/fr\/462785\/","title":{"rendered":"Apr\u00e8s le cessez-le-feu \u00e0 Gaza, Donald Trump se concentre sur l&rsquo;obtention d&rsquo;une paix en Ukraine"},"content":{"rendered":"<p>\n  Par&amp;nbsp<b>euronews<\/b>\n<\/p>\n<p>\n                    Publi\u00e9 le                 14\/10\/2025 &#8211; 7:30 UTC+2<br \/>\n                \u2022Mis \u00e0 jour<br \/>\n                                     13:50\n                                        <\/p>\n<p>          <img decoding=\"async\" class=\"c-ad__placeholder__logo\" src=\"https:\/\/static.euronews.com\/website\/images\/logos\/logo-euronews-stacked-outlined-72x72-grey-9.svg\" width=\"72\" height=\"72\" alt=\"\" loading=\"lazy\"\/><br \/>\n          PUBLICIT\u00c9<\/p>\n<p>Alors que la premi\u00e8re phase de l&rsquo;accord de cessez-le-feu \u00e0 Gaza est en voie d&rsquo;ach\u00e8vement, Donald Trump a d\u00e9clar\u00e9 qu&rsquo;il pr\u00e9voyait de se concentrer sur la fin de la guerre de la Russie contre l&rsquo;Ukraine. <\/p>\n<p>S&rsquo;adressant \u00e0 la Knesset lundi, Donald Trump a d\u00e9clar\u00e9 que ses efforts de r\u00e9tablissement de la paix n&rsquo;\u00e9taient pas encore termin\u00e9s et qu&rsquo;il souhaitait ensuite amener la Russie \u00e0 mettre fin \u00e0 sa guerre contre l&rsquo;Ukraine.<\/p>\n<p>\u00ab\u00a0Ce serait formidable si nous pouvions conclure un accord de paix avec (l&rsquo;Iran)\u00a0\u00bb, a-t-il d\u00e9clar\u00e9 avant d&rsquo;ajouter : \u00ab\u00a0D&rsquo;abord, nous devons obtenir de la Russie qu&rsquo;elle mette fin \u00e0 sa guerre contre l&rsquo;Ukraine. \u00ab\u00a0D&rsquo;abord, nous devons faire en sorte que la Russie s&rsquo;en sorte. Concentrons-nous d&rsquo;abord sur la Russie\u00a0\u00bb.<\/p>\n<p>De son cot\u00e9, Volodymyr Zelensky a annonc\u00e9 rencontrer le pr\u00e9sident am\u00e9ricain vendredi \u00e0 Washington pour discuter d&rsquo;un \u00e9ventuel cessez-le-feu pour l&rsquo;Ukraine et des prochaines \u00e9tapes du processus. <\/p>\n<p>\u00ab\u00a0Je pense que nous devons discuter de la s\u00e9quence des \u00e9tapes que je veux proposer au pr\u00e9sident\u00a0\u00bb, a d\u00e9clar\u00e9 le pr\u00e9sident ukrainien lundi. <\/p>\n<p>Cette rencontre, la cinqui\u00e8me entre Donald Trump et Volodymyr Zelensky depuis que le pr\u00e9sident am\u00e9ricain a repris ses fonctions en janvier, fera suite \u00e0 deux appels t\u00e9l\u00e9phoniques que les dirigeants ont eus ces derniers jours au sujet des d\u00e9fenses a\u00e9riennes et des capacit\u00e9s \u00e0 longue port\u00e9e de l&rsquo;Ukraine, dans le contexte de l&rsquo;attaque russe contre les infrastructures \u00e9nerg\u00e9tiques ukrainiennes.<\/p>\n<p>R\u00e9cemment, Donald Trump a \u00e9voqu\u00e9 la possibilit\u00e9 de fournir \u00e0 l&rsquo;Ukraine des Tomahawks, des missiles de croisi\u00e8re \u00e0 longue port\u00e9e capables de frapper des cibles \u00e0 une distance de 1 600 \u00e0 2 500 kilom\u00e8tres.<\/p>\n<p>Le porte-parole du Kremlin, Dmitri Peskov, a d\u00e9clar\u00e9 que \u00ab\u00a0la question des Tomahawks est extr\u00eamement pr\u00e9occupante\u00a0\u00bb pour Moscou.<\/p>\n<p>\u00ab\u00a0Il s&rsquo;agit d&rsquo;un moment tr\u00e8s dramatique, car les tensions s&rsquo;intensifient de tous les c\u00f4t\u00e9s\u00a0\u00bb, a-t-il d\u00e9clar\u00e9 dans des propos rapport\u00e9s par les m\u00e9dias d&rsquo;\u00c9tat russes.<\/p>\n<p>Les efforts pour un accord de paix bloqu\u00e9s par Moscou<\/p>\n<p>Depuis des mois, Donald Trump tente de n\u00e9gocier un accord de cessez-le-feu entre la Russie et l&rsquo;Ukraine, mais ses efforts restent bloqu\u00e9s. Le Kremlin a refus\u00e9 \u00e0 plusieurs reprises de participer \u00e0 des n\u00e9gociations avec les dirigeants ukrainiens, n&rsquo;acceptant qu&rsquo;une rencontre en t\u00eate-\u00e0-t\u00eate entre Donald Trump et Vladimir Poutine en Alaska au mois d&rsquo;ao\u00fbt et rejetant l&rsquo;id\u00e9e de n\u00e9gociations directes avec Volodymyr Zelensky, m\u00eame avec la participation de Donald Trump en tant que m\u00e9diateur.<\/p>\n<p>\u00ab\u00a0M\u00eame le Hamas a le sens de la n\u00e9gociation, mais pas Poutine\u00a0\u00bb, a observ\u00e9 Volodymyr Zelensky.<\/p>\n<p>Le plan de paix du pr\u00e9sident am\u00e9ricain pour Gaza et le retour des otages isra\u00e9liens ont redonn\u00e9 de l&rsquo;espoir \u00e0 Kiev.<\/p>\n<p>\u00ab\u00a0Lorsque la paix est atteinte dans une partie du monde, cela apporte plus d&rsquo;espoir pour la paix dans d&rsquo;autres r\u00e9gions o\u00f9 la vie est toujours menac\u00e9e\u00a0\u00bb, a d\u00e9clar\u00e9 Volodymyr Zelensky dans un post sur X lundi, ajoutant que l&rsquo;Ukraine saluait \u00ab\u00a0tous les efforts qui ont conduit \u00e0 l&rsquo;issue d&rsquo;aujourd&rsquo;hui pour le Moyen-Orient.\u00a0\u00bb<\/p>\n<p>\u00ab\u00a0Nous travaillons pour que le jour de la paix arrive aussi pour l&rsquo;Ukraine\u00a0\u00bb, a poursuivi Volodymyr Zelensky, f\u00e9licitant Donald Trump pour \u00ab\u00a0son leadership et sa d\u00e9termination\u00a0\u00bb qui \u00ab\u00a0ont fonctionn\u00e9\u00a0\u00bb. \u00ab\u00a0L&rsquo;agression russe reste la derni\u00e8re source mondiale de d\u00e9stabilisation et si un cessez-le-feu et la paix ont \u00e9t\u00e9 obtenus au Moyen-Orient, le leadership et la d\u00e9termination des acteurs mondiaux peuvent certainement fonctionner pour nous aussi, en Ukraine, en Europe. Et c&rsquo;est possible.<\/p>\n<p><strong>D\u00e9nominateur commun des pourparlers de paix<\/strong><\/p>\n<p>Les deux processus de paix men\u00e9s par les \u00c9tats-Unis ont en commun non seulement le leadership et l&rsquo;initiative de Washington, mais aussi l&rsquo;envoy\u00e9 sp\u00e9cial de Donald Trump, Steve Witkoff. <\/p>\n<p>S&rsquo;adressant \u00e0 la Knesset isra\u00e9lienne lundi, Donald Trump a mis en avant salu\u00e9 le travail de l&rsquo;\u00e9missaire am\u00e9ricain. <\/p>\n<p>Si selon le pr\u00e9sident am\u00e9ricain, Steve Witkoff, \u00ab\u00a0n&rsquo;avait aucune id\u00e9e de la Russie, ne savait pas trop ce qu&rsquo;\u00e9tait Poutine, ne connaissait pas trop la politique\u00a0\u00bb, il a \u00ab\u00a0cette qualit\u00e9\u00a0\u00bb que le pr\u00e9sident am\u00e9ricain recherchait.<\/p>\n<p>Un autre d\u00e9nominateur commun possible entre l&rsquo;approche de Donald Trump concernant l&rsquo;accord de cessez-le-feu \u00e0 Gaza et ses efforts pour mettre fin \u00e0 la guerre de la Russie contre l&rsquo;Ukraine est le concept de \u00ab\u00a0la paix par la force\u00a0\u00bb, dont le pr\u00e9sident am\u00e9ricain a parl\u00e9 \u00e0 plusieurs reprises dans son discours \u00e0 la Knesset.<\/p>\n<p>Volodymyr Zelensky a insist\u00e9 sur ce concept et sur sa mise en \u0153uvre pour forcer la Russie \u00e0 mettre fin \u00e0 sa guerre contre l&rsquo;Ukraine et pr\u00e9voit d&rsquo;en discuter avec Donald Trump vendredi.<\/p>\n","protected":false},"excerpt":{"rendered":"Par&amp;nbspeuronews Publi\u00e9 le 14\/10\/2025 &#8211; 7:30 UTC+2 \u2022Mis \u00e0 jour 13:50 PUBLICIT\u00c9 Alors que la premi\u00e8re phase de&hellip;\n","protected":false},"author":2,"featured_media":462786,"comment_status":"","ping_status":"","sticky":false,"template":"","format":"standard","meta":{"footnotes":""},"categories":[5],"tags":[11,75,1011,27,131,14,2025,12,28],"class_list":{"0":"post-462785","1":"post","2":"type-post","3":"status-publish","4":"format-standard","5":"has-post-thumbnail","7":"category-international","8":"tag-actualites","9":"tag-donald-trump","10":"tag-fr","11":"tag-france","12":"tag-guerre-en-ukraine","13":"tag-international","14":"tag-invasion-de-la-russie-en-ukraine","15":"tag-news","16":"tag-world"},"share_on_mastodon":{"url":"https:\/\/pubeurope.com\/@fr\/115373515249884057","error":""},"_links":{"self":[{"href":"https:\/\/www.europesays.com\/fr\/wp-json\/wp\/v2\/posts\/462785","targetHints":{"allow":["GET"]}}],"collection":[{"href":"https:\/\/www.europesays.com\/fr\/wp-json\/wp\/v2\/posts"}],"about":[{"href":"https:\/\/www.europesays.com\/fr\/wp-json\/wp\/v2\/types\/post"}],"author":[{"embeddable":true,"href":"https:\/\/www.europesays.com\/fr\/wp-json\/wp\/v2\/users\/2"}],"replies":[{"embeddable":true,"href":"https:\/\/www.europesays.com\/fr\/wp-json\/wp\/v2\/comments?post=462785"}],"version-history":[{"count":0,"href":"https:\/\/www.europesays.com\/fr\/wp-json\/wp\/v2\/posts\/462785\/revisions"}],"wp:featuredmedia":[{"embeddable":true,"href":"https:\/\/www.europesays.com\/fr\/wp-json\/wp\/v2\/media\/462786"}],"wp:attachment":[{"href":"https:\/\/www.europesays.com\/fr\/wp-json\/wp\/v2\/media?parent=462785"}],"wp:term":[{"taxonomy":"category","embeddable":true,"href":"https:\/\/www.europesays.com\/fr\/wp-json\/wp\/v2\/categories?post=462785"},{"taxonomy":"post_tag","embeddable":true,"href":"https:\/\/www.europesays.com\/fr\/wp-json\/wp\/v2\/tags?post=462785"}],"curies":[{"name":"wp","href":"https:\/\/api.w.org\/{rel}","templated":true}]}}