{"id":462788,"date":"2025-10-14T16:42:13","date_gmt":"2025-10-14T16:42:13","guid":{"rendered":"https:\/\/www.europesays.com\/fr\/462788\/"},"modified":"2025-10-14T16:42:13","modified_gmt":"2025-10-14T16:42:13","slug":"enceinte-de-7-mois-elle-perd-son-bebe-apres-avoir-ete-mordue-par-son-chien","status":"publish","type":"post","link":"https:\/\/www.europesays.com\/fr\/462788\/","title":{"rendered":"enceinte de 7 mois, elle perd son b\u00e9b\u00e9 apr\u00e8s avoir \u00e9t\u00e9 mordue par son chien"},"content":{"rendered":"<p>\n    L\u2019animal a \u00e9t\u00e9 euthanasi\u00e9 dans la foul\u00e9e du drame survenu lundi apr\u00e8s-midi \u00e0 La Chapelle-Heulin.<\/p>\n<p class=\"fig-paragraph\">Une femme enceinte de sept mois a \u00e9t\u00e9 gri\u00e8vement bless\u00e9e apr\u00e8s avoir \u00e9t\u00e9 mordue par son\u00a0<a href=\"http:\/\/www.lefigaro.fr\/animaux\/les-3-races-de-chiens-interdites-d-importation-en-france-20250718\" target=\"_blank\" data-fig-type=\"Article\" rel=\"noopener\" data-gtm-custom-categorie=\"navigation\" data-gtm-custom-action=\"crossclick\" data-gtm-custom-label=\"Contextuel\" data-gtm-event=\"customEventSPE\" data-fig-domain=\"LEFIGARO\">chien de race<\/a>, lundi vers 16h30. Cette trentenaire, originaire de\u00a0<a href=\"http:\/\/www.lefigaro.fr\/nantes\/pres-de-nantes-tout-un-village-se-mobilise-pour-restaurer-son-vieux-four-a-chaux-temoin-de-son-passe-industriel-20250817\" target=\"_blank\" data-fig-type=\"NewsFlash\" rel=\"noopener\" data-gtm-custom-categorie=\"navigation\" data-gtm-custom-action=\"crossclick\" data-gtm-custom-label=\"Contextuel\" data-gtm-event=\"customEventSPE\" data-fig-domain=\"LEFIGARO\">La Chapelle-Heulin<\/a>\u00a0au sud-est de Nantes, a perdu son b\u00e9b\u00e9 des suites de ses blessures, a appris mardi Le Figaro aupr\u00e8s des gendarmes, confirmant une information de\u00a0<a href=\"https:\/\/www.ouest-france.fr\/societe\/faits-divers\/la-femme-enceinte-grievement-blessee-par-son-chien-en-loire-atlantique-a-perdu-son-bebe-0587c910-a8f4-11f0-bf9e-dc0be67a8d9b\" target=\"_blank\" rel=\"noopener\" data-gtm-custom-categorie=\"navigation\" data-gtm-custom-action=\"crossclick\" data-gtm-custom-label=\"Contextuel\" data-gtm-event=\"customEventSPE\">Ouest France<\/a> .<\/p>\n<p class=\"fig-paragraph\">Le chien a \u00e9galement fait une deuxi\u00e8me victime. \u00abUne femme de 45 ans a \u00e9t\u00e9 l\u00e9g\u00e8rement bless\u00e9e et laiss\u00e9e sur place\u00bb, a indiqu\u00e9 le centre op\u00e9rationnel d\u00e9partemental d\u2019incendie et de secours (CODIS) de Loire-Atlantique. Treize pompiers sont intervenus \u00e0 la suite des morsures provoqu\u00e9es par cet \u00abAmerican Bully XL\u00bb, des chiens interdits en Angleterre mais pas en France.<\/p>\n<p>                                    <a class=\"fig-a11y-skip a11y-hidden\" href=\"#fig-a11y-skip-main-inarticle\"><br \/>\n        Passer la publicit\u00e9<br \/>\n    <\/a><\/p>\n<p>Euthanasie<\/p>\n<p class=\"fig-paragraph\">Le soir de l\u2019attaque, \u00abapr\u00e8s concertation avec les autorit\u00e9s, le chien a \u00e9t\u00e9 euthanasi\u00e9 par un\u00a0<a href=\"http:\/\/www.lefigaro.fr\/animaux\/je-suis-veterinaire-et-voici-ce-qu-il-faut-eviter-quand-on-choisit-sa-race-de-chien-20250613\" target=\"_blank\" data-fig-type=\"Article\" rel=\"noopener\" data-gtm-custom-categorie=\"navigation\" data-gtm-custom-action=\"crossclick\" data-gtm-custom-label=\"Contextuel\" data-gtm-event=\"customEventSPE\" data-fig-domain=\"LEFIGARO\">v\u00e9t\u00e9rinaire<\/a> \u00a0habilit\u00e9\u00bb, pr\u00e9cise le CODIS. Selon la municipalit\u00e9, la sc\u00e8ne s\u2019est d\u00e9roul\u00e9e au domicile de la femme enceinte, arriv\u00e9e il y a quelques ann\u00e9es dans la ville.<\/p>\n<p class=\"fig-paragraph\">D\u2019apr\u00e8s le quotidien Ouest France, l\u2019animal provenait d\u2019un refuge de la SPA et la seconde femme bless\u00e9e serait la voisine, intervenue en entendant des cris. Une enqu\u00eate a \u00e9t\u00e9 ouverte par la gendarmerie pour \u00e9claircir les circonstances de ce drame.<\/p>\n","protected":false},"excerpt":{"rendered":"L\u2019animal a \u00e9t\u00e9 euthanasi\u00e9 dans la foul\u00e9e du drame survenu lundi apr\u00e8s-midi \u00e0 La Chapelle-Heulin. Une femme enceinte&hellip;\n","protected":false},"author":2,"featured_media":462789,"comment_status":"","ping_status":"","sticky":false,"template":"","format":"standard","meta":{"footnotes":""},"categories":[2],"tags":[11,4850,118,1011,27,12],"class_list":{"0":"post-462788","1":"post","2":"type-post","3":"status-publish","4":"format-standard","5":"has-post-thumbnail","7":"category-actualites","8":"tag-actualites","9":"tag-chien","10":"tag-faits-divers","11":"tag-fr","12":"tag-france","13":"tag-news"},"share_on_mastodon":{"url":"https:\/\/pubeurope.com\/@fr\/115373522514465050","error":""},"_links":{"self":[{"href":"https:\/\/www.europesays.com\/fr\/wp-json\/wp\/v2\/posts\/462788","targetHints":{"allow":["GET"]}}],"collection":[{"href":"https:\/\/www.europesays.com\/fr\/wp-json\/wp\/v2\/posts"}],"about":[{"href":"https:\/\/www.europesays.com\/fr\/wp-json\/wp\/v2\/types\/post"}],"author":[{"embeddable":true,"href":"https:\/\/www.europesays.com\/fr\/wp-json\/wp\/v2\/users\/2"}],"replies":[{"embeddable":true,"href":"https:\/\/www.europesays.com\/fr\/wp-json\/wp\/v2\/comments?post=462788"}],"version-history":[{"count":0,"href":"https:\/\/www.europesays.com\/fr\/wp-json\/wp\/v2\/posts\/462788\/revisions"}],"wp:featuredmedia":[{"embeddable":true,"href":"https:\/\/www.europesays.com\/fr\/wp-json\/wp\/v2\/media\/462789"}],"wp:attachment":[{"href":"https:\/\/www.europesays.com\/fr\/wp-json\/wp\/v2\/media?parent=462788"}],"wp:term":[{"taxonomy":"category","embeddable":true,"href":"https:\/\/www.europesays.com\/fr\/wp-json\/wp\/v2\/categories?post=462788"},{"taxonomy":"post_tag","embeddable":true,"href":"https:\/\/www.europesays.com\/fr\/wp-json\/wp\/v2\/tags?post=462788"}],"curies":[{"name":"wp","href":"https:\/\/api.w.org\/{rel}","templated":true}]}}