{"id":462792,"date":"2025-10-14T16:44:12","date_gmt":"2025-10-14T16:44:12","guid":{"rendered":"https:\/\/www.europesays.com\/fr\/462792\/"},"modified":"2025-10-14T16:44:12","modified_gmt":"2025-10-14T16:44:12","slug":"saint-etienne-en-bresse-toute-la-commune-sur-le-pont-contre-le-cancer-du-sein","status":"publish","type":"post","link":"https:\/\/www.europesays.com\/fr\/462792\/","title":{"rendered":"Saint-\u00c9tienne-en-Bresse. Toute la commune sur le pont contre le cancer du sein"},"content":{"rendered":"<p>Samedi et pour la troisi\u00e8me fois, le CCAS de Saint-\u00c9tienne-en-Bresse et les associations de la commune ont mis en place un \u00e9v\u00e9nement dans le cadre d\u2019Octobre rose, mois de sensibilisation au d\u00e9pistage du cancer du sein. Les b\u00e9n\u00e9fices de cette manifestation seront revers\u00e9s \u00e0 l\u2019association Toujours femme de Chalon-sur-Sa\u00f4ne.<\/p>\n<p>Le rose \u00e9tait de circonstance, pr\u00e9sent \u00e0 la fois dans les \u00e9l\u00e9ments de d\u00e9coration, sur les stands et sur les maillots des organisateurs. Et, ils \u00e9taient nombreux pour la bonne cause\u00a0: une grosse quarantaine de b\u00e9n\u00e9voles \u00e0 mettre du c\u0153ur \u00e0 l\u2019ouvrage et une bonne partie des associations qui ont jou\u00e9 le jeu. Au programme de la journ\u00e9e de 10 \u00e0 17 heures, il y en avait pour les \u00e2ges et tous les go\u00fbts. Pour le public, il y avait man\u0153uvre des pompiers, vente d\u2019objets artisanaux, dons de cheveux, tombola, massage shiatsu, ou encore pr\u00e9sentation de tatouages destin\u00e9s \u00e0 la reconstruction mammaire,\u00a0etc. \u00c9galement, vente de bougies, bonbons, soupe, kebab, gaufres, boissons\u2026 le tout au profit d\u2019Octobre rose.<\/p>\n<p>Sur place, une des b\u00e9n\u00e9voles expliquait\u00a0: \u00ab\u00a0Il y a aussi des tirelires pour collecter des fonds. Elles sont mises \u00e0 disposition \u00e0 la boucherie, \u00e0 la boulangerie et l\u2019accueil de France services. Elles resteront en place tout le mois d\u2019octobre.\u00a0\u00bb<\/p>\n<p>  Soins esth\u00e9tiques, bien-\u00eatre et d\u00e9tente<\/p>\n<p>Gr\u00e2ce \u00e0 cette action, les b\u00e9n\u00e9fices seront revers\u00e9s \u00e0 l\u2019association Toujours femme. Cr\u00e9\u00e9e en 2001, elle propose des soins esth\u00e9tiques, de bien-\u00eatre et de d\u00e9tente, ainsi que des s\u00e9ances de sophrologie aux patientes atteintes d\u2019un cancer et ce dans les deux h\u00f4pitaux de Chalon\u00a0: l\u2019h\u00f4pital priv\u00e9 Sainte-Marie et l\u2019h\u00f4pital public William-Morey. Les dons permettent notamment d\u2019employer des socioesth\u00e9ticiennes et une sophrologue.<\/p>\n<p>Si le mois d\u2019octobre est d\u00e9sormais consacr\u00e9 \u00e0 cette cause, les dons sont possibles pour la bonne cause tout au long de l\u2019ann\u00e9e.<\/p>\n<p>Le but de cette mobilisation est d\u2019inciter les femmes \u00e0 se faire d\u00e9pister contre le cancer du sein. Un cancer rapidement d\u00e9pist\u00e9 est gu\u00e9ri dans 9 cas sur 10. Il faut aussi savoir que <a href=\"https:\/\/www.lejsl.com\/edition-de-chalon\/2018\/10\/24\/jean-claude-merliaud-le-cancer-du-sein-touche-aussi-des-hommes\" target=\"_blank\" rel=\"noopener\">le cancer du sein peut \u00e9galement toucher les hommes<\/a> \u00a0avec 500 cas par an.<\/p>\n<p class=\"note\">Site internet\u00a0: www.toujoursfemme.com.<\/p>\n","protected":false},"excerpt":{"rendered":"Samedi et pour la troisi\u00e8me fois, le CCAS de Saint-\u00c9tienne-en-Bresse et les associations de la commune ont mis&hellip;\n","protected":false},"author":2,"featured_media":462793,"comment_status":"","ping_status":"","sticky":false,"template":"","format":"standard","meta":{"footnotes":""},"categories":[9653],"tags":[1111,11,2430,6238,1777,674,107,1011,27,17760,12,25,4001,17759,71],"class_list":{"0":"post-462792","1":"post","2":"type-post","3":"status-publish","4":"format-standard","5":"has-post-thumbnail","7":"category-saint-etienne","8":"tag-actu","9":"tag-actualites","10":"tag-auvergne-rhone-alpes","11":"tag-edition-bresse","12":"tag-eu","13":"tag-europe","14":"tag-fil-info","15":"tag-fr","16":"tag-france","17":"tag-louhans-bassin","18":"tag-news","19":"tag-republique-francaise","20":"tag-saint-etienne","21":"tag-saint-etienne-en-bresse","22":"tag-sante"},"share_on_mastodon":{"url":"https:\/\/pubeurope.com\/@fr\/115373530441381221","error":""},"_links":{"self":[{"href":"https:\/\/www.europesays.com\/fr\/wp-json\/wp\/v2\/posts\/462792","targetHints":{"allow":["GET"]}}],"collection":[{"href":"https:\/\/www.europesays.com\/fr\/wp-json\/wp\/v2\/posts"}],"about":[{"href":"https:\/\/www.europesays.com\/fr\/wp-json\/wp\/v2\/types\/post"}],"author":[{"embeddable":true,"href":"https:\/\/www.europesays.com\/fr\/wp-json\/wp\/v2\/users\/2"}],"replies":[{"embeddable":true,"href":"https:\/\/www.europesays.com\/fr\/wp-json\/wp\/v2\/comments?post=462792"}],"version-history":[{"count":0,"href":"https:\/\/www.europesays.com\/fr\/wp-json\/wp\/v2\/posts\/462792\/revisions"}],"wp:featuredmedia":[{"embeddable":true,"href":"https:\/\/www.europesays.com\/fr\/wp-json\/wp\/v2\/media\/462793"}],"wp:attachment":[{"href":"https:\/\/www.europesays.com\/fr\/wp-json\/wp\/v2\/media?parent=462792"}],"wp:term":[{"taxonomy":"category","embeddable":true,"href":"https:\/\/www.europesays.com\/fr\/wp-json\/wp\/v2\/categories?post=462792"},{"taxonomy":"post_tag","embeddable":true,"href":"https:\/\/www.europesays.com\/fr\/wp-json\/wp\/v2\/tags?post=462792"}],"curies":[{"name":"wp","href":"https:\/\/api.w.org\/{rel}","templated":true}]}}