{"id":462794,"date":"2025-10-14T16:45:15","date_gmt":"2025-10-14T16:45:15","guid":{"rendered":"https:\/\/www.europesays.com\/fr\/462794\/"},"modified":"2025-10-14T16:45:15","modified_gmt":"2025-10-14T16:45:15","slug":"un-conducteur-de-18-ans-heliporte-dans-un-etat-grave-au-chru-de-nancy-brabois","status":"publish","type":"post","link":"https:\/\/www.europesays.com\/fr\/462794\/","title":{"rendered":"un conducteur de 18 ans h\u00e9liport\u00e9 dans un \u00e9tat grave au CHRU de Nancy-Brabois"},"content":{"rendered":"<p>Ce mardi 14\u00a0octobre, aux alentours, de 14\u00a0h\u00a020, un accident est survenu sur la D3 entre Gondreville et Anzeling. La voiture du conducteur, \u00e2g\u00e9 de 18 ans et habitant Bockange, a quitt\u00e9 la chauss\u00e9e dans le bois de Gondreville avant de percuter violemment un arbre.<\/p>\n<p>Ce contenu est bloqu\u00e9 car vous n&rsquo;avez pas accept\u00e9 les cookies et autres traceurs.<\/p>\n<p>En cliquant sur \u00ab J\u2019accepte \u00bb, les cookies et autres traceurs seront d\u00e9pos\u00e9s et vous pourrez visualiser les contenus  (<a href=\"\" class=\"consentModule_policy\" target=\"_blank\" title=\"Consulter la politique de protection des donn\u00e9es du fournisseur\">plus d&rsquo;informations<\/a>).<\/p>\n<p>En cliquant sur \u00ab J\u2019accepte tous les cookies \u00bb, vous autorisez des d\u00e9p\u00f4ts de cookies et autres traceurs pour le stockage de vos donn\u00e9es sur nos sites et applications \u00e0 des fins de personnalisation et de ciblage publicitaire.<\/p>\n<p class=\"consentModule_secondaryText\">Vous gardez la possibilit\u00e9 de retirer votre consentement \u00e0 tout moment en consultant notre <a href=\"https:\/\/www.republicain-lorrain.fr\/protection-des-donnees\" target=\"_blank\" title=\"Consulter notre politique de protection des donn\u00e9es\" rel=\"noopener\">politique de protection des donn\u00e9es<\/a>. <br \/>&#13;<br \/>\n            <a href=\"https:\/\/www.republicain-lorrain.fr\/faits-divers-justice\/2025\/10\/14\/javascript:Didomi.notice.show()\" class=\"consentModule_cmp\" target=\"_blank\" rel=\"noopener\">G\u00e9rer mes choix<\/a>&#13;\n        <\/p>\n<p>&#13;<br \/>\n                        J&rsquo;accepte&#13;<br \/>\n            J&rsquo;accepte tous les cookies&#13;\n        <\/p>\n<p>Les sapeurs-pompiers de Metz, Bouzonville et de Boulay, ainsi que le Samu, sont rapidement intervenus sur les lieux afin de proc\u00e9der, notamment, \u00e0 la d\u00e9sincarc\u00e9ration du jeune homme. Conduite au stade de Piblange-Bockange, la victime a \u00e9t\u00e9 h\u00e9liport\u00e9e dans un \u00e9tat grave en direction du centre hospitalier r\u00e9gional universitaire de Nancy-Brabois. Pour l\u2019heure, les circonstances de l\u2019accident restent encore \u00e0 d\u00e9finir.<\/p>\n","protected":false},"excerpt":{"rendered":"Ce mardi 14\u00a0octobre, aux alentours, de 14\u00a0h\u00a020, un accident est survenu sur la D3 entre Gondreville et Anzeling.&hellip;\n","protected":false},"author":2,"featured_media":462795,"comment_status":"","ping_status":"","sticky":false,"template":"","format":"standard","meta":{"footnotes":""},"categories":[9635],"tags":[119,1111,11,37248,15835,7162,1777,674,274,1011,27,775,5599,1702,12,58687,25],"class_list":{"0":"post-462794","1":"post","2":"type-post","3":"status-publish","4":"format-standard","5":"has-post-thumbnail","7":"category-nancy","8":"tag-accident","9":"tag-actu","10":"tag-actualites","11":"tag-cc-houve-pays-boulageois-57e","12":"tag-edition-saint-avold-creutzwald","13":"tag-edition-thionville-hayange","14":"tag-eu","15":"tag-europe","16":"tag-faits-divers-justice","17":"tag-fr","18":"tag-france","19":"tag-grand-est","20":"tag-moselle","21":"tag-nancy","22":"tag-news","23":"tag-piblange","24":"tag-republique-francaise"},"share_on_mastodon":{"url":"https:\/\/pubeurope.com\/@fr\/115373534548536762","error":""},"_links":{"self":[{"href":"https:\/\/www.europesays.com\/fr\/wp-json\/wp\/v2\/posts\/462794","targetHints":{"allow":["GET"]}}],"collection":[{"href":"https:\/\/www.europesays.com\/fr\/wp-json\/wp\/v2\/posts"}],"about":[{"href":"https:\/\/www.europesays.com\/fr\/wp-json\/wp\/v2\/types\/post"}],"author":[{"embeddable":true,"href":"https:\/\/www.europesays.com\/fr\/wp-json\/wp\/v2\/users\/2"}],"replies":[{"embeddable":true,"href":"https:\/\/www.europesays.com\/fr\/wp-json\/wp\/v2\/comments?post=462794"}],"version-history":[{"count":0,"href":"https:\/\/www.europesays.com\/fr\/wp-json\/wp\/v2\/posts\/462794\/revisions"}],"wp:featuredmedia":[{"embeddable":true,"href":"https:\/\/www.europesays.com\/fr\/wp-json\/wp\/v2\/media\/462795"}],"wp:attachment":[{"href":"https:\/\/www.europesays.com\/fr\/wp-json\/wp\/v2\/media?parent=462794"}],"wp:term":[{"taxonomy":"category","embeddable":true,"href":"https:\/\/www.europesays.com\/fr\/wp-json\/wp\/v2\/categories?post=462794"},{"taxonomy":"post_tag","embeddable":true,"href":"https:\/\/www.europesays.com\/fr\/wp-json\/wp\/v2\/tags?post=462794"}],"curies":[{"name":"wp","href":"https:\/\/api.w.org\/{rel}","templated":true}]}}