{"id":462806,"date":"2025-10-14T16:51:17","date_gmt":"2025-10-14T16:51:17","guid":{"rendered":"https:\/\/www.europesays.com\/fr\/462806\/"},"modified":"2025-10-14T16:51:17","modified_gmt":"2025-10-14T16:51:17","slug":"il-y-aura-un-cote-exclusif","status":"publish","type":"post","link":"https:\/\/www.europesays.com\/fr\/462806\/","title":{"rendered":"\u00ab\u00a0Il y aura un c\u00f4t\u00e9 exclusif \u00bb"},"content":{"rendered":"<p>            Par<br \/>\n        <strong><br \/>\n            <a href=\"https:\/\/actu.fr\/auteur\/yann-rivallan\" title=\"Consulter tous les articles de Yann Rivallan\" target=\"_blank\" rel=\"noopener\">Yann Rivallan<\/a><br \/>\n        <\/strong><\/p>\n<p>        Publi\u00e9 le<\/p>\n<p>            14 oct. 2025 \u00e0 18h11        <\/p>\n<p>Elle est \u00ab\u2009tomb\u00e9e amoureuse du cuir\u2009\u00bb. Mod\u00e9liste \u00e0 <a href=\"https:\/\/actu.fr\/normandie\/rouen_76540\" target=\"_blank\" rel=\"noopener\">Rouen<\/a>, Suzon Mabire va lancer sa propre marque de <strong>maroquinerie<\/strong>. Sa sp\u00e9cificit\u00e9\u2009? Proposer <strong>des sacs \u00e0 main haut de gamme<\/strong> et d\u2019autres pi\u00e8ces \u00e0 partir de cuirs d\u00e9laiss\u00e9s par des maisons de luxe. Baptis\u00e9e Louielouie, en r\u00e9f\u00e9rence \u00e0 un c\u00e9l\u00e8bre morceau de rock repris par de nombreux groupes, la marque devrait sortir sa premi\u00e8re collection d\u2019ici <strong>le mois de novembre\u00a02025<\/strong>.<\/p>\n<p>Une passion pour l\u2019art de travailler le cuir<\/p>\n<p class=\" wall-content\">Pourtant, apr\u00e8s une premi\u00e8re exp\u00e9rience dans une maroquinerie rouennaise, la jeune femme pensait en avoir fini avec l\u2019art de travailler le cuir. Elle avait envie de passer \u00e0 autre chose\u2009: \u00ab\u2009\u00c7a ne correspondait plus vraiment \u00e0 mes valeurs, explique-t-elle. Il y avait <strong>un d\u00e9calage dans notre conception de la mode<\/strong>.\u2009\u00bb<\/p>\n<p class=\" wall-content\">Apr\u00e8s une r\u00e9orientation compl\u00e8te dans le graphisme et la communication, elle red\u00e9couvre la maroquinerie au d\u00e9tour d\u2019un projet avec une amie\u2009: \u00ab\u2009Elle m\u2019a demand\u00e9 de l\u2019aide pour fonder sa marque de mocassins de luxe\u2009\u00bb.<\/p>\n<blockquote class=\"ac-article-quote wall-content\">\n<p>\u00c7a m&rsquo;a donn\u00e9 envie de m&rsquo;y remettre.<\/p>\n<p>    <strong>Suzon Mabire<\/strong><br \/>\n        Fondatrice de Louilouie    <\/p><\/blockquote>\n<p class=\" wall-content\">La jeune femme renfile les gants de mod\u00e9liste apr\u00e8s trois ans d\u2019arr\u00eat et fournit les dessins des premiers prototypes \u00e0 son amie. Et tr\u00e8s vite, l\u2019envie de <strong>lancer sa marque<\/strong> lui vient en t\u00eate.<\/p>\n<p>Des pi\u00e8ces exclusives et \u00ab\u2009en petite quantit\u00e9\u2009\u00bb<\/p>\n<p class=\" wall-content\">S\u2019ensuit un long travail de deux ann\u00e9es, o\u00f9 les prototypes et les recherches de fournisseurs s\u2019encha\u00eenent pour la jeune femme. Jusqu\u2019\u00e0 arriver en cette fin d\u2019ann\u00e9e 2025. Aujourd\u2019hui, Suzon Mabire s\u2019appr\u00eate \u00e0 d\u00e9voiler <strong>ses 25 premi\u00e8res pi\u00e8ces<\/strong>, con\u00e7ues avec l\u2019aide de deux maroquini\u00e8res ind\u00e9pendantes.<\/p>\n<p class=\" wall-content\">Ce sont uniquement <strong>des sacs \u00e0 main<\/strong> pour le moment. Un produit facile \u00e0 concevoir et toujours tendance, qu\u2019elle voit avant tout \u00ab\u2009comme une \u0153uvre d\u2019art\u2009\u00bb.<\/p>\n<p>    <img   decoding=\"async\" loading=\"lazy\" src=\"https:\/\/www.europesays.com\/fr\/wp-content\/uploads\/2025\/10\/louielouie-maroquinerie-rouen-960x640.jpg\" alt=\"Chaque sac de Louielouie est con\u00e7u \u00e0 la main, par deux maroquini\u00e8res ind\u00e9pendantes.\" width=\"960\" height=\"640\"\/><br \/>\n    Chaque sac de Louielouie est con\u00e7u \u00e0 la main, par deux maroquini\u00e8res ind\u00e9pendantes. (\u00a9Marion Berdah photographe)<\/p>\n<p>Votre r\u00e9gion, votre actu !<\/p>\n<p>Recevez chaque jour les infos qui comptent pour vous.<\/p>\n<p>\t<a href=\"https:\/\/actu.fr\/newsletter\" class=\"ac-btn ac-btn--corner ac-btn--medium ac-btn--blue800\" target=\"_blank\" rel=\"noopener\">S&rsquo;incrire<\/a><\/p>\n<p class=\" wall-content\">Avec Louielouie, elle compte \u00ab\u2009produire en petite quantit\u00e9\u2009\u00bb, \u00e0 raison de <strong>deux collections par an<\/strong>. \u00ab\u2009Il y aura un c\u00f4t\u00e9 exclusif avec des pi\u00e8ces en nombre limit\u00e9\u2009\u00bb, indique-t-elle. Mais le tout, en respectant une certaine \u00e9thique de la mode.<\/p>\n<p class=\" wall-content\">La \u00ab\u2009fast fashion\u2009\u00bb et le luxe\u2009? Tr\u00e8s peu pour elle. Toute la production est<strong> r\u00e9alis\u00e9e \u00e0 la main<\/strong>, \u00e0 partir de cuirs et \u00e9l\u00e9ments produits en France, dont la tra\u00e7abilit\u00e9 est v\u00e9rifi\u00e9e directement par la fondatrice de la marque.<\/p>\n<p>Inspir\u00e9e par la musique et l\u2019art<\/p>\n<p class=\" wall-content\">En plus du c\u00f4t\u00e9 \u00e9coresponsable de sa marque, Suzon veut y instiller sa passion pour la musique. Ses premi\u00e8res pi\u00e8ces sont directement inspir\u00e9es par sa culture musicale et l\u2019esth\u00e9tique de plusieurs genres comme <strong>le rock ou le punk<\/strong>.<\/p>\n<p class=\" wall-content\">Ses inspirations viennent aussi de deux courants artistiques majeurs\u2009: \u00ab\u2009Le surr\u00e9alisme et le modernisme.\u2009\u00bb Un style atypique qu\u2019elle compte conserver pour ses prochaines cr\u00e9ations.<\/p>\n<p>Vernissage et concept store en fin d\u2019ann\u00e9e<\/p>\n<p class=\" wall-content\">Le 13\u00a0novembre, la jeune rouennaise va lancer officiellement sa premi\u00e8re collection lors <strong>d\u2019un vernissage<\/strong> au Chien m\u00e9chant, un bar associatif o\u00f9 se c\u00f4toient de nombreux \u00e9v\u00e9nements culturels.<\/p>\n<p class=\" wall-content\">Dans la foul\u00e9e, les premiers sacs seront disponibles <strong>sur son site internet<\/strong>\u2009: wearlouielouie.com. Et en d\u00e9cembre, Suzon sera \u00e9galement pr\u00e9sente dans <strong>un concept store<\/strong> rue Malpalu aux c\u00f4t\u00e9s de sept autres cr\u00e9ateurs.<\/p>\n<p><strong>Infos pratiques<\/strong><br \/>Louilouie, haute maroquinerie Fran\u00e7aise de caract\u00e8re, lance sa collection au mois de novembre. Site internet (en cours de r\u00e9alisation)\u2009: wearlouielouie.com. Instagram\u2009: wearlouielouie.<\/p>\n<p class=\" wall-content\">Personnalisez votre actualit\u00e9 en ajoutant vos villes et m\u00e9dias en favori avec <a href=\"https:\/\/moncompte.actu.fr\" title=\"D\u00e9couvez Mon Actu\" rel=\"nofollow noopener\" data-trk=\"{&quot;cta&quot;:{&quot;action&quot;:&quot;https:\\\/\\\/moncompte.actu.fr&quot;,&quot;category&quot;:&quot;mon compte&quot;,&quot;from&quot;:&quot;article footer&quot;,&quot;name&quot;:&quot;Mon actu&quot;,&quot;type&quot;:&quot;cta&quot;}}\" target=\"_blank\">Mon Actu<\/a>.<\/p>\n","protected":false},"excerpt":{"rendered":"Par Yann Rivallan Publi\u00e9 le 14 oct. 2025 \u00e0 18h11 Elle est \u00ab\u2009tomb\u00e9e amoureuse du cuir\u2009\u00bb. Mod\u00e9liste \u00e0&hellip;\n","protected":false},"author":2,"featured_media":462807,"comment_status":"","ping_status":"","sticky":false,"template":"","format":"standard","meta":{"footnotes":""},"categories":[9587],"tags":[1111,11,1477,33,1777,674,1011,27,18007,12,5161,3887,25,9590],"class_list":{"0":"post-462806","1":"post","2":"type-post","3":"status-publish","4":"format-standard","5":"has-post-thumbnail","7":"category-rouen","8":"tag-actu","9":"tag-actualites","10":"tag-artisanat","11":"tag-economie","12":"tag-eu","13":"tag-europe","14":"tag-fr","15":"tag-france","16":"tag-maroquinerie","17":"tag-news","18":"tag-normandie","19":"tag-recyclage","20":"tag-republique-francaise","21":"tag-rouen"},"share_on_mastodon":{"url":"https:\/\/pubeurope.com\/@fr\/115373558602404448","error":""},"_links":{"self":[{"href":"https:\/\/www.europesays.com\/fr\/wp-json\/wp\/v2\/posts\/462806","targetHints":{"allow":["GET"]}}],"collection":[{"href":"https:\/\/www.europesays.com\/fr\/wp-json\/wp\/v2\/posts"}],"about":[{"href":"https:\/\/www.europesays.com\/fr\/wp-json\/wp\/v2\/types\/post"}],"author":[{"embeddable":true,"href":"https:\/\/www.europesays.com\/fr\/wp-json\/wp\/v2\/users\/2"}],"replies":[{"embeddable":true,"href":"https:\/\/www.europesays.com\/fr\/wp-json\/wp\/v2\/comments?post=462806"}],"version-history":[{"count":0,"href":"https:\/\/www.europesays.com\/fr\/wp-json\/wp\/v2\/posts\/462806\/revisions"}],"wp:featuredmedia":[{"embeddable":true,"href":"https:\/\/www.europesays.com\/fr\/wp-json\/wp\/v2\/media\/462807"}],"wp:attachment":[{"href":"https:\/\/www.europesays.com\/fr\/wp-json\/wp\/v2\/media?parent=462806"}],"wp:term":[{"taxonomy":"category","embeddable":true,"href":"https:\/\/www.europesays.com\/fr\/wp-json\/wp\/v2\/categories?post=462806"},{"taxonomy":"post_tag","embeddable":true,"href":"https:\/\/www.europesays.com\/fr\/wp-json\/wp\/v2\/tags?post=462806"}],"curies":[{"name":"wp","href":"https:\/\/api.w.org\/{rel}","templated":true}]}}