{"id":462815,"date":"2025-10-14T16:56:15","date_gmt":"2025-10-14T16:56:15","guid":{"rendered":"https:\/\/www.europesays.com\/fr\/462815\/"},"modified":"2025-10-14T16:56:15","modified_gmt":"2025-10-14T16:56:15","slug":"le-calendrier-est-confirme-voici-ce-quil-va-se-passer-a-present","status":"publish","type":"post","link":"https:\/\/www.europesays.com\/fr\/462815\/","title":{"rendered":"le calendrier est confirm\u00e9, voici ce qu&rsquo;il va se passer \u00e0 pr\u00e9sent"},"content":{"rendered":"<p>            Par<br \/>\n        <strong><br \/>\n            <a href=\"https:\/\/actu.fr\/auteur\/brian-legoff\" title=\"Consulter tous les articles de Brian Le Goff\" target=\"_blank\" rel=\"noopener\">Brian Le Goff<\/a><br \/>\n        <\/strong><\/p>\n<p>        Publi\u00e9 le<\/p>\n<p>            14 oct. 2025 \u00e0 18h16        <\/p>\n<p><strong>Cette fois, c\u2019est vraiment lanc\u00e9.<\/strong> \u00c0 Rennes, le <a href=\"https:\/\/actu.fr\/bretagne\/rennes_35238\/demolition-du-parking-vilaine-a-rennes-une-methode-impressionnante-pour-evacuer-les-gravats-on-vous-explique_62822003.html\" target=\"_blank\" rel=\"noopener\">parking Vilaine va \u00eatre d\u00e9construit<\/a> dans les prochains mois pour <a href=\"https:\/\/actu.fr\/bretagne\/rennes_35238\/video-beton-arme-fissures-qu-est-ce-qui-se-cache-sous-le-parking-vilaine-en-centre-ville-de-rennes_62740397.html\" target=\"_blank\" rel=\"noopener\">d\u00e9couvrir le fleuve de la Vilaine<\/a> qui passe en dessous. L\u2019installation du chantier a eu lieu tout le mois de septembre. Il y a quelques jours, la Ville de Rennes a confirm\u00e9 le calendrier. <strong>Voici les principales \u00e9tapes du chantier \u00e0 conna\u00eetre.<\/strong><\/p>\n<p class=\" wall-content\"><strong>Depuis le 13\u00a0octobre, le rabotage de l\u2019enrob\u00e9,<\/strong> soit la chauss\u00e9e en goudron de l\u2019ancien parking Vilaine, a d\u00e9but\u00e9. \u00ab\u2009Les d\u00e9blais seront achemin\u00e9s vers un centre de stockage, afin d\u2019\u00eatre valoris\u00e9s\u2009\u00bb, indique la Ville. Durant cette p\u00e9riode, <a href=\"https:\/\/actu.fr\/bretagne\/rennes_35238\/parking-vilaine-la-deconstruction-de-la-dalle-commence-ce-lundi-le-quai-duguay-trouin-ferme_63288043.html\" target=\"_blank\" rel=\"noopener\">le quai au nord du parking est ferm\u00e9<\/a>.<\/p>\n<p>Une grue install\u00e9e fin octobre<\/p>\n<p class=\" wall-content\">Dans la semaine du <strong>27\u00a0octobre, une grue sera install\u00e9e<\/strong> \u00e0 l\u2019extr\u00e9mit\u00e9 ouest du quai Duguay-Trouin, sur le haut de la place de Bretagne.<\/p>\n<blockquote class=\"ac-article-quote wall-content\">\n<p>Elle permettra d&rsquo;installer un portique de sout\u00e8nement pour des r\u00e9seaux de t\u00e9l\u00e9communication, qui sont aujourd&rsquo;hui attach\u00e9s sous la dalle Vilaine, sur sa partie ouest.<\/p>\n<p>    <strong>Ville de Rennes<\/strong>\n            <\/p><\/blockquote>\n<p class=\" wall-content\">La grue restera ensuite pour l\u2019\u00e9tape suivante. Vers le <strong>10\u00a0novembre, le sciage de la dalle<\/strong> du parking sera lanc\u00e9. Les <strong>premi\u00e8res \u00e9vacuations des gravats par voie fluviale<\/strong> auront lieu.<\/p>\n<p>Une premi\u00e8re ouverture de 20\u00a0m\u00e8tres de long<\/p>\n<p class=\" wall-content\">Ce sciage consistera \u00e0 r\u00e9aliser une premi\u00e8re ouverture dans la dalle d\u2019environ 20\u00a0m\u00e8tres de long. Cette <strong>op\u00e9ration doit durer trois semaines<\/strong>. \u00ab\u2009Les blocs de b\u00e9ton seront soulev\u00e9s par la grue puis d\u00e9pos\u00e9s sur des barges qui les \u00e9vacueront via la Vilaine, jusqu\u2019au site de l\u2019entreprise Charier, dans la zone d\u2019activit\u00e9s ouest, pr\u00e8s de la route de Lorient.\u2009\u00bb<\/p>\n<p>Votre r\u00e9gion, votre actu !<\/p>\n<p>Recevez chaque jour les infos qui comptent pour vous.<\/p>\n<p>\t<a href=\"https:\/\/actu.fr\/newsletter\" class=\"ac-btn ac-btn--corner ac-btn--medium ac-btn--blue800\" target=\"_blank\" rel=\"noopener\">S&rsquo;incrire<\/a><\/p>\n<blockquote class=\"ac-article-quote wall-content\">\n<p>Cette ouverture est n\u00e9cessaire pour faire descendre sur la Vilaine, gr\u00e2ce \u00e0 une grue, les pontons flottants et une pelle de d\u00e9construction de pr\u00e8s de 50 tonnes.<\/p>\n<p>    <strong>Ville de Rennes<\/strong>\n            <\/p><\/blockquote>\n<p>Le grutage de la pelle g\u00e9ante d\u00e9but d\u00e9cembre<\/p>\n<p class=\" wall-content\"><strong>L\u2019installation de la plateforme flottante et<\/strong> le grutage de la pelle sont pr\u00e9vus d\u00e9but d\u00e9cembre. La pelle entamera la d\u00e9construction de la dalle par <strong>\u00ab\u2009grignotage\u2009\u00bb progressif,<\/strong> effectu\u00e9 avec une pince hydraulique.<\/p>\n<p class=\" wall-content\">C\u2019est <strong>l\u2019\u00e9tape la plus longue du chantier<\/strong> de la d\u00e9construction des 250\u00a0m\u00e8tres restants du parking Vilaine. Elle doit durer <strong>cinq mois, jusqu\u2019en avril\u00a02026<\/strong>. Les 6\u2009000\u00a0tonnes de b\u00e9ton de la dalle seront \u00e9vacu\u00e9es par voie fluviale, jusqu\u2019au site de l\u2019entreprise Charier situ\u00e9 \u00e0 4\u00a0km en aval du fleuve.<\/p>\n<p>Un chantier global qui durera jusqu\u2019en 2028<\/p>\n<p class=\" wall-content\">Ainsi, si les d\u00e9lais sont respect\u00e9s, le parking Vilaine aura compl\u00e8tement <strong>disparu avant mai\u00a02026.<\/strong><\/p>\n<p class=\" wall-content\">Mais, ce ne sera pas la fin des travaux dans ce secteur. Ensuite, le<strong> renforcement de la dalle R\u00e9publique, l\u2019am\u00e9nagement des espaces publics et la construction des ouvrages<\/strong> sur et autour de la Vilaine s\u2019\u00e9taleront jusqu\u2019\u00e0 l\u2019\u00e9t\u00e9 2028.<\/p>\n<p class=\" wall-content\">Personnalisez votre actualit\u00e9 en ajoutant vos villes et m\u00e9dias en favori avec <a href=\"https:\/\/moncompte.actu.fr\" title=\"D\u00e9couvez Mon Actu\" rel=\"nofollow noopener\" data-trk=\"{&quot;cta&quot;:{&quot;action&quot;:&quot;https:\\\/\\\/moncompte.actu.fr&quot;,&quot;category&quot;:&quot;mon compte&quot;,&quot;from&quot;:&quot;article footer&quot;,&quot;name&quot;:&quot;Mon actu&quot;,&quot;type&quot;:&quot;cta&quot;}}\" target=\"_blank\">Mon Actu<\/a>.<\/p>\n","protected":false},"excerpt":{"rendered":"Par Brian Le Goff Publi\u00e9 le 14 oct. 2025 \u00e0 18h16 Cette fois, c\u2019est vraiment lanc\u00e9. \u00c0 Rennes,&hellip;\n","protected":false},"author":2,"featured_media":462816,"comment_status":"","ping_status":"","sticky":false,"template":"","format":"standard","meta":{"footnotes":""},"categories":[2821],"tags":[1111,11,829,3542,33,1777,674,1011,27,12,584,25,6173,7009],"class_list":{"0":"post-462815","1":"post","2":"type-post","3":"status-publish","4":"format-standard","5":"has-post-thumbnail","7":"category-rennes","8":"tag-actu","9":"tag-actualites","10":"tag-bretagne","11":"tag-circulation","12":"tag-economie","13":"tag-eu","14":"tag-europe","15":"tag-fr","16":"tag-france","17":"tag-news","18":"tag-rennes","19":"tag-republique-francaise","20":"tag-stationnement","21":"tag-vilaine"},"share_on_mastodon":{"url":"https:\/\/pubeurope.com\/@fr\/115373577615308577","error":""},"_links":{"self":[{"href":"https:\/\/www.europesays.com\/fr\/wp-json\/wp\/v2\/posts\/462815","targetHints":{"allow":["GET"]}}],"collection":[{"href":"https:\/\/www.europesays.com\/fr\/wp-json\/wp\/v2\/posts"}],"about":[{"href":"https:\/\/www.europesays.com\/fr\/wp-json\/wp\/v2\/types\/post"}],"author":[{"embeddable":true,"href":"https:\/\/www.europesays.com\/fr\/wp-json\/wp\/v2\/users\/2"}],"replies":[{"embeddable":true,"href":"https:\/\/www.europesays.com\/fr\/wp-json\/wp\/v2\/comments?post=462815"}],"version-history":[{"count":0,"href":"https:\/\/www.europesays.com\/fr\/wp-json\/wp\/v2\/posts\/462815\/revisions"}],"wp:featuredmedia":[{"embeddable":true,"href":"https:\/\/www.europesays.com\/fr\/wp-json\/wp\/v2\/media\/462816"}],"wp:attachment":[{"href":"https:\/\/www.europesays.com\/fr\/wp-json\/wp\/v2\/media?parent=462815"}],"wp:term":[{"taxonomy":"category","embeddable":true,"href":"https:\/\/www.europesays.com\/fr\/wp-json\/wp\/v2\/categories?post=462815"},{"taxonomy":"post_tag","embeddable":true,"href":"https:\/\/www.europesays.com\/fr\/wp-json\/wp\/v2\/tags?post=462815"}],"curies":[{"name":"wp","href":"https:\/\/api.w.org\/{rel}","templated":true}]}}