{"id":462817,"date":"2025-10-14T16:57:28","date_gmt":"2025-10-14T16:57:28","guid":{"rendered":"https:\/\/www.europesays.com\/fr\/462817\/"},"modified":"2025-10-14T16:57:28","modified_gmt":"2025-10-14T16:57:28","slug":"illkirch-graffenstaden-ferrandi-la-plus-huppee-des-ecoles-hotelieres-noue-un-partenariat-avec-le-centre-de-formation-des-apprentis-adrien-zeller","status":"publish","type":"post","link":"https:\/\/www.europesays.com\/fr\/462817\/","title":{"rendered":"Illkirch-Graffenstaden Ferrandi, la plus hupp\u00e9e des \u00e9coles h\u00f4teli\u00e8res, noue un partenariat avec le centre de formation des apprentis Adrien-Zeller"},"content":{"rendered":"<p class=\"insetTitle\">Position frontali\u00e8re et transition \u00e9cologique comme arguments de vente<\/p>\n<p>Apr\u00e8s Bordeaux, Rennes, Dijon et Strasbourg, Ferrandi cible Nice, en 2027. \u00ab\u00a0Apr\u00e8s, on s\u2019arr\u00eate\u00a0: on ne veut pas \u00eatre partout en France, mais l\u00e0 o\u00f9 \u00e7a a du sens, on doit pr\u00e9server la raret\u00e9\u00a0!\u00a0\u00bb, lance Thomas Allanic, le directeur g\u00e9n\u00e9ral \u2013 dont \u00e9cole d\u2019Al Ula, en Arabie saoudite, a accueilli sa premi\u00e8re promotion.<\/p>\n<p>Ferrandi souhaite drainer vers la capitale europ\u00e9enne \u00ab\u00a0des \u00e9l\u00e8ves allemands, luxembourgeois et suisses\u00a0\u00bb. Mais cette ouverture est surtout motiv\u00e9e \u00ab\u00a0par une demande en main-d\u2019\u0153uvre ultra-qualifi\u00e9e, dans une r\u00e9gion qui a une forte densit\u00e9 de restaurants \u00e9toil\u00e9s et de beaux h\u00f4tels\u00a0\u00bb, poursuit Thomas Allanic. Le CEFPPA, \u00ab\u00a0qui a une vraie expertise, une connexion avec les entreprises locales\u00a0\u00bb, permet \u00e0 l\u2019\u00e9cole parisienne \u00ab\u00a0de s\u2019inscrire dans l\u2019\u00e9cosyst\u00e8me existant et non en tant que concurrent.\u00a0\u00bb<\/p>\n<p>D\u2019ores et d\u00e9j\u00e0 Ferrandi fait la promotion de son \u00ab\u00a0nouveau campus\u00a0\u00bb strasbourgeois, sur son site et ses r\u00e9seaux sociaux\u00a0: une vid\u00e9o vante les infrastructures du CEFPPA et Strasbourg\u00a0: \u00ab\u00a0capitale europ\u00e9enne et internationale, voisine de l\u2019Allemagne\u00a0\u00bb, \u00ab\u00a0ville engag\u00e9e dans la transition \u00e9cologique\u00a0\u00bb, \u00ab\u00a0premi\u00e8re ville cyclable de France\u00a0\u00bb, \u00ab\u00a0premier r\u00e9seau de tram\u00a0\u00bb\u2026 Des arguments pour attirer les \u00e9tudiants que la municipalit\u00e9 \u00e9cologiste ne peut qu\u2019applaudir\u00a0!<\/p>\n","protected":false},"excerpt":{"rendered":"Position frontali\u00e8re et transition \u00e9cologique comme arguments de vente Apr\u00e8s Bordeaux, Rennes, Dijon et Strasbourg, Ferrandi cible Nice,&hellip;\n","protected":false},"author":2,"featured_media":462818,"comment_status":"","ping_status":"","sticky":false,"template":"","format":"standard","meta":{"footnotes":""},"categories":[2820],"tags":[1111,11,2389,2649,2880,1057,4854,1777,674,107,5016,1011,27,775,3088,12,25,640,3089],"class_list":{"0":"post-462817","1":"post","2":"type-post","3":"status-publish","4":"format-standard","5":"has-post-thumbnail","7":"category-strasbourg","8":"tag-actu","9":"tag-actualites","10":"tag-alsace","11":"tag-bas-rhin","12":"tag-edition-strasbourg","13":"tag-education","14":"tag-enseignement-superieur","15":"tag-eu","16":"tag-europe","17":"tag-fil-info","18":"tag-formation-orientation","19":"tag-fr","20":"tag-france","21":"tag-grand-est","22":"tag-illkirch-graffenstaden","23":"tag-news","24":"tag-republique-francaise","25":"tag-strasbourg","26":"tag-strasbourg-sud"},"share_on_mastodon":{"url":"https:\/\/pubeurope.com\/@fr\/115373581544659457","error":""},"_links":{"self":[{"href":"https:\/\/www.europesays.com\/fr\/wp-json\/wp\/v2\/posts\/462817","targetHints":{"allow":["GET"]}}],"collection":[{"href":"https:\/\/www.europesays.com\/fr\/wp-json\/wp\/v2\/posts"}],"about":[{"href":"https:\/\/www.europesays.com\/fr\/wp-json\/wp\/v2\/types\/post"}],"author":[{"embeddable":true,"href":"https:\/\/www.europesays.com\/fr\/wp-json\/wp\/v2\/users\/2"}],"replies":[{"embeddable":true,"href":"https:\/\/www.europesays.com\/fr\/wp-json\/wp\/v2\/comments?post=462817"}],"version-history":[{"count":0,"href":"https:\/\/www.europesays.com\/fr\/wp-json\/wp\/v2\/posts\/462817\/revisions"}],"wp:featuredmedia":[{"embeddable":true,"href":"https:\/\/www.europesays.com\/fr\/wp-json\/wp\/v2\/media\/462818"}],"wp:attachment":[{"href":"https:\/\/www.europesays.com\/fr\/wp-json\/wp\/v2\/media?parent=462817"}],"wp:term":[{"taxonomy":"category","embeddable":true,"href":"https:\/\/www.europesays.com\/fr\/wp-json\/wp\/v2\/categories?post=462817"},{"taxonomy":"post_tag","embeddable":true,"href":"https:\/\/www.europesays.com\/fr\/wp-json\/wp\/v2\/tags?post=462817"}],"curies":[{"name":"wp","href":"https:\/\/api.w.org\/{rel}","templated":true}]}}