{"id":462820,"date":"2025-10-14T16:59:12","date_gmt":"2025-10-14T16:59:12","guid":{"rendered":"https:\/\/www.europesays.com\/fr\/462820\/"},"modified":"2025-10-14T16:59:12","modified_gmt":"2025-10-14T16:59:12","slug":"le-maire-de-villefranche-sur-mer-christophe-trojani-annonce-etre-candidat-a-un-3e-mandat-en-2026","status":"publish","type":"post","link":"https:\/\/www.europesays.com\/fr\/462820\/","title":{"rendered":"le maire de Villefranche-sur-Mer, Christophe Trojani, annonce \u00eatre candidat \u00e0 un 3e mandat en 2026"},"content":{"rendered":"<p class=\"fs-5 \">Christophe Trojani fait peu de bruit. Un maire taiseux, qui p\u00e8se ses mots. Et qui rechigne \u00e0 rentrer, t\u00eate baiss\u00e9e, au c\u0153ur des temp\u00eates politiques\u2026 M\u00eame lorsque la bourrasque d\u00e9barque dans sa rade et que <a href=\"https:\/\/www.nicematin.com\/environnement\/je-n-ai-toujours-pas-echange-avec-lui-le-maire-de-villefranche-sur-mer-n-a-pas-ete-tenu-au-courant-par-christian-estrosi-de-l-interdiction-des-gros-bateaux-de-croisiere-sur-le-littoral-de-la-metropole-969685\" rel=\"nofollow noopener\" target=\"_blank\">Christian Estrosi joue les capitaines de croisi\u00e8re, le maire de Villefranche-sur-Mer garde son flegme<\/a>. \u00ab Je pense que le pr\u00e9sident de la M\u00e9tropole est mal conseill\u00e9 sur ce dossier. Sinon, il n\u2019aurait pas outrepass\u00e9 ses pr\u00e9rogatives(1) \u00bb, glisse-t-il sobrement.<\/p>\n<p class=\"fs-5 \"><strong>\u00c9lu en 2014 <\/strong>(54,75 % au second tour face \u00e0 Jean-Pierre Mangiapan), Christophe Trojani avait <strong>confirm\u00e9 l\u2019essai en 2020<\/strong>, d\u00e8s le premier tour cette fois (60,56 % des suffrages).<\/p>\n<p class=\"fs-5 \">Battu, <a href=\"https:\/\/www.nicematin.com\/societe\/politique\/mangiapan-2020-n-est-pas-la-revanche-de-2014-446172\" rel=\"nofollow noopener\" target=\"_blank\">Mangiapan <\/a>s\u2019\u00e9tait \u00ab retir\u00e9 de la vie politique \u00bb, jurant que le \u00ab combat politique local \u00e9tait termin\u00e9 \u00bb.<\/p>\n<p class=\"fs-5 \">Pour le moment, un seul candidat s\u2019est d\u00e9clar\u00e9 contre le sortant : Benjamin Bunger, 39 ans, qui souhaite \u00ab r\u00e9veiller un paradis endormi \u00bb.<\/p>\n<p class=\"fs-5 \"><strong>Vous repr\u00e9sentez-vous en mars ?<\/strong><\/p>\n<p class=\"fs-5 \">Oui, avec une \u00e9quipe \u00e0 50 % renouvel\u00e9e.<\/p>\n<p class=\"fs-5 \">Par la force des choses, puisque des \u00e9lus de votre majorit\u00e9 ont quitt\u00e9 le navire\u2026<\/p>\n<p class=\"fs-5 \">J\u2019avais propos\u00e9 \u00e0 tout le monde de continuer l\u2019aventure.<\/p>\n<p class=\"fs-5 \"><strong>Pourquoi ces cinq \u00e9lus ont d\u00e9cid\u00e9 de ne plus vous suivre ?<\/strong><\/p>\n<p class=\"fs-5 \">Il faut leur demander. Ce que je sais, c\u2019est que la m\u00e9thode m\u2019a d\u00e9\u00e7u. Quatre m\u2019ont envoy\u00e9 un courrier par huissier(2). La cinqui\u00e8me(3), par courrier aussi, a rejoint l\u2019opposition [Benjamin Bunger]. Ce que je sais aussi, c\u2019est que je suis d\u00e9\u00e7u parce que, pendant onze ans et demi, ils ont vot\u00e9 toutes les d\u00e9lib\u00e9rations sans jamais s\u2019opposer \u00e0 rien. Jamais la moindre critique. Alors j\u2019estime l\u00e9gitime d\u2019\u00eatre d\u00e9\u00e7u par la fa\u00e7on de faire\u2026 Parce qu\u2019en onze ans et demi, je n\u2019ai pas chang\u00e9 de valeurs, de m\u00e9thodes, d\u2019orientations. Et ces valeurs, ce sont l\u2019honn\u00eatet\u00e9, la transparence et l\u2019int\u00e9r\u00eat g\u00e9n\u00e9ral des Villefranchois. Par ailleurs, trois \u00e9lus d\u2019opposition ont rejoint la majorit\u00e9(4).<\/p>\n<p class=\"fs-5 \"><strong>Un dommage collat\u00e9ral de la guerre entre Christian Estrosi et \u00c9ric Ciotti ?<\/strong><\/p>\n<p class=\"fs-5 \">Que ce soit politique, je crois qu\u2019on peut le dire\u2026 Pourtant, je pense avoir d\u00e9montr\u00e9 que je suis un homme libre et que mon int\u00e9r\u00eat principal, c\u2019est de d\u00e9fendre ma ville. Dans cinq mois, il y a des \u00e9lections municipales et chaque commune doit avoir un maire ind\u00e9pendant. La M\u00e9tropole doit fonctionner de mani\u00e8re d\u00e9politis\u00e9e. Ce qui est s\u00fbr, c\u2019est que la politisation de la M\u00e9tropole entra\u00eene un clivage entre maires\u2026<\/p>\n<p class=\"fs-5 \"><strong>Vous vous \u00eates oppos\u00e9 \u00e0 Christian Estrosi \u00e0 de nombreuses reprises. Pensez-vous que cela ait un lien avec les remous au sein de votre majorit\u00e9 ?<\/strong><\/p>\n<p class=\"fs-5 \">Je ne suis pas candidat \u00e0 Nice, je ne vais pas me m\u00ealer des \u00e9lections \u00e0 Nice. J\u2019ose esp\u00e9rer que la r\u00e9ciproque est et sera vraie\u2026<\/p>\n<p class=\"fs-5 \"><strong>Un autre de vos colistiers, Robert Capelier, envisagerait de se pr\u00e9senter face \u00e0 vous ou de suivre Jean-Pierre Mangiapan, qui pourrait pr\u00e9senter une liste\u2026<\/strong><\/p>\n<p class=\"fs-5 \">(Rires) Robert Capelier a rendu ses d\u00e9l\u00e9gations\u2026 Pour le reste, je ne fais pas de commentaires. S\u2019ils veulent se pr\u00e9senter au suffrage, qu\u2019ils le fassent : c\u2019est la d\u00e9mocratie.<\/p>\n<p class=\"fs-5 \"><strong>Vendredi, vous \u00e9tiez \u00e0 une r\u00e9union en pr\u00e9fecture sur le dossier des croisi\u00e8res, l\u2019un de vos points de d\u00e9saccord avec le pr\u00e9sident de la M\u00e9tropole. Le pr\u00e9fet a livr\u00e9 sa feuille de routes pour r\u00e9guler le trafic au niveau d\u00e9partemental : 2 000 passagers en moyenne sur l\u2019ann\u00e9e, avec un plafond de 3 000 passagers par bateau. Votre r\u00e9action ?<\/strong><\/p>\n<p class=\"fs-5 \">Cela me convient parfaitement. Je suis enti\u00e8rement en phase avec le pr\u00e9fet et le pr\u00e9fet maritime. Il va nous envoyer son projet, \u00e0 nous de faire nos observations. Pour ma part, je vais demander qu\u2019il n\u2019y ait pas plus d\u2019un bateau par jour dans la rade. Et vous savez pourquoi ? Parce que parfois, il y en a deux, et c\u2019est la M\u00e9tropole qui fait les r\u00e9servations\u2026 Je suis \u00e9galement tr\u00e8s heureux que le pr\u00e9sident du conseil d\u00e9partemental, Charles Ange Gin\u00e9sy, soit sur la m\u00eame longueur d\u2019onde. Et je comprends et suis aussi en phase avec les dol\u00e9ances de David Lisnard, car lui fait face \u00e0 une forte augmentation des bateaux dans sa rade, avec, parfois, plusieurs navires par jour.<\/p>\n<p>            <img decoding=\"async\" src=\"https:\/\/www.europesays.com\/fr\/wp-content\/uploads\/2025\/10\/73a3e37_upload-from-url-1-aohxzi6sfdd1-data-art-16399912.jpg\" loading=\"lazy\" alt=\"Le mouillage du Voyager of the Seas en juillet dernier en rade de Villefranche-sur-Mer avait suscit\u00e9 la col\u00e8re de Christian Estrosi qui voulait bouter, sans arr\u00eat\u00e9 en sa possession, le navire de croisi\u00e8re hors de la rade de Villefranche-sur-Mer. \" class=\"img-fluid position-absolute w-100 object-fit-coverrounded-2\" width=\"600\" height=\"400\"\/><\/p>\n<p class=\"fs-5 \"><strong>Vous estimez qu\u2019\u00e0 Villefranche, l\u2019\u00e9quilibre en mati\u00e8re de croisi\u00e8res a \u00e9t\u00e9 trouv\u00e9 ?<\/strong><\/p>\n<p class=\"fs-5 \">Oui, un \u00e9quilibre entre d\u00e9veloppement \u00e9conomique et pr\u00e9servation de l\u2019environnement. Nous avons fait une tr\u00e8s belle saison touristique. En 2025, 80 bateaux ont \u00e9t\u00e9 accueillis. En 2026, ce sera pareil. Dans les ann\u00e9es 2010, on pouvait aller jusqu\u2019\u00e0 200 bateaux.<\/p>\n<p class=\"fs-5 \"><strong>Et la pollution ?<\/strong><\/p>\n<p class=\"fs-5 \">Certains citoyens se sont \u00e9quip\u00e9s de capteurs, gr\u00e2ce \u00e0 AtmoSud &#8211; et on ne peut pas dire qu\u2019ils sont en faveur des bateaux de croisi\u00e8re. Les r\u00e9sultats provisoires depuis cet \u00e9t\u00e9 [Nice-Matin du 8 octobre] montrent que les capteurs n\u2019ont d\u00e9tect\u00e9 aucune pollution aux particules fines \u00e0 Villefranche.<\/p>\n<p class=\"fs-5 \"><strong>Vos opposants vous reprochent un manque de dynamisme de la commune. Notamment une baisse de la population\u2026<\/strong><\/p>\n<p class=\"fs-5 \">Entre 1990 et 2014, Villefranche a perdu 2 500 habitants. Entre 2014 et 2025, 400. Je n\u2019ai jamais cach\u00e9 le probl\u00e8me. Nous avons un probl\u00e8me majeur : la chert\u00e9 et la raret\u00e9 du foncier et l\u2019augmentation du nombre de locations saisonni\u00e8res. C\u2019est pour cela que j\u2019ai r\u00e9glement\u00e9 en limitant \u00e0 un logement par foyer fiscal pour six ans, non renouvelable. Cela va porter ses fruits. En revanche, la ville est tr\u00e8s dynamique, notamment au plan culturel, touristique, associatif et sportif. Il n\u2019y a que ceux qui ne participent pas \u00e0 nos \u00e9v\u00e8nements qui peuvent en douter\u2026<\/p>\n<p class=\"fs-5 \"><strong>O\u00f9 en est-on du parking de l\u2019Octroi, qui devait \u00eatre financ\u00e9 \u00e0 hauteur de 4 millions d\u2019euros par la M\u00e9tropole ?<\/strong><\/p>\n<p class=\"fs-5 \">Toujours rien ! La M\u00e9tropole s\u2019\u00e9tait engag\u00e9e, nous n\u2019avons toujours pas re\u00e7u l\u2019argent. Donc on va le faire nous-m\u00eames, ce parking ! Et, bien entendu, on r\u00e9clamera notre d\u00fb \u00e0 la M\u00e9tropole\u2026<\/p>\n<p class=\"fs-5 \"><strong>La commune en a les moyens ?<\/strong><\/p>\n<p class=\"fs-5 \">En 2014, la dette \u00e9tait d\u2019environ 1 000 euros par habitant. Elle est d\u2019un peu plus de 600 euros par habitant aujourd\u2019hui. On a moins de 3 millions d\u2019euros de dette. Notre capacit\u00e9 de d\u00e9sendettement est seulement d\u2019un an (5). C\u2019est un tr\u00e8s beau bilan !<\/p>\n<p class=\"fs-5 \"><strong>O\u00f9 en est le projet de spa ?<\/strong><\/p>\n<p class=\"fs-5 \">On a choisi un groupe breton, le groupe Giboire. Le permis a \u00e9t\u00e9 d\u00e9pos\u00e9 le 31 mars. Il est toujours \u00e0 l\u2019instruction, l\u2019architecte des b\u00e2timents de France a fait des remarques\u2026 C\u2019est un projet important pour la commune, un h\u00f4tel 5-\u00e9toiles, un spa de 1 800 m2 et une centaine d\u2019emplois pour les Villefranchois \u00e0 la cl\u00e9. En plus, la vente va nous rapporter 10,7 millions d\u2019euros.<\/p>\n<p class=\"fs-5 \"><strong>C\u2019est long pour une instruction ?<\/strong><\/p>\n<p class=\"fs-5 \">Oui. D\u2019habitude, on est sur cinq mois, l\u00e0 ce sera plut\u00f4t huit. Dans tous les cas, je ne signerai ce permis que s\u2019il est en faveur des int\u00e9r\u00eats de la commune.<\/p>\n<p class=\"fs-5 \">1. Christian Estrosi avait tent\u00e9 de faire d\u00e9guerpir un bateau de croisi\u00e8re en se pr\u00e9sentant au capitaine sur la base d\u2019un arr\u00eat\u00e9\u2026 qui n\u2019existait pas.<\/p>\n<p class=\"fs-5 \">2. Jo\u00eblle Bravetti, Robert Bojanovich, Monica Laugier et Sonia Portes.<\/p>\n<p class=\"fs-5 \">3. Gis\u00e8le Amadeo.<\/p>\n<p class=\"fs-5 \">4. Gis\u00e8le Marchessou, Alain Curti et Xavier Lagache.<\/p>\n<p class=\"fs-5 \">5. C\u2019est effectivement tr\u00e8s peu. Le seuil de vigilance se situe autour de dix ans, le seuil d\u2019alerte, douze ans.<\/p>\n","protected":false},"excerpt":{"rendered":"Christophe Trojani fait peu de bruit. Un maire taiseux, qui p\u00e8se ses mots. Et qui rechigne \u00e0 rentrer,&hellip;\n","protected":false},"author":2,"featured_media":462821,"comment_status":"","ping_status":"","sticky":false,"template":"","format":"standard","meta":{"footnotes":""},"categories":[2819],"tags":[1111,11,1777,674,1011,27,3434,12,2401,882,25],"class_list":{"0":"post-462820","1":"post","2":"type-post","3":"status-publish","4":"format-standard","5":"has-post-thumbnail","7":"category-nice","8":"tag-actu","9":"tag-actualites","10":"tag-eu","11":"tag-europe","12":"tag-fr","13":"tag-france","14":"tag-municipales-2026","15":"tag-news","16":"tag-nice","17":"tag-provence-alpes-cote-dazur","18":"tag-republique-francaise"},"share_on_mastodon":{"url":"https:\/\/pubeurope.com\/@fr\/115373590121836473","error":""},"_links":{"self":[{"href":"https:\/\/www.europesays.com\/fr\/wp-json\/wp\/v2\/posts\/462820","targetHints":{"allow":["GET"]}}],"collection":[{"href":"https:\/\/www.europesays.com\/fr\/wp-json\/wp\/v2\/posts"}],"about":[{"href":"https:\/\/www.europesays.com\/fr\/wp-json\/wp\/v2\/types\/post"}],"author":[{"embeddable":true,"href":"https:\/\/www.europesays.com\/fr\/wp-json\/wp\/v2\/users\/2"}],"replies":[{"embeddable":true,"href":"https:\/\/www.europesays.com\/fr\/wp-json\/wp\/v2\/comments?post=462820"}],"version-history":[{"count":0,"href":"https:\/\/www.europesays.com\/fr\/wp-json\/wp\/v2\/posts\/462820\/revisions"}],"wp:featuredmedia":[{"embeddable":true,"href":"https:\/\/www.europesays.com\/fr\/wp-json\/wp\/v2\/media\/462821"}],"wp:attachment":[{"href":"https:\/\/www.europesays.com\/fr\/wp-json\/wp\/v2\/media?parent=462820"}],"wp:term":[{"taxonomy":"category","embeddable":true,"href":"https:\/\/www.europesays.com\/fr\/wp-json\/wp\/v2\/categories?post=462820"},{"taxonomy":"post_tag","embeddable":true,"href":"https:\/\/www.europesays.com\/fr\/wp-json\/wp\/v2\/tags?post=462820"}],"curies":[{"name":"wp","href":"https:\/\/api.w.org\/{rel}","templated":true}]}}