{"id":462824,"date":"2025-10-14T17:01:45","date_gmt":"2025-10-14T17:01:45","guid":{"rendered":"https:\/\/www.europesays.com\/fr\/462824\/"},"modified":"2025-10-14T17:01:45","modified_gmt":"2025-10-14T17:01:45","slug":"emploi-dans-laeronautique-350-profils-meme-debutants-sont-recherches-en-loire-atlantique","status":"publish","type":"post","link":"https:\/\/www.europesays.com\/fr\/462824\/","title":{"rendered":"Emploi dans l\u2019a\u00e9ronautique : 350 profils, m\u00eame d\u00e9butants, sont recherch\u00e9s en Loire-Atlantique"},"content":{"rendered":"<p>Adecco recrute 350 profils en Loire-Atlantique, pour r\u00e9pondre \u00e0 une demande de grande ampleur d\u2019Airbus Atlantic, acteur industriel de r\u00e9f\u00e9rence pr\u00e9sent sur cinq sites dans le d\u00e9partement. Ces recrutements concernent des postes en production, montage et assemblage sur l\u2019ensemble des sites d\u2019Airbus Atlantic en Loire-Atlantique.<\/p>\n<p><a href=\"https:\/\/saint-nazaire.maville.com\/actu\/actudet_--c-est-le-couteau-suisse-de-l-air-visite-a-bord-de-l-a400m-avant-le-meeting-de-pornichet-_8-6944240_actu.Htm\" target=\"_blank\" rel=\"nofollow noopener\">LIRE AUSSI. \u00ab C\u2019est le couteau suisse de l\u2019air \u00bb : visite \u00e0 bord de l\u2019A400M avant le meeting de Pornichet<\/a><\/p>\n<p>Informations pratiques<\/p>\n<p>Tous les postes sont ouverts aux profils d\u00e9butants dans l\u2019a\u00e9ronautique, disposant d\u2019une exp\u00e9rience industrielle. Contrats propos\u00e9 : int\u00e9rim, CDI int\u00e9rimaire. Lieux : Montoir-de-Bretagne, Saint-Nazaire, Malville, Carquefou, Nantes. Les candidats peuvent d\u00e9poser leur CV en ligne sur<a href=\"https:\/\/www.adecco.fr\/\" target=\"_blank\" rel=\"nofollow noopener\"> www.adecco.fr<\/a> ou se rendre directement dans les agences Adecco de la r\u00e9gion.<\/p>\n<p>Opportunit\u00e9<\/p>\n<p>Le secteur a\u00e9ronautique continue de proposer de tr\u00e8s belles perspectives de recrutements pour les mois et les ann\u00e9es \u00e0 venir. Gr\u00e2ce aux formations que nous proposons, nous pouvons rapidement int\u00e9grer des candidats issus d\u2019autres secteurs industriels. C\u2019est une vraie opportunit\u00e9 pour celles et ceux qui veulent changer de voie : ils peuvent rejoindre des leaders industriels comme Airbus Atlantic et se former directement sur leur lieu de travail, explique Gwena\u00eblle Laborde, Responsable du d\u00e9veloppement des activit\u00e9s A\u00e9ronautiques chez Adecco.<\/p>\n<p>\u00a0<\/p>\n","protected":false},"excerpt":{"rendered":"Adecco recrute 350 profils en Loire-Atlantique, pour r\u00e9pondre \u00e0 une demande de grande ampleur d\u2019Airbus Atlantic, acteur industriel&hellip;\n","protected":false},"author":2,"featured_media":462825,"comment_status":"","ping_status":"","sticky":false,"template":"","format":"standard","meta":{"footnotes":""},"categories":[2818],"tags":[21726,1111,11,296,58689,341,1777,674,1011,27,3047,3133,766,12,2636,10484,10468,25],"class_list":{"0":"post-462824","1":"post","2":"type-post","3":"status-publish","4":"format-standard","5":"has-post-thumbnail","7":"category-nantes","8":"tag-21726","9":"tag-actu","10":"tag-actualites","11":"tag-aeronautique","12":"tag-debutants","13":"tag-emploi","14":"tag-eu","15":"tag-europe","16":"tag-fr","17":"tag-france","18":"tag-loire-atlantique","19":"tag-meme","20":"tag-nantes","21":"tag-news","22":"tag-pays-de-la-loire","23":"tag-profils","24":"tag-recherches","25":"tag-republique-francaise"},"share_on_mastodon":{"url":"https:\/\/pubeurope.com\/@fr\/115373597368141645","error":""},"_links":{"self":[{"href":"https:\/\/www.europesays.com\/fr\/wp-json\/wp\/v2\/posts\/462824","targetHints":{"allow":["GET"]}}],"collection":[{"href":"https:\/\/www.europesays.com\/fr\/wp-json\/wp\/v2\/posts"}],"about":[{"href":"https:\/\/www.europesays.com\/fr\/wp-json\/wp\/v2\/types\/post"}],"author":[{"embeddable":true,"href":"https:\/\/www.europesays.com\/fr\/wp-json\/wp\/v2\/users\/2"}],"replies":[{"embeddable":true,"href":"https:\/\/www.europesays.com\/fr\/wp-json\/wp\/v2\/comments?post=462824"}],"version-history":[{"count":0,"href":"https:\/\/www.europesays.com\/fr\/wp-json\/wp\/v2\/posts\/462824\/revisions"}],"wp:featuredmedia":[{"embeddable":true,"href":"https:\/\/www.europesays.com\/fr\/wp-json\/wp\/v2\/media\/462825"}],"wp:attachment":[{"href":"https:\/\/www.europesays.com\/fr\/wp-json\/wp\/v2\/media?parent=462824"}],"wp:term":[{"taxonomy":"category","embeddable":true,"href":"https:\/\/www.europesays.com\/fr\/wp-json\/wp\/v2\/categories?post=462824"},{"taxonomy":"post_tag","embeddable":true,"href":"https:\/\/www.europesays.com\/fr\/wp-json\/wp\/v2\/tags?post=462824"}],"curies":[{"name":"wp","href":"https:\/\/api.w.org\/{rel}","templated":true}]}}