{"id":462844,"date":"2025-10-14T17:11:10","date_gmt":"2025-10-14T17:11:10","guid":{"rendered":"https:\/\/www.europesays.com\/fr\/462844\/"},"modified":"2025-10-14T17:11:10","modified_gmt":"2025-10-14T17:11:10","slug":"des-velos-electriques-pour-les-aides-a-domicile-la-metropole-de-lyon-debloque-300-000-euros","status":"publish","type":"post","link":"https:\/\/www.europesays.com\/fr\/462844\/","title":{"rendered":"Des v\u00e9los \u00e9lectriques pour les aides \u00e0 domicile ? La M\u00e9tropole de Lyon d\u00e9bloque 300 000 euros"},"content":{"rendered":"<p itemprop=\"description\"><strong>Infirmi\u00e8res, artisans, aides \u00e0 domicile&#8230;<\/strong><\/p>\n<p>De nombreux m\u00e9tiers ont vu leur quotidien boulevers\u00e9 par les chantiers et projets initi\u00e9s par la M\u00e9tropole de Lyon. La ZFE, mais aussi les changements de circulation dans certains quartiers compliquent les missions de certains professionnels.<\/p>\n<p>La M\u00e9tropole de Lyon annonce avoir adopt\u00e9 une d\u00e9lib\u00e9ration pour faciliter les d\u00e9placements des aides \u00e0 domicile, un m\u00e9tier essentiel au maintien \u00e0 domicile des personnes \u00e2g\u00e9es et en situation de handicap. Cette d\u00e9cision, valid\u00e9e lundi, s\u2019inscrit dans le cadre de la loi du 8 avril 2024 sur le bien-vieillir et l\u2019autonomie.<\/p>\n<p>Gr\u00e2ce \u00e0 une aide de 539 545 euros de la Caisse nationale de solidarit\u00e9 pour l\u2019autonomie (CNSA), le dispositif permettra de financer l\u2019achat de v\u00e9hicules \u00e0 faibles \u00e9missions et de v\u00e9los \u00e0 assistance \u00e9lectrique.<\/p>\n<p>Sur cette enveloppe, 300 000 euros seront consacr\u00e9s \u00e0 la mobilit\u00e9 propre, tandis que 239 545 euros financeront des temps d\u2019\u00e9changes et de partage de pratiques professionnelles.<\/p>\n<p>\u00ab\u00a0Cette d\u00e9lib\u00e9ration permet la mise en oeuvre locale du dispositif national, qui vise \u00e0 am\u00e9liorer les conditions d\u2019exercice des professionnels de l\u2019aide \u00e0 domicile et le bon accompagnement des personnes \u00e2g\u00e9es et handicap\u00e9es vivant chez elles sur le territoire m\u00e9tropolitain\u00a0\u00bb, se f\u00e9licite la collectivit\u00e9.<\/p>\n","protected":false},"excerpt":{"rendered":"Infirmi\u00e8res, artisans, aides \u00e0 domicile&#8230; De nombreux m\u00e9tiers ont vu leur quotidien boulevers\u00e9 par les chantiers et projets&hellip;\n","protected":false},"author":2,"featured_media":462845,"comment_status":"","ping_status":"","sticky":false,"template":"","format":"standard","meta":{"footnotes":""},"categories":[1889],"tags":[1111,11,2813,2190,2430,1109,251,1112,2811,1777,674,118,1011,27,1922,1110,1114,2428,2810,12,241,316,25,2812,517,800],"class_list":{"0":"post-462844","1":"post","2":"type-post","3":"status-publish","4":"format-standard","5":"has-post-thumbnail","7":"category-lyon","8":"tag-actu","9":"tag-actualites","10":"tag-article","11":"tag-asvel","12":"tag-auvergne-rhone-alpes","13":"tag-breves","14":"tag-culture","15":"tag-depeches","16":"tag-economique","17":"tag-eu","18":"tag-europe","19":"tag-faits-divers","20":"tag-fr","21":"tag-france","22":"tag-info","23":"tag-informations","24":"tag-infos","25":"tag-lyon","26":"tag-lyonmag","27":"tag-news","28":"tag-ol","29":"tag-politique","30":"tag-republique-francaise","31":"tag-sociale","32":"tag-sport","33":"tag-transports"},"share_on_mastodon":{"url":"https:\/\/pubeurope.com\/@fr\/115373636645047373","error":""},"_links":{"self":[{"href":"https:\/\/www.europesays.com\/fr\/wp-json\/wp\/v2\/posts\/462844","targetHints":{"allow":["GET"]}}],"collection":[{"href":"https:\/\/www.europesays.com\/fr\/wp-json\/wp\/v2\/posts"}],"about":[{"href":"https:\/\/www.europesays.com\/fr\/wp-json\/wp\/v2\/types\/post"}],"author":[{"embeddable":true,"href":"https:\/\/www.europesays.com\/fr\/wp-json\/wp\/v2\/users\/2"}],"replies":[{"embeddable":true,"href":"https:\/\/www.europesays.com\/fr\/wp-json\/wp\/v2\/comments?post=462844"}],"version-history":[{"count":0,"href":"https:\/\/www.europesays.com\/fr\/wp-json\/wp\/v2\/posts\/462844\/revisions"}],"wp:featuredmedia":[{"embeddable":true,"href":"https:\/\/www.europesays.com\/fr\/wp-json\/wp\/v2\/media\/462845"}],"wp:attachment":[{"href":"https:\/\/www.europesays.com\/fr\/wp-json\/wp\/v2\/media?parent=462844"}],"wp:term":[{"taxonomy":"category","embeddable":true,"href":"https:\/\/www.europesays.com\/fr\/wp-json\/wp\/v2\/categories?post=462844"},{"taxonomy":"post_tag","embeddable":true,"href":"https:\/\/www.europesays.com\/fr\/wp-json\/wp\/v2\/tags?post=462844"}],"curies":[{"name":"wp","href":"https:\/\/api.w.org\/{rel}","templated":true}]}}